{"id":51224,"date":"2012-03-18T00:04:03","date_gmt":"2012-03-17T23:04:03","guid":{"rendered":"http:\/\/kulturbloggen.com\/?p=51224"},"modified":"2012-03-18T14:17:20","modified_gmt":"2012-03-18T13:17:20","slug":"ingen-gata-varfor-m-valjare-flyr-till-s","status":"publish","type":"post","link":"https:\/\/kulturbloggen.com\/?p=51224","title":{"rendered":"Ingen g\u00e5ta varf\u00f6r M-v\u00e4ljare flyr till S"},"content":{"rendered":"<p>\u00c4nnu en v\u00e4ljarunders\u00f6kning visar att opinionen sv\u00e4nger och Moderaterna och deras regeringskamrater f\u00f6rlorar v\u00e4ljarst\u00f6d medan de r\u00f6dgr\u00f6na och i synnerhet Socialdemokraterna g\u00e5r fram\u00e5t. Den nyaste visar till och med att de r\u00f6dgr\u00f6na har egen majoritet. <a href=\"http:\/\/www.aftonbladet.se\/nyheter\/article14540915.ab\">Aftonbladet:<\/a><br \/>\n<em>M-v\u00e4ljarna flyr till Socialdemokraterna som rekord\u00f6kar tv\u00e5 m\u00e5nader i rad.<br \/>\nNu har S \u00f6kat med ytterligare 4,5 procentenheter, visar <a href=\"http:\/\/www.svd.se\/nyheter\/inrikes\/rodgron-majoritet-s-storsta-parti_6933177.svd\">SvD\/Sifos v\u00e4ljarbarometer<\/a> f\u00f6r mars.<br \/>\nSossarnas framg\u00e5ng ger dessutom de r\u00f6dgr\u00f6na egen majoritet om det var val i dag.<\/em><\/p>\n<p>Socialdemokraterna har \u00f6kat med 9,1 procentenheter i SvD\/Sifos v\u00e4ljarbarometer. Marsm\u00e4tningen visar att de r\u00f6dgr\u00f6na har en egen majoritet med 50,1 procent av v\u00e4ljarst\u00f6det.<br \/>\nAlliansen har 43 procent och Sverigedemokraterna med 5,2 procent f\u00f6rlorar sin v\u00e5gm\u00e4starroll, skriver Svenska Dagbladet.<\/p>\n<p>En opinionsunders\u00f6kning \u00e4r trots allt bara en opinionsunders\u00f6kning och det \u00e4r l\u00e5ngt kvar till den enda opinionsunders\u00f6kning som r\u00e4knas: valet 2014.<\/p>\n<p>Men vad jag skrattade n\u00e4r jag l\u00e4ste det h\u00e4r, <a href=\"http:\/\/www.dn.se\/nyheter\/politik\/rodgron-majoritet--s-storsta-parti\">Ur DN:<\/a><br \/>\n<em>Statsvetaren Jonas Hinnfors f\u00f6rklaring \u00e4r att Stefan L\u00f6ven ser ut att f\u00f6ra partiet mot mitten.<br \/>\n\u2013 Han \u00e4r k\u00e4rnkraftsv\u00e4n och s\u00e5 snart han valts kom S \u00f6verens med regeringen om europakten, s\u00e4ger han.<\/em><\/p>\n<p>Undrar vilken v\u00e4rld den statsvetaren lever i?<br \/>\nAnledningen till att v\u00e4ljare \u00f6verger Moderaterna m\u00e5ste rimligen ha helt andra sk\u00e4l \u00e4n att v\u00e4ljarna upplever Stefan L\u00f6fven som h\u00f6german.<\/p>\n<p>Det b\u00f6rjar bli mycket som belastar h\u00f6gerregeringen:<\/p>\n<p>1. Arbetsl\u00f6sheten har inte minskat under Moderaternas epok. Tv\u00e4rtom.<br \/>\n2. Bostadsbristen har inte p\u00e5 n\u00e5got s\u00e4tt blivit b\u00e4ttre.<br \/>\n3. Det hemska att sv\u00e5rt sjuka blir av med sjukpengen och tvingas s\u00f6ka jobb. I ett uppm\u00e4rksammat fall till och med tvingas s\u00f6ka jobb liggande p\u00e5 en b\u00e5r.<br \/>\n4. Skandaler som att minister Kristerson struntar i riksdagens beslut och \u00e4nd\u00e5 inte genomf\u00f6r vad som beslutat i demokratisk ordning<br \/>\n5. Inf\u00f6randet av den ena \u00f6vervakningslagen efter den andra (att S inte varit helt tydlig i den fr\u00e5gan spelar ingen roll, det \u00e4r den moderatstyrda regeringen som inf\u00f6rt lagarna, det \u00e4r vad som r\u00e4knas)<br \/>\n6. Den ena rapporten efter den andra visar att den svenska skolan blir allt s\u00e4mre och det visar att minister Bj\u00f6rklunds h\u00e5rdf\u00f6ra metod med att ta bort studiest\u00f6d f\u00f6r ungdomar som av olika sk\u00e4l inte orkar g\u00e5 till skolan, inte fungerar.<br \/>\n7. <a href=\"http:\/\/www.svd.se\/nyheter\/inrikes\/borg-kritiserar-egna-politiken_6932643.svd\">Ungdomsarbetsl\u00f6sheten \u00e4r f\u00f6rf\u00e4rande stor.<\/a><br \/>\n8. Klyftorna har \u00f6kat, de fattiga har blivit fattigare.<br \/>\n9. Barnfattigdomen<br \/>\n10. Ers\u00e4ttningen i a-kassan \u00e4r l\u00e5g och m\u00e5nga har inte ens l\u00e4ngre a-kassa utan tvingas g\u00e5 till socialen n\u00e4r de drabbats av arbetsl\u00f6shet<br \/>\n11. \u00c5ldersdiskrimineringen har inte gjorts n\u00e5got \u00e5t, m\u00e4nniskor \u00f6ver 50 sorteras bort<br \/>\n12. Reinfeldts utspel om pensions\u00e5ldern<br \/>\n13. Caremaskandalen<br \/>\n14. Bristen p\u00e5 ungdomsg\u00e5rdar<br \/>\n15. Utrikesmnister Bildt och hans t\u00e4ta f\u00f6rbindelser med oljef\u00f6retaget Lundin och det hemska folkmord som p\u00e5g\u00e5tt i Sudan p\u00e5 grund av oljef\u00e4lten.<\/p>\n<p>M\u00e4nniskor har helt enkelt tr\u00f6ttnat p\u00e5 den f\u00f6rda politiken och inser vad den har f\u00f6r konsekvenser i m\u00e4nniskornas vardagsliv. V\u00e4ljarna vill inte l\u00e4ngre ha ett s\u00e5dant hj\u00e4rtl\u00f6st samh\u00e4lle.<\/p>\n<p>F\u00f6r att vara \u00e4rlig har ju inte den r\u00f6dgr\u00f6na sidan egentligen \u00e4nnu redovisar vad det r\u00f6dgr\u00f6na alternativet konkret inneb\u00e4r. V\u00e4ljarna \u00e4r nog helt enkelt s\u00e5 tr\u00f6tta p\u00e5 det som sker och den utveckling av samh\u00e4llet som skett de senaste sex \u00e5ren. De v\u00e4ljer mer bort M med v\u00e4nner \u00e4n att de v\u00e4ljer r\u00f6dgr\u00f6nt. Det \u00e4r en utmaning nu f\u00f6r de tre r\u00f6dgr\u00f6na partierna att ta fram konkreta f\u00f6rslag som \u00e4r trov\u00e4rdiga. Jobbet har bara b\u00f6rjat. Problemen \u00e4r stora och det \u00e4r upp till bevis f\u00f6r den r\u00f6dgr\u00f6na sidan att visa att de har trov\u00e4rdiga alternativa metoder. F\u00f6r gudarnas ska veta att samh\u00e4llet beh\u00f6ver det.<\/p>\n<p>Uppdatering:<br \/>\nFler som kommenterat v\u00e4ljarunders\u00f6kningen: <a href=\"http:\/\/hogbergstankar.blogspot.se\/2012\/03\/we-are-world-we-are-s.html\">Peter H\u00f6gberg<\/a> och <a href=\"http:\/\/nissemalaren.wordpress.com\/2012\/03\/18\/vad-ar-lofven-effekten\/\">Nisse Lindblom<\/a> och <a href=\"http:\/\/martinmobergsblogg.blogspot.se\/2012\/03\/nu-sa-gar-det-upp-i-rask-takt-men-pass.html\">Martin Moberg<\/a>.<\/p>\n<p>Relaterat: <a href=\"http:\/\/www.gp.se\/ekonomi\/1.890834-borg-kritiserar-egna-politiken\">G\u00f6teborgsposten<\/a>, <a href=\"http:\/\/svt.se\/2.22620\/1.2746095\/borg_bara_vi_klarar_arbetslosheten\">SVT Nyheter<\/a>, <a href=\"http:\/\/svt.se\/2.22620\/1.2746242\/mork_bild_av_laget_for_ungdomarna\">SVT2<\/a> och <a href=\"http:\/\/www.expressen.se\/nyheter\/nu-ar-det-lofven-som-leder\/\">Expressen<\/a>.<\/p>\n<p>L\u00e4s \u00e4ven andra bloggares \u00e5sikter om <a href=\"http:\/\/bloggar.se\/om\/Sifo\" rel=\"tag\">Sifo<\/a>, <a href=\"http:\/\/bloggar.se\/om\/v%E4ljarunders%F6kning\" rel=\"tag\">v\u00e4ljarunders\u00f6kning<\/a>, <a href=\"http:\/\/bloggar.se\/om\/samh%E4lle\" rel=\"tag\">samh\u00e4lle<\/a>, <a href=\"http:\/\/bloggar.se\/om\/Reinfeldt\" rel=\"tag\">Reinfeldt<\/a>, <a href=\"http:\/\/bloggar.se\/om\/moderaternam+Stefan+L%F6fven\" rel=\"tag\">moderaternam Stefan L\u00f6fven<\/a><\/p>\n","protected":false},"excerpt":{"rendered":"<p>\u00c4nnu en v\u00e4ljarunders\u00f6kning visar att opinionen sv\u00e4nger och Moderaterna och deras regeringskamrater f\u00f6rlorar v\u00e4ljarst\u00f6d medan de r\u00f6dgr\u00f6na och i synnerhet Socialdemokraterna g\u00e5r fram\u00e5t. Den nyaste visar till och med att de r\u00f6dgr\u00f6na har egen majoritet. Aftonbladet: M-v\u00e4ljarna flyr till Socialdemokraterna som rekord\u00f6kar tv\u00e5 m\u00e5nader i rad. Nu har S \u00f6kat med ytterligare 4,5 procentenheter, visar [&hellip;]<\/p>\n","protected":false},"author":2,"featured_media":51225,"comment_status":"open","ping_status":"open","sticky":false,"template":"","format":"standard","meta":{"_genesis_hide_title":false,"_genesis_hide_breadcrumbs":false,"_genesis_hide_singular_image":false,"_genesis_hide_footer_widgets":false,"_genesis_custom_body_class":"","_genesis_custom_post_class":"","_genesis_layout":"","footnotes":""},"categories":[44],"tags":[4693,4917,5056,6307],"class_list":{"0":"post-51224","1":"post","2":"type-post","3":"status-publish","4":"format-standard","5":"has-post-thumbnail","7":"category-chadie","8":"tag-reinfeldt","9":"tag-samhalle","10":"tag-sifo","11":"tag-valjarundersokning","12":"entry"},"_links":{"self":[{"href":"https:\/\/kulturbloggen.com\/index.php?rest_route=\/wp\/v2\/posts\/51224","targetHints":{"allow":["GET"]}}],"collection":[{"href":"https:\/\/kulturbloggen.com\/index.php?rest_route=\/wp\/v2\/posts"}],"about":[{"href":"https:\/\/kulturbloggen.com\/index.php?rest_route=\/wp\/v2\/types\/post"}],"author":[{"embeddable":true,"href":"https:\/\/kulturbloggen.com\/index.php?rest_route=\/wp\/v2\/users\/2"}],"replies":[{"embeddable":true,"href":"https:\/\/kulturbloggen.com\/index.php?rest_route=%2Fwp%2Fv2%2Fcomments&post=51224"}],"version-history":[{"count":5,"href":"https:\/\/kulturbloggen.com\/index.php?rest_route=\/wp\/v2\/posts\/51224\/revisions"}],"predecessor-version":[{"id":51256,"href":"https:\/\/kulturbloggen.com\/index.php?rest_route=\/wp\/v2\/posts\/51224\/revisions\/51256"}],"wp:featuredmedia":[{"embeddable":true,"href":"https:\/\/kulturbloggen.com\/index.php?rest_route=\/wp\/v2\/media\/51225"}],"wp:attachment":[{"href":"https:\/\/kulturbloggen.com\/index.php?rest_route=%2Fwp%2Fv2%2Fmedia&parent=51224"}],"wp:term":[{"taxonomy":"category","embeddable":true,"href":"https:\/\/kulturbloggen.com\/index.php?rest_route=%2Fwp%2Fv2%2Fcategories&post=51224"},{"taxonomy":"post_tag","embeddable":true,"href":"https:\/\/kulturbloggen.com\/index.php?rest_route=%2Fwp%2Fv2%2Ftags&post=51224"}],"curies":[{"name":"wp","href":"https:\/\/api.w.org\/{rel}","templated":true}]}}