{"id":51007,"date":"2012-03-16T01:07:14","date_gmt":"2012-03-16T00:07:14","guid":{"rendered":"http:\/\/kulturbloggen.com\/?p=51007"},"modified":"2012-03-16T01:07:14","modified_gmt":"2012-03-16T00:07:14","slug":"videopremiar-the-horrors-changing-the-rain","status":"publish","type":"post","link":"https:\/\/kulturbloggen.com\/?p=51007","title":{"rendered":"Videopremi\u00e4r: The Horrors &#8211; Changing the Rain"},"content":{"rendered":"<p>F\u00f6r alla som missat The Horrors tecknade psychedelica till musikvideo kan ni se den l\u00e4ngst ner i inl\u00e4gget. Det r\u00f6r sig om bandets senaste singel <em>Changing the Rain<\/em>, plockad fr\u00e5n deras tredje album <em>Skying<\/em> som sl\u00e4pptes f\u00f6rra \u00e5ret (och om du missade v\u00e5r intervju med bandets s\u00e5ngare Faris Badwan kan du l\u00e4sa den <a href=\"http:\/\/kulturbloggen.com\/?p=44083\">h\u00e4r<\/a>).<\/p>\n<p><iframe loading=\"lazy\" width=\"560\" height=\"315\" src=\"http:\/\/www.youtube.com\/embed\/r_asON44jWg\" frameborder=\"0\" allowfullscreen><\/iframe><\/p>\n","protected":false},"excerpt":{"rendered":"<p>F\u00f6r alla som missat The Horrors tecknade psychedelica till musikvideo kan ni se den l\u00e4ngst ner i inl\u00e4gget. Det r\u00f6r sig om bandets senaste singel Changing the Rain, plockad fr\u00e5n deras tredje album Skying som sl\u00e4pptes f\u00f6rra \u00e5ret (och om du missade v\u00e5r intervju med bandets s\u00e5ngare Faris Badwan kan du l\u00e4sa den h\u00e4r).<\/p>\n","protected":false},"author":3,"featured_media":51008,"comment_status":"open","ping_status":"open","sticky":false,"template":"","format":"standard","meta":{"_genesis_hide_title":false,"_genesis_hide_breadcrumbs":false,"_genesis_hide_singular_image":false,"_genesis_hide_footer_widgets":false,"_genesis_custom_body_class":"","_genesis_custom_post_class":"","_genesis_layout":"","footnotes":""},"categories":[7],"tags":[7553,5756],"class_list":["post-51007","post","type-post","status-publish","format-standard","has-post-thumbnail","category-musik","tag-changing-the-rain","tag-the-horrors","entry"],"_links":{"self":[{"href":"https:\/\/kulturbloggen.com\/index.php?rest_route=\/wp\/v2\/posts\/51007","targetHints":{"allow":["GET"]}}],"collection":[{"href":"https:\/\/kulturbloggen.com\/index.php?rest_route=\/wp\/v2\/posts"}],"about":[{"href":"https:\/\/kulturbloggen.com\/index.php?rest_route=\/wp\/v2\/types\/post"}],"author":[{"embeddable":true,"href":"https:\/\/kulturbloggen.com\/index.php?rest_route=\/wp\/v2\/users\/3"}],"replies":[{"embeddable":true,"href":"https:\/\/kulturbloggen.com\/index.php?rest_route=%2Fwp%2Fv2%2Fcomments&post=51007"}],"version-history":[{"count":1,"href":"https:\/\/kulturbloggen.com\/index.php?rest_route=\/wp\/v2\/posts\/51007\/revisions"}],"predecessor-version":[{"id":51009,"href":"https:\/\/kulturbloggen.com\/index.php?rest_route=\/wp\/v2\/posts\/51007\/revisions\/51009"}],"wp:featuredmedia":[{"embeddable":true,"href":"https:\/\/kulturbloggen.com\/index.php?rest_route=\/wp\/v2\/media\/51008"}],"wp:attachment":[{"href":"https:\/\/kulturbloggen.com\/index.php?rest_route=%2Fwp%2Fv2%2Fmedia&parent=51007"}],"wp:term":[{"taxonomy":"category","embeddable":true,"href":"https:\/\/kulturbloggen.com\/index.php?rest_route=%2Fwp%2Fv2%2Fcategories&post=51007"},{"taxonomy":"post_tag","embeddable":true,"href":"https:\/\/kulturbloggen.com\/index.php?rest_route=%2Fwp%2Fv2%2Ftags&post=51007"}],"curies":[{"name":"wp","href":"https:\/\/api.w.org\/{rel}","templated":true}]}}