{"id":50881,"date":"2012-03-14T21:28:58","date_gmt":"2012-03-14T20:28:58","guid":{"rendered":"http:\/\/kulturbloggen.com\/?p=50881"},"modified":"2012-03-14T21:28:58","modified_gmt":"2012-03-14T20:28:58","slug":"fira-earth-hour-pa-filadelfiakyrkan","status":"publish","type":"post","link":"https:\/\/kulturbloggen.com\/?p=50881","title":{"rendered":"Fira Earth Hour p\u00e5 Filadelfiakyrkan"},"content":{"rendered":"<p><strong>L\u00f6rdagen den 31 mars anordnar WWF, med st\u00f6d av Luger, nedsl\u00e4ckningskonserten Earth Hour Show f\u00f6r fj\u00e4rde \u00e5ret i rad. I \u00e5r \u00e4ger den rum i Filadelfiakyrkan i Stockholm och g\u00e4stas av bland andra Moneybrother, Danny Saucedo, Loreen och Kajsa Grytt. Evenemanget \u00e4r \u00f6ppet f\u00f6r alla, har fri entr\u00e9 och \u00f6ppnar sina d\u00f6rrar kl 19:30.<\/strong><\/p>\n<p>Earth Hour Show \u00e4r tv\u00e5 timmar f\u00f6r gemenskap och samling d\u00e4r WWF, Luger och n\u00e5gra av Sveriges b\u00e4sta artister bjuder alla Stockholmare p\u00e5 gratis nedsl\u00e4ckningskonsert. Alla artister st\u00e4ller upp f\u00f6r klimatet och spelar utan ers\u00e4ttning. Musikaliskt kommer det att finnas n\u00e5got f\u00f6r alla och levande ljus lyser upp i m\u00f6rkret.<\/p>\n<p><strong>Artisterna:<\/strong><br \/>\nMoneybrother, Danny Saucedo, Loreen, Kajsa Grytt, Adam Tensta, Daniel Norgren och Tensta Gospel Choir<\/p>\n<p><strong>Var:<\/strong><br \/>\nFiladelfiakyrkan i Stockholm, R\u00f6rstrandsgatan 5, T-bana S:t Eriksplan<\/p>\n<p><strong>N\u00e4r:<\/strong><br \/>\nL\u00f6rdagen 31 mars. D\u00f6rrarna \u00f6ppnar kl 19:30 och showen startar kl 20:00.<\/p>\n<p><strong>Entr\u00e9:<\/strong><br \/>\nEvenemanget \u00e4r \u00f6ppet f\u00f6r alla. Fri entr\u00e9.<\/p>\n","protected":false},"excerpt":{"rendered":"<p>L\u00f6rdagen den 31 mars anordnar WWF, med st\u00f6d av Luger, nedsl\u00e4ckningskonserten Earth Hour Show f\u00f6r fj\u00e4rde \u00e5ret i rad. I \u00e5r \u00e4ger den rum i Filadelfiakyrkan i Stockholm och g\u00e4stas av bland andra Moneybrother, Danny Saucedo, Loreen och Kajsa Grytt. Evenemanget \u00e4r \u00f6ppet f\u00f6r alla, har fri entr\u00e9 och \u00f6ppnar sina d\u00f6rrar kl 19:30. Earth [&hellip;]<\/p>\n","protected":false},"author":3,"featured_media":50882,"comment_status":"open","ping_status":"open","sticky":false,"template":"","format":"standard","meta":{"_genesis_hide_title":false,"_genesis_hide_breadcrumbs":false,"_genesis_hide_singular_image":false,"_genesis_hide_footer_widgets":false,"_genesis_custom_body_class":"","_genesis_custom_post_class":"","_genesis_layout":"","footnotes":""},"categories":[7],"tags":[1434,1704,7119,3767],"class_list":{"0":"post-50881","1":"post","2":"type-post","3":"status-publish","4":"format-standard","5":"has-post-thumbnail","7":"category-musik","8":"tag-earth-hour","9":"tag-filadelfiakyrkan","10":"tag-loreen","11":"tag-moneybrother","12":"entry"},"_links":{"self":[{"href":"https:\/\/kulturbloggen.com\/index.php?rest_route=\/wp\/v2\/posts\/50881","targetHints":{"allow":["GET"]}}],"collection":[{"href":"https:\/\/kulturbloggen.com\/index.php?rest_route=\/wp\/v2\/posts"}],"about":[{"href":"https:\/\/kulturbloggen.com\/index.php?rest_route=\/wp\/v2\/types\/post"}],"author":[{"embeddable":true,"href":"https:\/\/kulturbloggen.com\/index.php?rest_route=\/wp\/v2\/users\/3"}],"replies":[{"embeddable":true,"href":"https:\/\/kulturbloggen.com\/index.php?rest_route=%2Fwp%2Fv2%2Fcomments&post=50881"}],"version-history":[{"count":1,"href":"https:\/\/kulturbloggen.com\/index.php?rest_route=\/wp\/v2\/posts\/50881\/revisions"}],"predecessor-version":[{"id":50883,"href":"https:\/\/kulturbloggen.com\/index.php?rest_route=\/wp\/v2\/posts\/50881\/revisions\/50883"}],"wp:featuredmedia":[{"embeddable":true,"href":"https:\/\/kulturbloggen.com\/index.php?rest_route=\/wp\/v2\/media\/50882"}],"wp:attachment":[{"href":"https:\/\/kulturbloggen.com\/index.php?rest_route=%2Fwp%2Fv2%2Fmedia&parent=50881"}],"wp:term":[{"taxonomy":"category","embeddable":true,"href":"https:\/\/kulturbloggen.com\/index.php?rest_route=%2Fwp%2Fv2%2Fcategories&post=50881"},{"taxonomy":"post_tag","embeddable":true,"href":"https:\/\/kulturbloggen.com\/index.php?rest_route=%2Fwp%2Fv2%2Ftags&post=50881"}],"curies":[{"name":"wp","href":"https:\/\/api.w.org\/{rel}","templated":true}]}}