{"id":508,"date":"2008-07-10T18:52:01","date_gmt":"2008-07-10T18:52:01","guid":{"rendered":"http:\/\/kulturbloggen.com\/?p=508"},"modified":"2008-07-10T18:52:01","modified_gmt":"2008-07-10T18:52:01","slug":"bloggflagga-i-appletradgarden-filmen-fran-bloggpicknicken","status":"publish","type":"post","link":"https:\/\/kulturbloggen.com\/?p=508","title":{"rendered":"Bloggflagga i \u00e4ppletr\u00e4dg\u00e5rden, filmen fr\u00e5n bloggpicknicken"},"content":{"rendered":"<p><a href='http:\/\/sodergren.com\/kulturbloggen\/wp-content\/uploads\/2008\/07\/bloggpicknick300.jpg'><img loading=\"lazy\" decoding=\"async\" src=\"http:\/\/sodergren.com\/kulturbloggen\/wp-content\/uploads\/2008\/07\/bloggpicknick300.jpg\" alt=\"\" title=\"bloggpicknick300\" width=\"300\" height=\"175\" class=\"alignright size-full wp-image-506\" \/><\/a><\/p>\n<p>Trevligt som alltid n\u00e4r <a href=\"http:\/\/traffas.blogspot.com\/2008\/06\/picknick-10-juli-p-rosendal.html\">bloggare tr\u00e4ffas<\/a> och babblade och diskuterade gjorde vi om vart annat om det mesta. Jag har varit p\u00e5 bloggpicknick i \u00e4ppletr\u00e4dg\u00e5rden i Rosendals tr\u00e4dg\u00e5rd p\u00e5 Djurg\u00e5rden i Stockholm. Det var f\u00f6rsta g\u00e5ngen jag var d\u00e4r och det var en trevlig upplevelse. Rosendals tr\u00e4dg\u00e5rd \u00e4r ju ett perfekt utflyktsm\u00e5l och picknickst\u00e4lle. D\u00e4r fanns till och med sm\u00e5bord man kunde l\u00e5na om man ville sitte p\u00e5 gr\u00e4smattan och ha ett l\u00e5gt bord.<\/p>\n<p>Och tur hade vi, regnet kom inte f\u00f6rr\u00e4n det var dags att dra. Ett par skulle vidare till <a href=\"http:\/\/traffas.blogspot.com\/2008\/07\/burkbytartrff-p-matlabbet-10-juli.html\">burkbytartr\u00e4ff<\/a>. Ty\u00e4vrr hade jag inte sj\u00e4lv tid till tid.<\/p>\n<p>H\u00e4r \u00e4r en liten film d\u00e4r n\u00e5gra bloggare p\u00e5 picknicken f\u00e5r presentera sig:<\/p>\n<p><embed src=\"http:\/\/www.youtube.com\/v\/S8TZg5h6Sgc\" type=\"application\/x-shockwave-flash\" width=\"425\" height=\"350\"> <\/embed><\/p>\n<p> L\u00e4nkar till de bloggare som var d\u00e4r, f\u00f6rutom jag sj\u00e4lv:<br \/>\n<a href=\"http:\/\/www.lotten.se\/\">Lotten<\/a>, <a href=\"http:\/\/traffas.blogspot.com\/2008\/06\/picknick-10-juli-p-rosendal.html\">Johnny<\/a>, <a href=\"http:\/\/www.annikabryn.blogs.se\/\">Annica<\/a> och <a href=\"http:\/\/annatoss.blogspot.com\/\">Anna<\/a>.<\/p>\n<p><a href=\"http:\/\/www.flickr.com\/photos\/chadie\/sets\/72157606088302600\">Mina bilder d\u00e4rifr\u00e5n finns h\u00e4r.<\/a><\/p>\n<p>Och h\u00e4r \u00e4r n\u00e5gra bilder ocks\u00e5. Det \u00e4r v\u00e4ldigt fint d\u00e4r i Rosendals tr\u00e4dg\u00e5rd och det tyckte den h\u00e4r j\u00e4ttestora truten ocks\u00e5, kanske \u00e4r det en bloggtrut?<br \/>\nFlaggan \u00e4r bloggflaggan, om du ser en s\u00e5dan i en \u00e4ppletr\u00e4dg\u00e5rd, d\u00e5 vet du att det finns bloggare i n\u00e4rheten.<\/p>\n<p><a href='http:\/\/sodergren.com\/kulturbloggen\/wp-content\/uploads\/2008\/07\/bloggtruten1_400.jpg'><img loading=\"lazy\" decoding=\"async\" src=\"http:\/\/sodergren.com\/kulturbloggen\/wp-content\/uploads\/2008\/07\/bloggtruten1_400.jpg\" alt=\"\" title=\"bloggtruten1_400\" width=\"400\" height=\"300\" class=\"aligncenter size-full wp-image-503\" \/><\/a><\/p>\n<p><a href='http:\/\/sodergren.com\/kulturbloggen\/wp-content\/uploads\/2008\/07\/bloggtruten2_400.jpg'><img loading=\"lazy\" decoding=\"async\" src=\"http:\/\/sodergren.com\/kulturbloggen\/wp-content\/uploads\/2008\/07\/bloggtruten2_400.jpg\" alt=\"\" title=\"bloggtruten2_400\" width=\"400\" height=\"300\" class=\"aligncenter size-full wp-image-504\" \/><\/a><\/p>\n<p><a href='http:\/\/sodergren.com\/kulturbloggen\/wp-content\/uploads\/2008\/07\/bloggflagga400.jpg'><img loading=\"lazy\" decoding=\"async\" src=\"http:\/\/sodergren.com\/kulturbloggen\/wp-content\/uploads\/2008\/07\/bloggflagga400.jpg\" alt=\"\" title=\"bloggflagga400\" width=\"400\" height=\"300\" class=\"aligncenter size-full wp-image-505\" \/><\/a><\/p>\n<p>Andra bloggar om: <a href=\"http:\/\/bloggar.se\/om\/bloggtr%E4ff\" rel=\"tag\">bloggtr\u00e4ff<\/a>, <a href=\"http:\/\/bloggar.se\/om\/bloggar\" rel=\"tag\">bloggar<\/a>, <a href=\"http:\/\/bloggar.se\/om\/vlog\" rel=\"tag\">vlog<\/a>, <a href=\"http:\/\/bloggar.se\/om\/Stockholm\" rel=\"tag\">Stockholm<\/a>, <a href=\"http:\/\/bloggar.se\/om\/bloggpicknick\" rel=\"tag\">bloggpicknick<\/a>, <a href=\"http:\/\/bloggar.se\/om\/videoblogg\" rel=\"tag\">videoblogg<\/a>, <a href=\"http:\/\/bloggar.se\/om\/bilder\" rel=\"tag\">bilder<\/a>, <a href=\"http:\/\/bloggar.se\/om\/flickr\" rel=\"tag\">flickr<\/a>, <a href=\"http:\/\/bloggar.se\/om\/%E4ppletr%E4dg%E5rd\" rel=\"tag\">\u00e4ppletr\u00e4dg\u00e5rd<\/a>, <a href=\"http:\/\/bloggar.se\/om\/Djurg%E5rden\" rel=\"tag\">Djurg\u00e5rden<\/a><\/p>\n","protected":false},"excerpt":{"rendered":"<p>Trevligt som alltid n\u00e4r bloggare tr\u00e4ffas och babblade och diskuterade gjorde vi om vart annat om det mesta. Jag har varit p\u00e5 bloggpicknick i \u00e4ppletr\u00e4dg\u00e5rden i Rosendals tr\u00e4dg\u00e5rd p\u00e5 Djurg\u00e5rden i Stockholm. Det var f\u00f6rsta g\u00e5ngen jag var d\u00e4r och det var en trevlig upplevelse. Rosendals tr\u00e4dg\u00e5rd \u00e4r ju ett perfekt utflyktsm\u00e5l och picknickst\u00e4lle. D\u00e4r [&hellip;]<\/p>\n","protected":false},"author":2,"featured_media":0,"comment_status":"open","ping_status":"open","sticky":false,"template":"","format":"standard","meta":{"_genesis_hide_title":false,"_genesis_hide_breadcrumbs":false,"_genesis_hide_singular_image":false,"_genesis_hide_footer_widgets":false,"_genesis_custom_body_class":"","_genesis_custom_post_class":"","_genesis_layout":"","footnotes":""},"categories":[20],"tags":[720,740,4839,5400,6230],"class_list":{"0":"post-508","1":"post","2":"type-post","3":"status-publish","4":"format-standard","6":"category-film","7":"tag-bloggare","8":"tag-bloggtraff","9":"tag-rosen","10":"tag-stockholm","11":"tag-video","12":"entry"},"_links":{"self":[{"href":"https:\/\/kulturbloggen.com\/index.php?rest_route=\/wp\/v2\/posts\/508","targetHints":{"allow":["GET"]}}],"collection":[{"href":"https:\/\/kulturbloggen.com\/index.php?rest_route=\/wp\/v2\/posts"}],"about":[{"href":"https:\/\/kulturbloggen.com\/index.php?rest_route=\/wp\/v2\/types\/post"}],"author":[{"embeddable":true,"href":"https:\/\/kulturbloggen.com\/index.php?rest_route=\/wp\/v2\/users\/2"}],"replies":[{"embeddable":true,"href":"https:\/\/kulturbloggen.com\/index.php?rest_route=%2Fwp%2Fv2%2Fcomments&post=508"}],"version-history":[{"count":0,"href":"https:\/\/kulturbloggen.com\/index.php?rest_route=\/wp\/v2\/posts\/508\/revisions"}],"wp:attachment":[{"href":"https:\/\/kulturbloggen.com\/index.php?rest_route=%2Fwp%2Fv2%2Fmedia&parent=508"}],"wp:term":[{"taxonomy":"category","embeddable":true,"href":"https:\/\/kulturbloggen.com\/index.php?rest_route=%2Fwp%2Fv2%2Fcategories&post=508"},{"taxonomy":"post_tag","embeddable":true,"href":"https:\/\/kulturbloggen.com\/index.php?rest_route=%2Fwp%2Fv2%2Ftags&post=508"}],"curies":[{"name":"wp","href":"https:\/\/api.w.org\/{rel}","templated":true}]}}