{"id":50732,"date":"2012-03-12T19:56:31","date_gmt":"2012-03-12T18:56:31","guid":{"rendered":"http:\/\/kulturbloggen.com\/?p=50732"},"modified":"2012-03-12T20:02:51","modified_gmt":"2012-03-12T19:02:51","slug":"12-mars-varldsdagen-mot-internetcensur-varning-for-att-facebook-censurerar","status":"publish","type":"post","link":"https:\/\/kulturbloggen.com\/?p=50732","title":{"rendered":"12 mars &#8211; V\u00e4rldsdagen mot internetcensur &#8211; varning f\u00f6r att Facebook censurerar"},"content":{"rendered":"<p>Internetcensur \u00e4r f\u00f6rst\u00e5s ett hot mot yttrandefrihet och mot demokrati.<\/p>\n<p>N\u00e4r detta skrivs \u00e4r det den 12 mars som utropats till v\u00e4rldsdagen mot internetcensur. Tycker har det inte riktigt m\u00e4rkts s\u00e4rskilt mycket. <\/p>\n<p>Kulturnyheterna \u00e4r en av de f\u00e5 som tog upp det. D\u00e4r var en intervju med bloggaren Lina Beh Mhenni som i <a href=\"http:\/\/atunisiangirl.blogspot.com\/\">bloggen Tunisian girl<\/a> bloggat mycket kring kampen f\u00f6r m\u00e4nskliga r\u00e4ttigheter i Tunisien. Hon ber\u00e4ttade att de traditionella medierna \u00e4r helt statskontrollerade, s\u00e5 enda s\u00e4ttet att f\u00e5 ut fri information om situationen var med bloggar och sociala medier.<\/p>\n<p>Hon varnade f\u00f6r Facebook \u00f6vertygad om att Facebook censurerar inneh\u00e5ll. Hon var ganska besviken p\u00e5 Facebook.<\/p>\n<p>Reportrar utan gr\u00e4nser har uppm\u00e4rksammat V\u00e4rldsdagen mot internetcensur genom att sl\u00e4ppa sina listor \u00f6ver vilka l\u00e4nder som klassas som fiender till det fria internet.<\/p>\n<p><a href=\"http:\/\/www.reportrarutangranser.se\/artikelarkiv\/78-arkiv\/926-vaerldsdagen-mot-internetcensur\">Fr\u00e5n Reportrar utan gr\u00e4nser:<\/a><\/p>\n<blockquote><p>Tv\u00e5 l\u00e4nder, Bahrain och Vitryssland har g\u00e5tt fr\u00e5n att vara l\u00e4nder under \u00f6vervakning till att klassas som fiender till Internet. Venezuela och Libyen har strukits fr\u00e5n \u201dL\u00e4nder under \u00f6vervakning\u201d medan Indien och Kazakstan har blivit tillagda.<br \/>\n&#8230;<br \/>\nTv\u00e5 nya l\u00e4nder \u00e4r fiender till Internet \u2013 Bahrain och Vitryssland.<br \/>\nBahrain och Vitryssland \u00e4r tillsammans med Nordkorea, Burma, Kina, Kuba, Iran, Saudarabien, Syrien, Turkmenistan, Uzbekistan och Vietnam i kategorin Internets fiender.<br \/>\nDet l\u00e4nderna har gemensamt \u00e4r att de ofta filtrerar information, blockerar hemsidor, sp\u00e5rar internetanv\u00e4ndare och sprider propaganda online. <\/p><\/blockquote>\n<p>Vitryssland, ja det \u00e4r inte direkt ett land d\u00e4r den politiska ledningen gillar yttrandefrihet. Idag greps ett svenskt tv-team som arbetade p\u00e5 uppdrag av Sveriges Television av polis i Vitrysslands huvudstad Minsk, <a href=\"http:\/\/svt.se\/2.27170\/1.2740278\/svenska_reportrar_greps_i_minsk\">ber\u00e4ttar Kulturnyheterna:<br \/>\n<\/a><\/p>\n<blockquote><p>Efter en timme sl\u00e4pptes SVT-teamet, som bestod av tre svenskar och en vitrysk medhj\u00e4lpare.<br \/>\n&#8211; De \u00e4r lyckligtvis utsl\u00e4ppta och har f\u00e5tt med sig sin utrustning, s\u00e4ger Helga Baag\u00f6e, SVT:s kommunikationsdirekt\u00f6r.<br \/>\nInga uppgifter finns om att n\u00e5gon har skadats fysiskt. Baag\u00f6e uppger att teamet arbetade \u00e5t &#8221;Uppdrag granskning&#8221;.<\/p><\/blockquote>\n<p>Ett land som inte heller st\u00e5r upp f\u00f6r de m\u00e4nskliga r\u00e4ttigheterna \u00e4r Azerbajdzjan d\u00e4r finalen av Eurovision Song Contest i h\u00e5lls i slutet av maj. Amnesty h\u00e5ller nu p\u00e5 att kontakta alla t\u00e4vlande f\u00f6r att de ska veta vad det \u00e4r som sker i landet de ska \u00e5ka till. <a href=\"http:\/\/svt.se\/2.27170\/1.2740011\/amnesty_vadjar_till_esc-artisterna\">Ur Kulturnyheterna<\/a>:<\/p>\n<blockquote><p>I ett brev som ska skickas ut till alla t\u00e4vlande artister i \u00e5rets ESC, inklusive Loreen Talhaoui, informerar Amnesty om n\u00e5gra av de oroande h\u00e4ndelser som har skett i v\u00e4rdlandet de senaste \u00e5ren.<br \/>\nAmnesty skriver bland annat om inl\u00e5sta, skjutna och misshandlade aktivister, journalister och m\u00e4nniskor\u00e4ttsk\u00e4mpar som har stoppats f\u00f6r att de sagt eller skrivit n\u00e5got som kritiserar landets regim.<\/p><\/blockquote>\n<p>L\u00e4s \u00e4ven andra bloggares \u00e5sikter om <a href=\"http:\/\/bloggar.se\/om\/censur\" rel=\"tag\">censur<\/a>, <a href=\"http:\/\/bloggar.se\/om\/internetcensur\" rel=\"tag\">internetcensur<\/a>, <a href=\"http:\/\/bloggar.se\/om\/m%E4nskliga+r%E4ttigheter\" rel=\"tag\">m\u00e4nskliga r\u00e4ttigheter<\/a>, <a href=\"http:\/\/bloggar.se\/om\/sociala+medier\" rel=\"tag\">sociala medier<\/a><\/p>\n","protected":false},"excerpt":{"rendered":"<p>Internetcensur \u00e4r f\u00f6rst\u00e5s ett hot mot yttrandefrihet och mot demokrati. N\u00e4r detta skrivs \u00e4r det den 12 mars som utropats till v\u00e4rldsdagen mot internetcensur. Tycker har det inte riktigt m\u00e4rkts s\u00e4rskilt mycket. Kulturnyheterna \u00e4r en av de f\u00e5 som tog upp det. D\u00e4r var en intervju med bloggaren Lina Beh Mhenni som i bloggen Tunisian [&hellip;]<\/p>\n","protected":false},"author":2,"featured_media":50735,"comment_status":"open","ping_status":"open","sticky":false,"template":"","format":"standard","meta":{"_genesis_hide_title":false,"_genesis_hide_breadcrumbs":false,"_genesis_hide_singular_image":false,"_genesis_hide_footer_widgets":false,"_genesis_custom_body_class":"","_genesis_custom_post_class":"","_genesis_layout":"","footnotes":""},"categories":[62],"tags":[960,7511,3897,5225],"class_list":{"0":"post-50732","1":"post","2":"type-post","3":"status-publish","4":"format-standard","5":"has-post-thumbnail","7":"category-medie-och-kulturpolitik","8":"tag-censur","9":"tag-internetcensur","10":"tag-manskliga-rattigheter","11":"tag-sociala-medier","12":"entry"},"_links":{"self":[{"href":"https:\/\/kulturbloggen.com\/index.php?rest_route=\/wp\/v2\/posts\/50732","targetHints":{"allow":["GET"]}}],"collection":[{"href":"https:\/\/kulturbloggen.com\/index.php?rest_route=\/wp\/v2\/posts"}],"about":[{"href":"https:\/\/kulturbloggen.com\/index.php?rest_route=\/wp\/v2\/types\/post"}],"author":[{"embeddable":true,"href":"https:\/\/kulturbloggen.com\/index.php?rest_route=\/wp\/v2\/users\/2"}],"replies":[{"embeddable":true,"href":"https:\/\/kulturbloggen.com\/index.php?rest_route=%2Fwp%2Fv2%2Fcomments&post=50732"}],"version-history":[{"count":4,"href":"https:\/\/kulturbloggen.com\/index.php?rest_route=\/wp\/v2\/posts\/50732\/revisions"}],"predecessor-version":[{"id":50737,"href":"https:\/\/kulturbloggen.com\/index.php?rest_route=\/wp\/v2\/posts\/50732\/revisions\/50737"}],"wp:featuredmedia":[{"embeddable":true,"href":"https:\/\/kulturbloggen.com\/index.php?rest_route=\/wp\/v2\/media\/50735"}],"wp:attachment":[{"href":"https:\/\/kulturbloggen.com\/index.php?rest_route=%2Fwp%2Fv2%2Fmedia&parent=50732"}],"wp:term":[{"taxonomy":"category","embeddable":true,"href":"https:\/\/kulturbloggen.com\/index.php?rest_route=%2Fwp%2Fv2%2Fcategories&post=50732"},{"taxonomy":"post_tag","embeddable":true,"href":"https:\/\/kulturbloggen.com\/index.php?rest_route=%2Fwp%2Fv2%2Ftags&post=50732"}],"curies":[{"name":"wp","href":"https:\/\/api.w.org\/{rel}","templated":true}]}}