{"id":50659,"date":"2012-03-11T21:19:27","date_gmt":"2012-03-11T20:19:27","guid":{"rendered":"http:\/\/kulturbloggen.com\/?p=50659"},"modified":"2012-03-11T21:19:46","modified_gmt":"2012-03-11T20:19:46","slug":"thorsten-flinck-pa-sodra-teatern","status":"publish","type":"post","link":"https:\/\/kulturbloggen.com\/?p=50659","title":{"rendered":"Thorsten Flinck p\u00e5 S\u00f6dra Teatern"},"content":{"rendered":"<p><a href=\"http:\/\/www.dn.se\/kultur-noje\/musik\/favoriten-euphoria-till-baku\">Loreen vann den svenska uttagningen till Melodifestivalen<\/a>. Men n\u00e4r svenskarna r\u00f6star kom Thorsten Flinck p\u00e5 en hedrande tredje plats. Om du \u00e4r en av de som r\u00f6stade p\u00e5 honom har du chansen att uppleva honom live om d\u00e4r \u00e4r i Stockholm den 15 mars. D\u00e5 upptr\u00e4der han p\u00e5 <strong><a href=\"http:\/\/www.sodrateatern.com\/\">S\u00f6dra Teatern<\/a><\/strong>. H\u00e4r lite mer om det fr\u00e5n ett pressutskick:<\/p>\n<blockquote><p>TORSTEN FLINCK &#038; KENNY H\u00c5KANSSON En konsert med teatrala inslag<br \/>\nEn helkv\u00e4ll i vildvuxna rosors tecken fylld med ett f\u00e5ng s\u00e5nger, dikter, teater. Kompad av en av Sveriges b\u00e4sta gitarrister Kenny H\u00e5kansson. 7 mars sl\u00e4pps nya albumet \u201dEn Dans P\u00e5 Knivens Egg\u201d med nyskrivna l\u00e5tar som Jag reser mig igen fr\u00e5n \u00e5rets melodifestival, samt Thorstens egna tolkningar p\u00e5 redan bepr\u00f6vade alster. Det \u00e4r k\u00e4nslosamt, det \u00e4r politiskt, det \u00e4r Thorsten Flinck.<br \/>\nTorsdag 15 mars, kl 19:30, S\u00f6dra Teatern, Stora Scen.<\/p><\/blockquote>\n<p><a href=\"http:\/\/www.cisionwire.se\/sodra-teatern\/r\/det-hander-pa-sodra-teatern-9-22-mars-2012,c9229071\">Mer om S\u00f6dra Teaterns program h\u00e4r.<\/a><\/p>\n<p><iframe loading=\"lazy\" width=\"420\" height=\"315\" src=\"http:\/\/www.youtube.com\/embed\/QUTmBinCNhY\" frameborder=\"0\" allowfullscreen><\/iframe><\/p>\n<p>L\u00e4s \u00e4ven andra bloggares \u00e5sikter om <a href=\"http:\/\/bloggar.se\/om\/Thorsten+Flinck\" rel=\"tag\">Thorsten Flinck<\/a>, <a href=\"http:\/\/bloggar.se\/om\/S%F6dra+Teatern\" rel=\"tag\">S\u00f6dra Teatern<\/a><\/p>\n","protected":false},"excerpt":{"rendered":"<p>Loreen vann den svenska uttagningen till Melodifestivalen. Men n\u00e4r svenskarna r\u00f6star kom Thorsten Flinck p\u00e5 en hedrande tredje plats. Om du \u00e4r en av de som r\u00f6stade p\u00e5 honom har du chansen att uppleva honom live om d\u00e4r \u00e4r i Stockholm den 15 mars. D\u00e5 upptr\u00e4der han p\u00e5 S\u00f6dra Teatern. H\u00e4r lite mer om det [&hellip;]<\/p>\n","protected":false},"author":13,"featured_media":50660,"comment_status":"open","ping_status":"open","sticky":false,"template":"","format":"standard","meta":{"_genesis_hide_title":false,"_genesis_hide_breadcrumbs":false,"_genesis_hide_singular_image":false,"_genesis_hide_footer_widgets":false,"_genesis_custom_body_class":"","_genesis_custom_post_class":"","_genesis_layout":"","footnotes":""},"categories":[20],"tags":[5598,5843],"class_list":{"0":"post-50659","1":"post","2":"type-post","3":"status-publish","4":"format-standard","5":"has-post-thumbnail","7":"category-film","8":"tag-sodra-teatern","9":"tag-thorsten-flinck","10":"entry"},"_links":{"self":[{"href":"https:\/\/kulturbloggen.com\/index.php?rest_route=\/wp\/v2\/posts\/50659","targetHints":{"allow":["GET"]}}],"collection":[{"href":"https:\/\/kulturbloggen.com\/index.php?rest_route=\/wp\/v2\/posts"}],"about":[{"href":"https:\/\/kulturbloggen.com\/index.php?rest_route=\/wp\/v2\/types\/post"}],"author":[{"embeddable":true,"href":"https:\/\/kulturbloggen.com\/index.php?rest_route=\/wp\/v2\/users\/13"}],"replies":[{"embeddable":true,"href":"https:\/\/kulturbloggen.com\/index.php?rest_route=%2Fwp%2Fv2%2Fcomments&post=50659"}],"version-history":[{"count":2,"href":"https:\/\/kulturbloggen.com\/index.php?rest_route=\/wp\/v2\/posts\/50659\/revisions"}],"predecessor-version":[{"id":50662,"href":"https:\/\/kulturbloggen.com\/index.php?rest_route=\/wp\/v2\/posts\/50659\/revisions\/50662"}],"wp:featuredmedia":[{"embeddable":true,"href":"https:\/\/kulturbloggen.com\/index.php?rest_route=\/wp\/v2\/media\/50660"}],"wp:attachment":[{"href":"https:\/\/kulturbloggen.com\/index.php?rest_route=%2Fwp%2Fv2%2Fmedia&parent=50659"}],"wp:term":[{"taxonomy":"category","embeddable":true,"href":"https:\/\/kulturbloggen.com\/index.php?rest_route=%2Fwp%2Fv2%2Fcategories&post=50659"},{"taxonomy":"post_tag","embeddable":true,"href":"https:\/\/kulturbloggen.com\/index.php?rest_route=%2Fwp%2Fv2%2Ftags&post=50659"}],"curies":[{"name":"wp","href":"https:\/\/api.w.org\/{rel}","templated":true}]}}