{"id":50244,"date":"2012-03-06T21:32:02","date_gmt":"2012-03-06T20:32:02","guid":{"rendered":"http:\/\/kulturbloggen.com\/?p=50244"},"modified":"2012-03-06T21:42:27","modified_gmt":"2012-03-06T20:42:27","slug":"en-fiende-att-do-for-med-doft-av-guldbaggar","status":"publish","type":"post","link":"https:\/\/kulturbloggen.com\/?p=50244","title":{"rendered":"En fiende att d\u00f6 f\u00f6r &#8211; med doft av Guldbaggar"},"content":{"rendered":"<p>En fiende att d\u00f6 f\u00f6r<br \/>\nBetyg 4<br \/>\nPremi\u00e4r 16 mars<br \/>\nRegi och manus: Peter Dalle<\/p>\n<p>N\u00e5gra forskare fr\u00e5n olika l\u00e4nder \u00e5ker till Svalbard f\u00f6r ett forskningsprojekt: tv\u00e5 tyskar, tv\u00e5 engelsm\u00e4n, en svensk och en norsk sj\u00f6kapten och rysk bes\u00e4ttning, strax f\u00f6re utbrottet av andra v\u00e4rldskriget. Skuggan av konflikterna mellan l\u00e4nderna vilar \u00f6ver dem, men de \u00e4r ju vetenskapsm\u00e4n. Vetenskap har inte med politik att g\u00f6ra. Eller? Bes\u00e4ttningen st\u00e4lls inf\u00f6r sv\u00e5ra val.<\/p>\n<p>&#8221;En fiende att d\u00f6 f\u00f6r&#8221; \u00e4r en ny film av Peter Dalle. M\u00e5nga f\u00f6rknippar nog Peter Dalle med komedier, han har ju varit med i en hel del. Med den h\u00e4r filmen visar har en helt annan sida.  <\/p>\n<p>Handlingen utspelar sig i h\u00f6sten 1939 d\u00e5 Tyskland satt ihop en expedition f\u00f6r att leta efter bevis p\u00e5 Pangeateorin, Alfred Wegeners id\u00e9 om att alla v\u00e4rldsdelar en g\u00e5ng har h\u00e4ngt samman. Teorin diskuterades flitigt av en m\u00e4ngd forskare under 1900-talets tidiga decennier. Beviset de ska s\u00f6ka efter \u00e4r \u00e4mnet Antracit som de ska hitta i fossil. En tysk geolog, Friedrich, och hans assistent Leni, leder expeditionen. Med p\u00e5 resan finns ocks\u00e5 framst\u00e5ende forskare, tv\u00e5 engelsm\u00e4n och en svensk &#8211; Gustav de Geer &#8211; samt skeppets norske kapten och den ryska bes\u00e4ttningen. <\/p>\n<p>Den svenske forskaren, Gustav de Geer (spelas av mycket bra av Richard Ulfs\u00e4ter), \u00e4r spr\u00e4ng\u00e4mnesexpert vilket beh\u00f6vs f\u00f6r att kunna f\u00e5 fram stenar med antracit. Han har kommit p\u00e5 en metod att g\u00f6ra det p\u00e5 ett effektivt s\u00e4tt s\u00e5 att de underliggande lagren kommer fram.<\/p>\n<p>Fotot \u00e4r vackert och sp\u00e4nnande.  Svalbard och Antarktis och ett skepp som tar sig fram d\u00e4r &#8211; det \u00e4r fantastiska vyer. Vi f\u00e5r till och med se en isbj\u00f6rn. <\/p>\n<p>Skildringen \u00e4r intressant p\u00e5 flera s\u00e4tt. Inget \u00e4r svart eller vitt. Den tyske vetenskapsmannen Friedrich brottas med sv\u00e5ra kval, han k\u00e4nner solidaritet med sitt land men han drivs ocks\u00e5 av en \u00f6nskan att f\u00f6ra vetenskapen fram\u00e5t. Han \u00e4r medlem i nazistpartiet f\u00f6r att han tror att den politiken ska f\u00f6ra n\u00e5got gott med sig. D\u00e5, 1939, visste ingen att miljoner m\u00e4nniskor skulle gasas ihj\u00e4l i koncentrationsl\u00e4ger.<\/p>\n<p>Till och med den person som \u00e4r den st\u00f6rsta boven (jag t\u00e4nker inte avsl\u00f6ja vem) har sin svaga punkt.<\/p>\n<p>Det \u00e4r b\u00e5de ett drama, en actionfilm och en romantisk ber\u00e4ttelse och jag f\u00e5ngades in av handlingen hela filmen. Inget \u00e4r f\u00f6ruts\u00e4gbart, filmens handling tar ov\u00e4ntade v\u00e4ndningar flera g\u00e5nger.<\/p>\n<p><a href=\"http:\/\/kulturbloggen.com\/wp-content\/uploads\/2012\/03\/enfiende2.jpg\"><img loading=\"lazy\" decoding=\"async\" src=\"http:\/\/kulturbloggen.com\/wp-content\/uploads\/2012\/03\/enfiende2.jpg\" alt=\"\" title=\"enfiende2\" width=\"275\" height=\"183\" class=\"alignright size-full wp-image-50262\" srcset=\"https:\/\/kulturbloggen.com\/wp-content\/uploads\/2012\/03\/enfiende2.jpg 275w, https:\/\/kulturbloggen.com\/wp-content\/uploads\/2012\/03\/enfiende2-200x133.jpg 200w, https:\/\/kulturbloggen.com\/wp-content\/uploads\/2012\/03\/enfiende2-175x116.jpg 175w, https:\/\/kulturbloggen.com\/wp-content\/uploads\/2012\/03\/enfiende2-97x65.jpg 97w, https:\/\/kulturbloggen.com\/wp-content\/uploads\/2012\/03\/enfiende2-80x53.jpg 80w, https:\/\/kulturbloggen.com\/wp-content\/uploads\/2012\/03\/enfiende2-150x99.jpg 150w\" sizes=\"auto, (max-width: 275px) 100vw, 275px\" \/><\/a>Ibland \u00e4r det som teater d\u00e4r rollerna gestaltar olika f\u00f6rh\u00e5llningss\u00e4tt kring krig, liv och vetenskap.<\/p>\n<p>Regiss\u00f6ren Peter Dalle har tillsatt rollistan med mycket bra sk\u00e5despelare. Norrmannen Sven Nordin i rollen som sj\u00f6kaptenen kommer vi att f\u00e5 se mer av i Sverige, han har ju en av huvudrollerna i musikalen La Cage Auf Folles som har premi\u00e4r i h\u00f6st p\u00e5 Oscarsteatern. <\/p>\n<p>Richard Ulfs\u00e4ter som Gustav de Geer borde vi f\u00e5 se mer av fram\u00f6ver. Han g\u00f6r sin roll bra.<\/p>\n<p>Svagheten \u00e4r v\u00e4l att kvinnan som s\u00e5 ofta i filmer mest f\u00e5r vara en person som m\u00e4nnen blir f\u00f6r\u00e4lskade i, trots att hon ocks\u00e5 \u00e4r forskare, vilket inte kom fram s\u00e5 mycket. <\/p>\n<p>Peter Dalle fick ju en Guldbagge 2011 f\u00f6r b\u00e4sta manliga biroll f\u00f6r rollen som G\u00f6sta i Himlen \u00e4r oskyldigt bl\u00e5. Jag tror att det finns chans p\u00e5 fler baggar f\u00f6r honom. &#8221;En fiende att d\u00f6 f\u00f6r&#8221; \u00e4r en av de b\u00e4sta svenska filmerna jag sett p\u00e5 l\u00e4nge. Fast \u00e5 andra sidan brukar Guldbaggegalans juryn inte alltid ha samma smak som jag har.<\/p>\n<p>I rollerna: Richard Ulfs\u00e4ter, Jeanette Hain, Tom Burke, Alan Corduner, Axel Prahl och Sven Nordin.<br \/>\nRegi och manus: Peter Dalle<\/p>\n<p>Relaterat: <a href=\"http:\/\/www.dn.se\/kultur-noje\/film-tv\/krig-och-karlek-i-dalles-nya-film\">DN<\/a><\/p>\n<p>L\u00e4s \u00e4ven andra bloggares \u00e5sikter om <a href=\"http:\/\/bloggar.se\/om\/Peter+Dalle\" rel=\"tag\">Peter Dalle<\/a>, <a href=\"http:\/\/bloggar.se\/om\/film\" rel=\"tag\">film<\/a>, <a href=\"http:\/\/bloggar.se\/om\/filmrecension\" rel=\"tag\">filmrecension<\/a>, <a href=\"http:\/\/bloggar.se\/om\/Richard+Ulfs%E4ter\" rel=\"tag\">Richard Ulfs\u00e4ter<\/a>, <a href=\"http:\/\/bloggar.se\/om\/Sven+Nordin\" rel=\"tag\">Sven Nordin<\/a>, <a href=\"http:\/\/bloggar.se\/om\/Svalbard\" rel=\"tag\">Svalbard<\/a>, <a href=\"http:\/\/bloggar.se\/om\/isbj%F6rnar\" rel=\"tag\">isbj\u00f6rnar<\/a>, <a href=\"http:\/\/bloggar.se\/om\/Pangeateorin\" rel=\"tag\">Pangeateorin<\/a><\/p>\n","protected":false},"excerpt":{"rendered":"<p>En fiende att d\u00f6 f\u00f6r Betyg 4 Premi\u00e4r 16 mars Regi och manus: Peter Dalle N\u00e5gra forskare fr\u00e5n olika l\u00e4nder \u00e5ker till Svalbard f\u00f6r ett forskningsprojekt: tv\u00e5 tyskar, tv\u00e5 engelsm\u00e4n, en svensk och en norsk sj\u00f6kapten och rysk bes\u00e4ttning, strax f\u00f6re utbrottet av andra v\u00e4rldskriget. Skuggan av konflikterna mellan l\u00e4nderna vilar \u00f6ver dem, men de [&hellip;]<\/p>\n","protected":false},"author":2,"featured_media":50261,"comment_status":"open","ping_status":"open","sticky":false,"template":"","format":"standard","meta":{"_genesis_hide_title":false,"_genesis_hide_breadcrumbs":false,"_genesis_hide_singular_image":false,"_genesis_hide_footer_widgets":false,"_genesis_custom_body_class":"","_genesis_custom_post_class":"","_genesis_layout":"","footnotes":""},"categories":[50,51,16],"tags":[1738,7447,7448,7443,7444,12286,7446,7445],"class_list":{"0":"post-50244","1":"post","2":"type-post","3":"status-publish","4":"format-standard","5":"has-post-thumbnail","7":"category-filmfilm","8":"category-filmer","9":"category-recension","10":"tag-filmrecension","11":"tag-isbjornar","12":"tag-pangeateorin","13":"tag-peter-dalle","14":"tag-richard-ulfsater","15":"tag-film","16":"tag-svalbard","17":"tag-sven-nordin","18":"entry"},"_links":{"self":[{"href":"https:\/\/kulturbloggen.com\/index.php?rest_route=\/wp\/v2\/posts\/50244","targetHints":{"allow":["GET"]}}],"collection":[{"href":"https:\/\/kulturbloggen.com\/index.php?rest_route=\/wp\/v2\/posts"}],"about":[{"href":"https:\/\/kulturbloggen.com\/index.php?rest_route=\/wp\/v2\/types\/post"}],"author":[{"embeddable":true,"href":"https:\/\/kulturbloggen.com\/index.php?rest_route=\/wp\/v2\/users\/2"}],"replies":[{"embeddable":true,"href":"https:\/\/kulturbloggen.com\/index.php?rest_route=%2Fwp%2Fv2%2Fcomments&post=50244"}],"version-history":[{"count":14,"href":"https:\/\/kulturbloggen.com\/index.php?rest_route=\/wp\/v2\/posts\/50244\/revisions"}],"predecessor-version":[{"id":50265,"href":"https:\/\/kulturbloggen.com\/index.php?rest_route=\/wp\/v2\/posts\/50244\/revisions\/50265"}],"wp:featuredmedia":[{"embeddable":true,"href":"https:\/\/kulturbloggen.com\/index.php?rest_route=\/wp\/v2\/media\/50261"}],"wp:attachment":[{"href":"https:\/\/kulturbloggen.com\/index.php?rest_route=%2Fwp%2Fv2%2Fmedia&parent=50244"}],"wp:term":[{"taxonomy":"category","embeddable":true,"href":"https:\/\/kulturbloggen.com\/index.php?rest_route=%2Fwp%2Fv2%2Fcategories&post=50244"},{"taxonomy":"post_tag","embeddable":true,"href":"https:\/\/kulturbloggen.com\/index.php?rest_route=%2Fwp%2Fv2%2Ftags&post=50244"}],"curies":[{"name":"wp","href":"https:\/\/api.w.org\/{rel}","templated":true}]}}