{"id":49971,"date":"2012-03-03T07:49:21","date_gmt":"2012-03-03T06:49:21","guid":{"rendered":"http:\/\/kulturbloggen.com\/?p=49971"},"modified":"2012-03-03T07:49:21","modified_gmt":"2012-03-03T06:49:21","slug":"eila-hetekivi-olsson-och-ingenbarnsland-ar-varda-mer-an-ett-fuskpris","status":"publish","type":"post","link":"https:\/\/kulturbloggen.com\/?p=49971","title":{"rendered":"Eila Hetekivi Olsson och Ingenbarnsland \u00e4r v\u00e4rda mer \u00e4n ett fuskpris"},"content":{"rendered":"<p>Ingenbarnsland av Eila Hetekivi Olsson \u00e4r en hyllad debutbok. Den \u00e4r hyllad av Kulturnyheterna d\u00e4r den <a href=\"http:\/\/svt.se\/2.27170\/1.2728943\/kritikerlistan_mars_2012\">f\u00e5tt f\u00f6rstaplatsen p\u00e5 Kritikerlistan<\/a>.<\/p>\n<p>H\u00e4romdagen kom nyheten att Eila Hetekivi Olsson Akademibokhandelns \u201dDebutantpris\u201d f\u00f6r Ingenbarnsland.<\/p>\n<p>Det \u00e4r hon v\u00e4rd. Det \u00e4r bara det att det visade sig att priset inte direkt \u00e4r ett riktigt litteraturpris.<\/p>\n<p><a href=\"http:\/\/www.dn.se\/dnbok\/dnbok-hem\/akademibokhandelns-pris-var-en-pr-kampanj\">DN rapporterar<\/a>:<\/p>\n<blockquote><p>F\u00f6r bara ett par veckor sedan instiftade Akademibokhandeln sitt \u201dDebutantpris\u201d. Det gick till en \u201degen\u201d f\u00f6rfattare, Norstedts Eija Hetekivi Olsson f\u00f6r romanen \u201dIngenbarnsland\u201d.<\/p>\n<p>Men priset finns inte. Det avsl\u00f6jar Svensk bokhandel i dag. Priset kokades ihop av en chef p\u00e5 Akademibokhandeln och chefen f\u00f6r Norstedts f\u00f6rlagsgrupp, b\u00e4gge \u00e4gda av KF Media.<\/p><\/blockquote>\n<p>DN och Svensk Bokhandel har b\u00e5de r\u00e4tt och fel. Akademibokhandeln och Norstedts kan ju i och f\u00f6r sig instifta ett pris och inte ha vanlig nomineringsrunda d\u00e4r alla bokf\u00f6rlag f\u00f6r vara med. De kan ju best\u00e4mma att de g\u00f6r ett pris d\u00e4r de sj\u00e4lva utser vinnare rakt av. Men d\u00e5 hade det sett snyggare ut att g\u00f6ra det som ett stipendium.<\/p>\n<p>Jag tycker det \u00e4r sorgligt att just den h\u00e4r f\u00f6rfattaren och denna romanen blev utsatt f\u00f6r det. Den verkar ha s\u00e5dan kvalitet att den inte beh\u00f6ver n\u00e5got som kan ge den d\u00e5ligt rykte. Det \u00e4r ocks\u00e5 tr\u00e5kigt att <a href=\"http:\/\/www.norstedts.se\/bocker\/utgiven\/2012\/Vinter\/hetekivi-olsson_eija-ingenbarnsland-inbunden\/\">Norstedts<\/a> som \u00e4r ett etablerat bokf\u00f6rlag l\u00e5nar sig till detta.<\/p>\n<p>Boken beh\u00f6ver inte lyftas p\u00e5 s\u00e5dant s\u00e4tt. <\/p>\n<p><a href=\"http:\/\/vadvilljagtjuva.blogspot.com\/2012\/03\/alla-bokpriser-ar-val-pr-kampanjer.html\">Boktjuven har kommenterat:<\/a><\/p>\n<blockquote><p>DNs n\u00e4tutg\u00e5va skriver idag att &#8221;<a href=\"http:\/\/www.dn.se\/dnbok\/dnbok-hem\/akademibokhandelns-pris-var-en-pr-kampanj\">Akademibokhandelns pris var en pr-kampanj<\/a>&#8221;.<br \/>\nDet l\u00e5ter ganska rimligt. \u00c4r inte alla bokpriser det? Eller kanske inte tex August-priset och dylika n\u00e4r det \u00e4r en organisation som delar ut det. Men kommer det fr\u00e5n ett f\u00f6retag, s\u00e5 kommer det fr\u00e5n ett f\u00f6retag. Doh!<\/p>\n<p>Problemet \u00e4r \u00e4l inte att det var en PR-kampanj, utan att det f\u00f6rs\u00f6ker verka vara n\u00e5got det inte \u00e4r. Om priset hette &#8221;KF Medias b\u00e4sta debutant&#8221;, s\u00e5 vore det sv\u00e5rare att klaga p\u00e5 PR-inslaget.<\/p>\n<p>Som sagt \u00e4r v\u00e4l alla eller iallafall en \u00f6verv\u00e4gande del av bokpris och t\u00e4vlingar, motiverade fr\u00e5n PR-synpunkt. M\u00f6jligt undantag: <a href=\"http:\/\/www.castorpriset.se\/\">Castorpriset 2011<\/a> d\u00e4r Juryn kom fram till att inget av de ins\u00e4nda bidragen var av tillr\u00e4ckligt h\u00f6g kvalitet. Ingen fick priset.<\/p><\/blockquote>\n<p><a href=\"http:\/\/kulturbloggen.com\/?p=49039\">Du har v\u00e4l inte missat Kulturbloggens recension av den?<\/a><\/p>\n<p>Fler som kommenterat den falska bokpriset:<br \/>\n<a href=\"http:\/\/www.danielaberg.se\/jakten-mot-nollpunkten-2\/\">Daniel \u00c5berg<\/a> och <a href=\"http:\/\/blog.zaramis.se\/2012\/03\/02\/fiffelpris-till-debutantforfattare\/\">Svensson<\/a> och <a href=\"http:\/\/tofflan.wordpress.com\/2012\/03\/02\/bokhandelns-pris-var-en-reklamkampanj\/\">Tofflan.<\/a><\/p>\n<p>L\u00e4s \u00e4ven andra bloggares \u00e5sikter om <a href=\"http:\/\/bloggar.se\/om\/Eila+Hetekivi+Olsson\" rel=\"tag\">Eila Hetekivi Olsson<\/a>, <a href=\"http:\/\/bloggar.se\/om\/Akademibokhandeln\" rel=\"tag\">Akademibokhandeln<\/a>, <a href=\"http:\/\/bloggar.se\/om\/Norstedts\" rel=\"tag\">Norstedts<\/a>, <a href=\"http:\/\/bloggar.se\/om\/debutantpris\" rel=\"tag\">debutantpris<\/a>, <a href=\"http:\/\/bloggar.se\/om\/bokpris\" rel=\"tag\">bokpris<\/a><\/p>\n<p>&nbsp;<\/p>\n<p>&nbsp;<\/p>\n<p>Relaterat:<\/p>\n<p><a href=\"http:\/\/sverigesradio.se\/sida\/artikel.aspx?programid=3290&amp;artikel=4952554\" target=\"_blank\">SR<\/a>,\u00a0\u00a0<a href=\"http:\/\/www.aftonbladet.se\/kultur\/bokrecensioner\/article14286618.ab\" target=\"_blank\">AB<\/a>,<a href=\"http:\/\/ltz.se\/kulturnoje\/recensioner\/1.4360592-halla-ministrar-las-den-har-boken-\" target=\"_blank\">L\u00e4nstidningen<\/a>,\u00a0\u00a0<a href=\"http:\/\/www.skanskan.se\/article\/20120130\/NOJE\/701299975\/1162\/-\/stark-debut-om-tuff-uppvaxt-i-fororten\" target=\"_blank\">Skanskan<\/a>,\u00a0<a href=\"http:\/\/www.smp.se\/nyheter\/Kultur___N_je\/ingenbarnslandeija-hetekivi-olsson%283131686%29.gm\">SMP<\/a>,\u00a0<a href=\"http:\/\/www.mynewsdesk.com\/se\/pressroom\/akademibokhandeln\/image\/view\/eiha-hetekivi-olsson-115697\" target=\"_blank\">Newsdesk<\/a>,\u00a0<a href=\"http:\/\/www.mynewsdesk.com\/se\/pressroom\/akademibokhandeln\/image\/view\/ingenbarnsland-115698\" target=\"_blank\">NewsDesk<\/a><\/p>\n","protected":false},"excerpt":{"rendered":"<p>Ingenbarnsland av Eila Hetekivi Olsson \u00e4r en hyllad debutbok. Den \u00e4r hyllad av Kulturnyheterna d\u00e4r den f\u00e5tt f\u00f6rstaplatsen p\u00e5 Kritikerlistan. H\u00e4romdagen kom nyheten att Eila Hetekivi Olsson Akademibokhandelns \u201dDebutantpris\u201d f\u00f6r Ingenbarnsland. Det \u00e4r hon v\u00e4rd. Det \u00e4r bara det att det visade sig att priset inte direkt \u00e4r ett riktigt litteraturpris. DN rapporterar: F\u00f6r bara [&hellip;]<\/p>\n","protected":false},"author":2,"featured_media":49979,"comment_status":"open","ping_status":"open","sticky":false,"template":"","format":"standard","meta":{"_genesis_hide_title":false,"_genesis_hide_breadcrumbs":false,"_genesis_hide_singular_image":false,"_genesis_hide_footer_widgets":false,"_genesis_custom_body_class":"","_genesis_custom_post_class":"","_genesis_layout":"","footnotes":""},"categories":[3],"tags":[7404,786,7406,7403,7405],"class_list":{"0":"post-49971","1":"post","2":"type-post","3":"status-publish","4":"format-standard","5":"has-post-thumbnail","7":"category-litteratur","8":"tag-akademibokhandeln","9":"tag-bokpris","10":"tag-debutantpris","11":"tag-eila-hetekivi-olsson","12":"tag-norstedts","13":"entry"},"_links":{"self":[{"href":"https:\/\/kulturbloggen.com\/index.php?rest_route=\/wp\/v2\/posts\/49971","targetHints":{"allow":["GET"]}}],"collection":[{"href":"https:\/\/kulturbloggen.com\/index.php?rest_route=\/wp\/v2\/posts"}],"about":[{"href":"https:\/\/kulturbloggen.com\/index.php?rest_route=\/wp\/v2\/types\/post"}],"author":[{"embeddable":true,"href":"https:\/\/kulturbloggen.com\/index.php?rest_route=\/wp\/v2\/users\/2"}],"replies":[{"embeddable":true,"href":"https:\/\/kulturbloggen.com\/index.php?rest_route=%2Fwp%2Fv2%2Fcomments&post=49971"}],"version-history":[{"count":1,"href":"https:\/\/kulturbloggen.com\/index.php?rest_route=\/wp\/v2\/posts\/49971\/revisions"}],"predecessor-version":[{"id":49980,"href":"https:\/\/kulturbloggen.com\/index.php?rest_route=\/wp\/v2\/posts\/49971\/revisions\/49980"}],"wp:featuredmedia":[{"embeddable":true,"href":"https:\/\/kulturbloggen.com\/index.php?rest_route=\/wp\/v2\/media\/49979"}],"wp:attachment":[{"href":"https:\/\/kulturbloggen.com\/index.php?rest_route=%2Fwp%2Fv2%2Fmedia&parent=49971"}],"wp:term":[{"taxonomy":"category","embeddable":true,"href":"https:\/\/kulturbloggen.com\/index.php?rest_route=%2Fwp%2Fv2%2Fcategories&post=49971"},{"taxonomy":"post_tag","embeddable":true,"href":"https:\/\/kulturbloggen.com\/index.php?rest_route=%2Fwp%2Fv2%2Ftags&post=49971"}],"curies":[{"name":"wp","href":"https:\/\/api.w.org\/{rel}","templated":true}]}}