{"id":49747,"date":"2012-02-29T11:23:06","date_gmt":"2012-02-29T10:23:06","guid":{"rendered":"http:\/\/kulturbloggen.com\/?p=49747"},"modified":"2012-02-29T11:23:06","modified_gmt":"2012-02-29T10:23:06","slug":"jay-z-och-kanye-west-kommer-till-malmo-ocksa","status":"publish","type":"post","link":"https:\/\/kulturbloggen.com\/?p=49747","title":{"rendered":"Jay-Z och Kanye West kommer till Malm\u00f6 ocks\u00e5"},"content":{"rendered":"<p>I m\u00e5ndags sl\u00e4pptes biljetterna till konserten med Jay-Z och Kanye West i Ericsson Globe den 29 maj. Biljetterna till denna konsert tog slut i ett nafs och d\u00e4rf\u00f6r har arrang\u00f6rerna nu lagt till ytterligare en konsert dagen efter &#8211; i Malm\u00f6.<\/p>\n<p>H\u00e4r pressmeddelandet fr\u00e5n arrang\u00f6ren: <\/p>\n<p>Tv\u00e5 av v\u00e4rldens st\u00f6rsta artister kommer till Sverige med sin &#8221;Watch The Throne&#8221;-turn\u00e9 i slutet av maj. Nu \u00e4r det allts\u00e5 klart att vi f\u00e5tt till ytterligare en konsert med dessa giganter &#8211; Malm\u00f6 Arena den 30 maj. Vi ser fram emot deras f\u00f6rsta bes\u00f6k i Sk\u00e5ne! <\/p>\n<p>Till denna konsert erbjuder vi dig m\u00f6jlighet att k\u00f6pa biljetter innan det officiella biljettsl\u00e4ppet. Erbjudandet g\u00e4ller via LiveNation.se from idag kl 12.00. Max 4 biljetter per person och f\u00f6rst till kvarn g\u00e4ller!<\/p>\n<p>Officiellt biljettsl\u00e4pp startar den 2 mars<\/p>\n<p>29.5 Ericsson Globe, Stockholm<br \/>\n30.5 Malm\u00f6 Arena, Malm\u00f6 (NY!)<\/p>\n<p>L\u00e4s \u00e4ven andra bloggares \u00e5sikter om <a href=\"http:\/\/bloggar.se\/om\/Jay+Z\" rel=\"tag\">Jay Z<\/a>, <a href=\"http:\/\/bloggar.se\/om\/Kanye+West\" rel=\"tag\">Kanye West<\/a>, <a href=\"http:\/\/bloggar.se\/om\/Malm%F6\" rel=\"tag\">Malm\u00f6<\/a><\/p>\n","protected":false},"excerpt":{"rendered":"<p>I m\u00e5ndags sl\u00e4pptes biljetterna till konserten med Jay-Z och Kanye West i Ericsson Globe den 29 maj. Biljetterna till denna konsert tog slut i ett nafs och d\u00e4rf\u00f6r har arrang\u00f6rerna nu lagt till ytterligare en konsert dagen efter &#8211; i Malm\u00f6. H\u00e4r pressmeddelandet fr\u00e5n arrang\u00f6ren: Tv\u00e5 av v\u00e4rldens st\u00f6rsta artister kommer till Sverige med sin [&hellip;]<\/p>\n","protected":false},"author":13,"featured_media":49748,"comment_status":"open","ping_status":"open","sticky":false,"template":"","format":"standard","meta":{"_genesis_hide_title":false,"_genesis_hide_breadcrumbs":false,"_genesis_hide_singular_image":false,"_genesis_hide_footer_widgets":false,"_genesis_custom_body_class":"","_genesis_custom_post_class":"","_genesis_layout":"","footnotes":""},"categories":[7],"tags":[2631,2854,3469],"class_list":{"0":"post-49747","1":"post","2":"type-post","3":"status-publish","4":"format-standard","5":"has-post-thumbnail","7":"category-musik","8":"tag-jay-z","9":"tag-kanye-west","10":"tag-malmo","11":"entry"},"_links":{"self":[{"href":"https:\/\/kulturbloggen.com\/index.php?rest_route=\/wp\/v2\/posts\/49747","targetHints":{"allow":["GET"]}}],"collection":[{"href":"https:\/\/kulturbloggen.com\/index.php?rest_route=\/wp\/v2\/posts"}],"about":[{"href":"https:\/\/kulturbloggen.com\/index.php?rest_route=\/wp\/v2\/types\/post"}],"author":[{"embeddable":true,"href":"https:\/\/kulturbloggen.com\/index.php?rest_route=\/wp\/v2\/users\/13"}],"replies":[{"embeddable":true,"href":"https:\/\/kulturbloggen.com\/index.php?rest_route=%2Fwp%2Fv2%2Fcomments&post=49747"}],"version-history":[{"count":1,"href":"https:\/\/kulturbloggen.com\/index.php?rest_route=\/wp\/v2\/posts\/49747\/revisions"}],"predecessor-version":[{"id":49749,"href":"https:\/\/kulturbloggen.com\/index.php?rest_route=\/wp\/v2\/posts\/49747\/revisions\/49749"}],"wp:featuredmedia":[{"embeddable":true,"href":"https:\/\/kulturbloggen.com\/index.php?rest_route=\/wp\/v2\/media\/49748"}],"wp:attachment":[{"href":"https:\/\/kulturbloggen.com\/index.php?rest_route=%2Fwp%2Fv2%2Fmedia&parent=49747"}],"wp:term":[{"taxonomy":"category","embeddable":true,"href":"https:\/\/kulturbloggen.com\/index.php?rest_route=%2Fwp%2Fv2%2Fcategories&post=49747"},{"taxonomy":"post_tag","embeddable":true,"href":"https:\/\/kulturbloggen.com\/index.php?rest_route=%2Fwp%2Fv2%2Ftags&post=49747"}],"curies":[{"name":"wp","href":"https:\/\/api.w.org\/{rel}","templated":true}]}}