{"id":49730,"date":"2012-03-01T13:51:25","date_gmt":"2012-03-01T12:51:25","guid":{"rendered":"http:\/\/kulturbloggen.com\/?p=49730"},"modified":"2012-03-01T13:51:25","modified_gmt":"2012-03-01T12:51:25","slug":"karin-linder-ordforande-i-dik-krangliga-regler-hindrar-publicering","status":"publish","type":"post","link":"https:\/\/kulturbloggen.com\/?p=49730","title":{"rendered":"Karin Linder, ordf\u00f6rande i DIK: Kr\u00e5ngliga regler hindrar publicering"},"content":{"rendered":"<p>\u201dI dag anser flera museer att lagar och avtal kring upphovs-r\u00e4tten \u00e4r s\u00e5 kr\u00e5ngliga att de inte v\u00e5gar publicera de bilder de f\u00f6rvaltar.\u201d<\/p>\n<p>F\u00f6r n\u00e5gra veckor sedan laddade jag \u00f6ver mina foton i telefonen till datorn. D\u00e4r hittade jag allt fr\u00e5n roliga bilder p\u00e5 barnen till fotograferade tidtabeller, skyltar, signaturer p\u00e5 brev jag skrivit, vinetiketter, ett par snygga skor fr\u00e5n en aff\u00e4r som var st\u00e4ngd n\u00e4r jag gick f\u00f6rbi. Jag anv\u00e4nder oftast min kamera i mobilen som ett extra minne. Jag p\u00e5minner mig sj\u00e4lv och andra genom ett foto och jag kommunicerar allt mer genom att skicka bilder till barnens skola, v\u00e4n- ner och arbetskamrater.<\/p>\n<p>Rent tekniskt sett \u00e4r jag upphovsman till en rad bilder jag anv\u00e4nder i kommunikation med min omgivning.<br \/>\nJag tycker om bildkommunikation och det \u00e4r oftast bilden i en tidning eller i reklam som f\u00e5r mig att stanna med \u00f6gat f\u00f6r att veta mer. Bilden ers\u00e4tter allt oftare en text eller ett telefonsamtal.<br \/>\nJag \u00e4r nog en normal representant f\u00f6r den s\u00e5 kallade allm\u00e4nhetens anv\u00e4ndande av bilder. Att kommunicera med enbart bild \u00e4r sv\u00e5rt. Ikea kommunicerar sina monteringsanvisningar i form av streckgubbar, med enbart bild och utan text. Det fungerar inte alltid helt sm\u00e4rtfritt.<\/p>\n<p>Mina olika bilder fick mig att fundera kring hur vi anv\u00e4nder bilder och vad de spelar f\u00f6r roll. Intresset f\u00f6r att anv\u00e4nda bilder \u00f6kar. Fotogra- fiska Museet har stora bes\u00f6kssiffror trots h\u00f6g intr\u00e4desavgift och flera andra center f\u00f6r foto- grafi tar del av framg\u00e5ngarna. \u00c4r skiftet mellan textkommunikation och bildkommunikation redan h\u00e4r?<\/p>\n<p>N\u00e4r bondesamh\u00e4llet under senare delen av 1800-talet \u00f6vergick till industrisamh\u00e4lle blev bilder av kvinnor och m\u00e4n i folkdr\u00e4kter fr\u00e5n Dalarna ett mode i tiden. Genrem\u00e5leri, porslin med dekor av m\u00e5lade dalkullor och tryckta bil- der med samma motiv spred uppfattningen om det romantiska bondesamh\u00e4llet. Ett samh\u00e4lle som var p\u00e5 v\u00e4g att f\u00f6rsvinna och som doku- menterades och spreds via den massproducerade konsten.<br \/>\nI skedet mellan bondesamh\u00e4lle och industri- samh\u00e4lle fungerade bilderna i den massprodu- cerade konsten p\u00e5 precis samma s\u00e4tt som TV,<\/p>\n<p>film, internet och andra medier g\u00f6r i dag. De f\u00f6rmedlade kunskap och kommunikation kring motiven och de h\u00e4ndelser som skildrades.<br \/>\nSveriges museer har, enligt den senaste museiutredningen, cirka 62 miljoner bilder i sitt f\u00f6rvar. Bilder, som tas om hand av professionel- la h\u00e4nder, i syrafria kartonger och klimatiserade magasin. Vi betalar med gemensamma medel.<br \/>\nVi som allm\u00e4nhet kan ta del av alla dessa fo- ton. Kanske hittar vi s\u00e5dana k\u00e4llor av kunskap att skola och universitet skapar helt ny kunskap. T\u00e4nk att koppla ihop samtid och d\u00e5tid i bild!<br \/>\nMen alla dessa bilder har olika upphovsm\u00e4n och upphovsr\u00e4tten stipulerar olika skyddstid f\u00f6r fotografisk bild respektive fotografiskt verk. I flera fall finns det ingen upphovsman angiven p\u00e5 fotografiet och det kan vara sv\u00e5rt att bed\u00f6ma huruvida det \u00e4r en fotografisk bild eller ett fotografiskt verk.<br \/>\nI dag anser flera museer att lagar och avtal kring upphovsr\u00e4tten \u00e4r s\u00e5 kr\u00e5ngliga att de inte v\u00e5gar publicera de bilder de f\u00f6rvaltar f\u00f6r all- m\u00e4nhetens r\u00e4kning. F\u00f6ljden blir att vi inte kan ta del av de fotografier som tillh\u00f6r v\u00e5rt kollek- tiva minne och som vi betalar f\u00f6r via skatten.<br \/>\nDet \u00e4r n\u00e5got fel n\u00e4r det \u00e4r tekniskt m\u00f6jligt att n\u00e4stan var som helst i v\u00e4rlden ladda ner och upp bilder till andra anv\u00e4ndare att kommunice- ra med, men samtidigt om\u00f6jligt f\u00f6r museer att publicera bilder ur sina samlingar p\u00e5 grund av tolkning av upphovsr\u00e4ttslagen. Museerna m\u00e5ste bli modigare och st\u00e5 f\u00f6r sitt uppdrag att g\u00f6ra kultur och historia anv\u00e4ndbar och intressant f\u00f6r oss medborgare.<\/p>\n<p>&nbsp;<\/p>\n<p>Text: Karin Linder<\/p>\n<p>&nbsp;<\/p>\n<p>Karin Linder \u00e4r f\u00f6rbundsordf\u00f6rande f\u00f6r\u00a0<a href=\"http:\/\/www.dik.se\/\">DIK \u0096- akademikerfacket f\u00f6r kultur och kommunikation.<\/a><br \/>\nKarin \u00e4r konsthistoriker och sinolog med inriktning p\u00e5 asiatisk keramik. Hon har medverkat i ett flertal b\u00f6cker i \u00e4mnet och producerat ett tjugotal utst\u00e4llningar p\u00e5 \u00d6stasiatiska Museet, Gustavsbergs Porslinsmuseum och Nationalmuseum. Som ordf\u00f6rande f\u00f6r DIK har hon fr\u00e4mst synts i debatter kring humanioras st\u00e4llning i samh\u00e4llet samt den digitala samtiden.<\/p>\n<p><a href=\"http:\/\/kulturbloggen.com\/?p=45708\">Du har v\u00e4l inte missat Kulturbloggens intervju med Karin Linder? L\u00e4s den h\u00e4r.<\/a><\/p>\n<p>Tidigare g\u00e4stinl\u00e4gg av Karin Linder:<br \/>\n<a href=\"http:\/\/kulturbloggen.com\/?p=47229\">E-boken \u00e4r pinsamt underutnyttjad<\/a><\/p>\n","protected":false},"excerpt":{"rendered":"<p>\u201dI dag anser flera museer att lagar och avtal kring upphovs-r\u00e4tten \u00e4r s\u00e5 kr\u00e5ngliga att de inte v\u00e5gar publicera de bilder de f\u00f6rvaltar.\u201d F\u00f6r n\u00e5gra veckor sedan laddade jag \u00f6ver mina foton i telefonen till datorn. D\u00e4r hittade jag allt fr\u00e5n roliga bilder p\u00e5 barnen till fotograferade tidtabeller, skyltar, signaturer p\u00e5 brev jag skrivit, vinetiketter, [&hellip;]<\/p>\n","protected":false},"author":14,"featured_media":49823,"comment_status":"open","ping_status":"open","sticky":false,"template":"","format":"standard","meta":{"_genesis_hide_title":false,"_genesis_hide_breadcrumbs":false,"_genesis_hide_singular_image":false,"_genesis_hide_footer_widgets":false,"_genesis_custom_body_class":"","_genesis_custom_post_class":"","_genesis_layout":"","footnotes":""},"categories":[62],"tags":[],"class_list":{"0":"post-49730","1":"post","2":"type-post","3":"status-publish","4":"format-standard","5":"has-post-thumbnail","7":"category-medie-och-kulturpolitik","8":"entry"},"_links":{"self":[{"href":"https:\/\/kulturbloggen.com\/index.php?rest_route=\/wp\/v2\/posts\/49730","targetHints":{"allow":["GET"]}}],"collection":[{"href":"https:\/\/kulturbloggen.com\/index.php?rest_route=\/wp\/v2\/posts"}],"about":[{"href":"https:\/\/kulturbloggen.com\/index.php?rest_route=\/wp\/v2\/types\/post"}],"author":[{"embeddable":true,"href":"https:\/\/kulturbloggen.com\/index.php?rest_route=\/wp\/v2\/users\/14"}],"replies":[{"embeddable":true,"href":"https:\/\/kulturbloggen.com\/index.php?rest_route=%2Fwp%2Fv2%2Fcomments&post=49730"}],"version-history":[{"count":2,"href":"https:\/\/kulturbloggen.com\/index.php?rest_route=\/wp\/v2\/posts\/49730\/revisions"}],"predecessor-version":[{"id":49824,"href":"https:\/\/kulturbloggen.com\/index.php?rest_route=\/wp\/v2\/posts\/49730\/revisions\/49824"}],"wp:featuredmedia":[{"embeddable":true,"href":"https:\/\/kulturbloggen.com\/index.php?rest_route=\/wp\/v2\/media\/49823"}],"wp:attachment":[{"href":"https:\/\/kulturbloggen.com\/index.php?rest_route=%2Fwp%2Fv2%2Fmedia&parent=49730"}],"wp:term":[{"taxonomy":"category","embeddable":true,"href":"https:\/\/kulturbloggen.com\/index.php?rest_route=%2Fwp%2Fv2%2Fcategories&post=49730"},{"taxonomy":"post_tag","embeddable":true,"href":"https:\/\/kulturbloggen.com\/index.php?rest_route=%2Fwp%2Fv2%2Ftags&post=49730"}],"curies":[{"name":"wp","href":"https:\/\/api.w.org\/{rel}","templated":true}]}}