{"id":49397,"date":"2012-02-25T09:16:25","date_gmt":"2012-02-25T08:16:25","guid":{"rendered":"http:\/\/kulturbloggen.com\/?p=49397"},"modified":"2012-03-01T00:25:00","modified_gmt":"2012-02-29T23:25:00","slug":"vinn-biljett-till-den-hyllade-filmen-avalon","status":"publish","type":"post","link":"https:\/\/kulturbloggen.com\/?p=49397","title":{"rendered":"Vinn biljett till den hyllade filmen Avalon"},"content":{"rendered":"<p><a href=\"http:\/\/kulturbloggen.com\/wp-content\/uploads\/2012\/02\/avalonfilmbild.jpg\"><img loading=\"lazy\" decoding=\"async\" src=\"http:\/\/kulturbloggen.com\/wp-content\/uploads\/2012\/02\/avalonfilmbild-300x198.jpg\" alt=\"\" title=\"avalonfilmbild\" width=\"300\" height=\"198\" class=\"aligncenter size-medium wp-image-49399\" srcset=\"https:\/\/kulturbloggen.com\/wp-content\/uploads\/2012\/02\/avalonfilmbild-300x198.jpg 300w, https:\/\/kulturbloggen.com\/wp-content\/uploads\/2012\/02\/avalonfilmbild-200x132.jpg 200w, https:\/\/kulturbloggen.com\/wp-content\/uploads\/2012\/02\/avalonfilmbild-175x116.jpg 175w, https:\/\/kulturbloggen.com\/wp-content\/uploads\/2012\/02\/avalonfilmbild-346x230.jpg 346w, https:\/\/kulturbloggen.com\/wp-content\/uploads\/2012\/02\/avalonfilmbild-98x65.jpg 98w, https:\/\/kulturbloggen.com\/wp-content\/uploads\/2012\/02\/avalonfilmbild-80x53.jpg 80w, https:\/\/kulturbloggen.com\/wp-content\/uploads\/2012\/02\/avalonfilmbild-150x99.jpg 150w, https:\/\/kulturbloggen.com\/wp-content\/uploads\/2012\/02\/avalonfilmbild.jpg 490w\" sizes=\"auto, (max-width: 300px) 100vw, 300px\" \/><\/a><br \/>\nFilmen Avalon hade premi\u00e4r p\u00e5 svenska biografer den 24 februari. Den har f\u00e5tt bra kritik, bland annat <a href=\"http:\/\/www.dn.se\/kultur-noje\/filmrecensioner\/avalon\">DN gav betyg 4 och skrev<\/a>:<\/p>\n<blockquote><p>Axel Peters\u00e9n imponerar stort med sin redan internationellt prisade l\u00e5ngfilmsdebut. Johannes Brost g\u00f6r ett of\u00f6rgl\u00f6mligt portr\u00e4tt av en pl\u00e5gad festfixare som drabbas av sitt livs st\u00f6rsta kris i B\u00e5stads glassiga jetset-milj\u00f6.<\/p><\/blockquote>\n<p>Kulturbloggen har f\u00e5tt tag p\u00e5 tio biobiljetter till den filmen av filmbolaget. Nu t\u00e4nkte vi att fem vinnare ska ha chansen att vinna tv\u00e5 biljetter var. <\/p>\n<p><del datetime=\"2012-02-29T23:24:22+00:00\">Vill du vara med och t\u00e4vla om biljetterna? G\u00f6r s\u00e5 h\u00e4r:<\/p>\n<p>1. Du mailar oss och ber\u00e4ttar varf\u00f6r just du ska vinna tv\u00e5 biljetter.<br \/>\n2. Maila till tavla (snabel-a) kulturbloggen.com<br \/>\n3. Gl\u00f6m inte att skicka med din postadress. Om vi inte vet vart vi ska skicka biljetterna, om du vinner, \u00e4r det r\u00e4tt meningsl\u00f6st att vinna.<br \/>\n4. Maila snabbt, t\u00e4vlingen st\u00e4nger den 29 februari 22.00.<\/del><\/p>\n<p><a href=\"http:\/\/kulturbloggen.com\/?p=49797\">T\u00e4vlingen \u00e4r nu avslutad. H\u00e4r kan du l\u00e4sa om vem som vann.<\/a><\/p>\n<p><strong><a href=\"http:\/\/kulturbloggen.com\/?p=49053\">H\u00e4r \u00e4r Kulturbloggens recension av Avalon<\/a><\/strong><\/p>\n<p><iframe loading=\"lazy\" width=\"560\" height=\"315\" src=\"http:\/\/www.youtube.com\/embed\/o28W8HPk928\" frameborder=\"0\" allowfullscreen><\/iframe><\/p>\n<p>Fler recensioner av Avalon: <a href=\"http:\/\/www.svd.se\/kultur\/film\/veckans-filmer_6875711.svd\">Svenska Dagbladet<\/a>, <a href=\"http:\/\/onyanserat.se\/recensioner\/avalon-recension\/\">Onyanserat<\/a>, <a href=\"http:\/\/www.gp.se\/kulturnoje\/film\/1.869267-avalon\">G\u00f6teborgposten<\/a>.<\/p>\n<p>L\u00e4s \u00e4ven andra bloggares \u00e5sikter om <a href=\"http:\/\/bloggar.se\/om\/Avalon\" rel=\"tag\">Avalon<\/a>, <a href=\"http:\/\/bloggar.se\/om\/t%E4vlingar\" rel=\"tag\">t\u00e4vlingar<\/a>, <a href=\"http:\/\/bloggar.se\/om\/biobiljetter\" rel=\"tag\">biobiljetter<\/a>, <a href=\"http:\/\/bloggar.se\/om\/film\" rel=\"tag\">film<\/a><\/p>\n","protected":false},"excerpt":{"rendered":"<p>Filmen Avalon hade premi\u00e4r p\u00e5 svenska biografer den 24 februari. Den har f\u00e5tt bra kritik, bland annat DN gav betyg 4 och skrev: Axel Peters\u00e9n imponerar stort med sin redan internationellt prisade l\u00e5ngfilmsdebut. Johannes Brost g\u00f6r ett of\u00f6rgl\u00f6mligt portr\u00e4tt av en pl\u00e5gad festfixare som drabbas av sitt livs st\u00f6rsta kris i B\u00e5stads glassiga jetset-milj\u00f6. Kulturbloggen [&hellip;]<\/p>\n","protected":false},"author":2,"featured_media":49398,"comment_status":"open","ping_status":"open","sticky":false,"template":"","format":"standard","meta":{"_genesis_hide_title":false,"_genesis_hide_breadcrumbs":false,"_genesis_hide_singular_image":false,"_genesis_hide_footer_widgets":false,"_genesis_custom_body_class":"","_genesis_custom_post_class":"","_genesis_layout":"","footnotes":""},"categories":[50],"tags":[7280,663,12286,6058],"class_list":{"0":"post-49397","1":"post","2":"type-post","3":"status-publish","4":"format-standard","5":"has-post-thumbnail","7":"category-filmfilm","8":"tag-avalon","9":"tag-biobiljetter","10":"tag-film","11":"tag-tavlingar","12":"entry"},"_links":{"self":[{"href":"https:\/\/kulturbloggen.com\/index.php?rest_route=\/wp\/v2\/posts\/49397","targetHints":{"allow":["GET"]}}],"collection":[{"href":"https:\/\/kulturbloggen.com\/index.php?rest_route=\/wp\/v2\/posts"}],"about":[{"href":"https:\/\/kulturbloggen.com\/index.php?rest_route=\/wp\/v2\/types\/post"}],"author":[{"embeddable":true,"href":"https:\/\/kulturbloggen.com\/index.php?rest_route=\/wp\/v2\/users\/2"}],"replies":[{"embeddable":true,"href":"https:\/\/kulturbloggen.com\/index.php?rest_route=%2Fwp%2Fv2%2Fcomments&post=49397"}],"version-history":[{"count":2,"href":"https:\/\/kulturbloggen.com\/index.php?rest_route=\/wp\/v2\/posts\/49397\/revisions"}],"predecessor-version":[{"id":49811,"href":"https:\/\/kulturbloggen.com\/index.php?rest_route=\/wp\/v2\/posts\/49397\/revisions\/49811"}],"wp:featuredmedia":[{"embeddable":true,"href":"https:\/\/kulturbloggen.com\/index.php?rest_route=\/wp\/v2\/media\/49398"}],"wp:attachment":[{"href":"https:\/\/kulturbloggen.com\/index.php?rest_route=%2Fwp%2Fv2%2Fmedia&parent=49397"}],"wp:term":[{"taxonomy":"category","embeddable":true,"href":"https:\/\/kulturbloggen.com\/index.php?rest_route=%2Fwp%2Fv2%2Fcategories&post=49397"},{"taxonomy":"post_tag","embeddable":true,"href":"https:\/\/kulturbloggen.com\/index.php?rest_route=%2Fwp%2Fv2%2Ftags&post=49397"}],"curies":[{"name":"wp","href":"https:\/\/api.w.org\/{rel}","templated":true}]}}