{"id":49239,"date":"2012-02-22T14:47:52","date_gmt":"2012-02-22T13:47:52","guid":{"rendered":"http:\/\/kulturbloggen.com\/?p=49239"},"modified":"2012-02-22T14:47:52","modified_gmt":"2012-02-22T13:47:52","slug":"skivrecension-den-svenska-bjornstammen-ett-fel-narmare-ratt","status":"publish","type":"post","link":"https:\/\/kulturbloggen.com\/?p=49239","title":{"rendered":"Skivrecension: Den svenska bj\u00f6rnstammen &#8211; Ett fel n\u00e4rmare r\u00e4tt"},"content":{"rendered":"<p><strong>Artist: Den svenska bj\u00f6rnstammen<br \/>\nAlbum: Ett fel n\u00e4rmare r\u00e4tt<br \/>\nBetyg: 5<\/strong><\/p>\n<p>Trots att de sju m\u00e4nnen fr\u00e5n Norrk\u00f6ping har n\u00e5tt ut till en bredare publik sedan de sl\u00e4ppte \u201dVart jag mig i v\u00e4rlden v\u00e4nder\u201d har de \u00e4nnu inte fallit f\u00f6r den farliga kommersialismen och gjort ett dubstep-album eller varf\u00f6r inte ett album enbart med l\u00e5ten \u201dVart jag mig i v\u00e4rlden v\u00e4nder\u201d fr\u00e5n sp\u00e5r ett till tolv. Jag fruktade faktiskt detta. Att debutalbumet Ett fel n\u00e4rmare r\u00e4tt skulle bli en slags matrealistisk och kall samling l\u00e5tar de motvilligt gjort f\u00f6r att beh\u00e5lla sina nya fans som b\u00f6rjat avguda dem efter \u201dVart jag mig i v\u00e4rlden v\u00e4nder\u201d (f\u00f6rl\u00e5t att jag misstrodde er!) Jag t\u00e4nkte att jag redan mer \u00e4n v\u00e4l visste att de stod med tomma h\u00e4nder vart de sig \u00e4n i v\u00e4rlden v\u00e4nde, och att jag ville ha n\u00e5got nytt, n\u00e5got jag aldrig h\u00f6rt f\u00f6rut. Nerv\u00f6st tryckte jag p\u00e5 play och l\u00e4t musiken bevisa att Den Svenska Bj\u00f6rnstammen g\u00e5r sin egen v\u00e4g, n\u00e4stan \u00e4r s\u00e5 indie man kan vara, har betydelsefulla texter som tydligt inte bara \u00e4r utfyllnadsord men samtidigt n\u00e4stan \u00e4r lika elektroniska som Slagsm\u00e5lsklubben, p\u00e5 n\u00e5got m\u00e4rkligt s\u00e4tt.<\/p>\n<p>En konstig kille som tyckte att Slagm\u00e5lsklubben var dryga sa en g\u00e5ng till mig att han lyssnat p\u00e5 \u201dde andra\u201d l\u00e5tarna av Den svenska bj\u00f6rnstammen, och jag f\u00f6rstod att han tragiskt nog menade alla andra l\u00e5tar f\u00f6rtom \u201dVart jag mig i v\u00e4rlden v\u00e4nder\u201d. Han tyckte att de var d\u00e5liga och trodde att Simon G\u00e4rdenfors fr\u00e5n Far &#038; Son och Las Palmas var med i Bj\u00f6rnstammen. Detta \u00e4r ett exempel p\u00e5 vilka slags fans \u201dVart jag mig i v\u00e4rlden v\u00e4nder\u201d orsakade. Men jag f\u00f6rl\u00e5ter \u00e4nd\u00e5 \u00c5ke Olofsson, Klas Isaksson, Ambj\u00f6rn G\u00f6ransson, Mattias G\u00f6ransson, Kim Dahlberg, Petter Frisendahl och Dan Br\u00e4nnvall f\u00f6r detta. Inte kunde v\u00e4l de veta hur stor \u201dVart jag mig  i v\u00e4rlden\u201d skulle bli. <\/p>\n<p>Ett fel n\u00e4rmare r\u00e4tt ger den bild av Den Svenska Bj\u00f6rnstammen de \u00e4r v\u00e4rda. Kanske skr\u00e4mmer den bort de o\u00e4kta fansen, kanske medf\u00f6r den en annan status hos dem sj\u00e4lva. En status som talar om att de verkligen v\u00e5gar g\u00f6ra vad de vill, att de g\u00f6r n\u00e5got ingen annan gjort f\u00f6rut och att de utan tvivel exprimenterar med \u00e4mnet musik s\u00e5 mycket som det bara g\u00e5r. Detta m\u00e4rks oerh\u00f6rt tydligt i detta debutalbum. Musiken i albumet f\u00e5r vem som helst, kanske till och med de o\u00e4kta fansen, att helt pl\u00f6tsligt sl\u00e4ppa alla sina problem och bara falla in i den oexisterande v\u00e4rlden d\u00e4r m\u00e4nniskor dansar med bj\u00f6rnar och vinden beh\u00f6ver svalkas. Jag \u00e4r faktiskt helt m\u00e5ll\u00f6s \u00f6ver vissa l\u00e5tar. Till exempel sp\u00e5r nummer fem, M\u00f6rkt kallt ljus. Hur Den svenska bj\u00f6rnstammen varierar mellan det sorgliga nedst\u00e4mda till det dansanta naiva, och hur snyggt de g\u00f6r det, \u00e4r ett mysterium. Det \u00e4r glad livlysten musik utan att bli irriterande f\u00f6r den ledsna samtidigt som det \u00e4r sorgset utan att bli f\u00f6r melankoliskt eller pretenti\u00f6st. De flesta l\u00e5tar p\u00e5 albumet \u00e4r en skildring av en person som \u00e4r p\u00e5 v\u00e4g att ge upp men \u00e4nd\u00e5 finner hoppet n\u00e5gonstans och f\u00f6rs\u00f6ker intala sig sj\u00e4lv att \u201dsen n\u00e4r inga sorger finns kvar, vad blir vi d\u00e5 lyckligare av?\u201d f\u00f6r att citera s\u00e5ngaren \u00c5kes ord som med sin personliga r\u00f6st i slutet av M\u00f6rkt kallt ljus sjunger detta, d\u00e4r variationen mellan nedst\u00e4mdheten och dansmusiken \u00e4r p\u00e5g\u00e5ende under hela l\u00e5ten.<\/p>\n<p>Att det \u00e4r m\u00f6jligt att \u00e5stadkomma s\u00e5\u2026 musikaliskt korrekt men samidigt helt utsp\u00e5rande musik. Jag f\u00f6rst\u00e5r det inte. De \u00e4r verkligen helt unika inom det dem g\u00f6r. Egentligen f\u00f6rtj\u00e4nar de internationell ber\u00f6mmelse samtidigt som de, f\u00f6r sitt eget b\u00e4sta, bara borde vara precis s\u00e5d\u00e4r lagom k\u00e4nda som de var n\u00e4r deras f\u00f6rsta EP sl\u00e4pptes. Det \u00e4r bara en tidsfr\u00e5ga innan hela m\u00e4nskligheten f\u00f6rst\u00e5r Den Svenska Bj\u00f6rnstammens storhet och sliter av deras sm\u00e5 bj\u00f6rntassar i ren desperation. Jag tror best\u00e4mt att detta \u00e4r det b\u00e4sta debutalbum jag n\u00e5gonsin h\u00f6rt. Det \u00e4r s\u00e5 starkt. S\u00e5 sj\u00e4lvklart. Jag undrar, k\u00e4ndes inte allting meningsl\u00f6st och gr\u00e5tt innan Den Svenska Bj\u00f6rnstammen fanns? Saknade man inte n\u00e5gonting extra? Jag tror det. Jag tror att jag s\u00f6kte efter n\u00e5got som gav mig mer \u00e4n bara tomma ord och intets\u00e4gande melodier. N\u00e4r jag nu har lyssnat p\u00e5 Ett fel n\u00e4rmare r\u00e4tt k\u00e4nner jag att jag inte l\u00e4ngre beh\u00f6ver leta efter det d\u00e4r extra, det speciella, det som egentligen inte skulle kunna existera. \u00c4r det inte en fysisk om\u00f6jlighet att g\u00f6ra s\u00e5 hederv\u00e4rt fantastisk musik? \u00c4r detta p\u00e5 riktigt?<\/p>\n<p>B\u00e4sta l\u00e5t: M\u00f6rkt kallt ljus och Who\u2019s that girl<\/p>\n<p><strong>Text: Izabelle Zeijlon<\/strong><\/p>\n","protected":false},"excerpt":{"rendered":"<p>Artist: Den svenska bj\u00f6rnstammen Album: Ett fel n\u00e4rmare r\u00e4tt Betyg: 5 Trots att de sju m\u00e4nnen fr\u00e5n Norrk\u00f6ping har n\u00e5tt ut till en bredare publik sedan de sl\u00e4ppte \u201dVart jag mig i v\u00e4rlden v\u00e4nder\u201d har de \u00e4nnu inte fallit f\u00f6r den farliga kommersialismen och gjort ett dubstep-album eller varf\u00f6r inte ett album enbart med l\u00e5ten [&hellip;]<\/p>\n","protected":false},"author":3,"featured_media":49240,"comment_status":"open","ping_status":"open","sticky":false,"template":"","format":"standard","meta":{"_genesis_hide_title":false,"_genesis_hide_breadcrumbs":false,"_genesis_hide_singular_image":false,"_genesis_hide_footer_widgets":false,"_genesis_custom_body_class":"","_genesis_custom_post_class":"","_genesis_layout":"","footnotes":""},"categories":[7,22],"tags":[6992,7307],"class_list":{"0":"post-49239","1":"post","2":"type-post","3":"status-publish","4":"format-standard","5":"has-post-thumbnail","7":"category-musik","8":"category-skivor","9":"tag-den-svenska-bjornstammen","10":"tag-ett-steg-narmare-ratt","11":"entry"},"_links":{"self":[{"href":"https:\/\/kulturbloggen.com\/index.php?rest_route=\/wp\/v2\/posts\/49239","targetHints":{"allow":["GET"]}}],"collection":[{"href":"https:\/\/kulturbloggen.com\/index.php?rest_route=\/wp\/v2\/posts"}],"about":[{"href":"https:\/\/kulturbloggen.com\/index.php?rest_route=\/wp\/v2\/types\/post"}],"author":[{"embeddable":true,"href":"https:\/\/kulturbloggen.com\/index.php?rest_route=\/wp\/v2\/users\/3"}],"replies":[{"embeddable":true,"href":"https:\/\/kulturbloggen.com\/index.php?rest_route=%2Fwp%2Fv2%2Fcomments&post=49239"}],"version-history":[{"count":1,"href":"https:\/\/kulturbloggen.com\/index.php?rest_route=\/wp\/v2\/posts\/49239\/revisions"}],"predecessor-version":[{"id":49241,"href":"https:\/\/kulturbloggen.com\/index.php?rest_route=\/wp\/v2\/posts\/49239\/revisions\/49241"}],"wp:featuredmedia":[{"embeddable":true,"href":"https:\/\/kulturbloggen.com\/index.php?rest_route=\/wp\/v2\/media\/49240"}],"wp:attachment":[{"href":"https:\/\/kulturbloggen.com\/index.php?rest_route=%2Fwp%2Fv2%2Fmedia&parent=49239"}],"wp:term":[{"taxonomy":"category","embeddable":true,"href":"https:\/\/kulturbloggen.com\/index.php?rest_route=%2Fwp%2Fv2%2Fcategories&post=49239"},{"taxonomy":"post_tag","embeddable":true,"href":"https:\/\/kulturbloggen.com\/index.php?rest_route=%2Fwp%2Fv2%2Ftags&post=49239"}],"curies":[{"name":"wp","href":"https:\/\/api.w.org\/{rel}","templated":true}]}}