{"id":49131,"date":"2012-02-21T07:58:43","date_gmt":"2012-02-21T06:58:43","guid":{"rendered":"http:\/\/kulturbloggen.com\/?p=49131"},"modified":"2012-02-21T08:00:54","modified_gmt":"2012-02-21T07:00:54","slug":"breivikmonologen-spelas-bade-i-danmark-och-i-norge","status":"publish","type":"post","link":"https:\/\/kulturbloggen.com\/?p=49131","title":{"rendered":"Breivikmonologen spelas b\u00e5de i Danmark och i Norge"},"content":{"rendered":"<p>Den kritiserade danska teaterpj\u00e4sen baserad p\u00e5 Anders Behring Breiviks manifest ska spelas \u00e4ven i Norge. Monologen f\u00e5r urpremi\u00e4r i K\u00f6penhamn i mitten av oktober. Sedan ska ensemblen f\u00f6rmodligen flygas direkt till Olso d\u00e4r den f\u00e5r premi\u00e4r dagen efter, skriver NRK. (<a href=\"http:\/\/www.svd.se\/kultur\/breivikmonolog-spelas-i-oslo_6865543.svd\">K\u00e4lla SVD<\/a>).<\/p>\n<p>&nbsp;<\/p>\n<p>Det \u00e4r den danska teatern Caf\u00e9teatret i K\u00f6penhamn som s\u00e4tter upp den norske massm\u00f6rdaren Anders Behring Breiviks manifest i sommar. (<a href=\"http:\/\/kulturbloggen.com\/?p=46924\">Vi skrev mer om det h\u00e4r.<\/a>) Bakom upps\u00e4ttningen \u201dManifest 2083\u2033 st\u00e5r den danske dramatikern och regiss\u00f6ren Christian Lollike som med pj\u00e4sen vill f\u00f6rs\u00f6ka f\u00f6rst\u00e5 varf\u00f6r \u201den f\u00f6rh\u00e5llandevis normal man kunde g\u00f6ra sig skyldig till ett s\u00e5 grovt brott\u201d,\u00a0<a href=\"http:\/\/www.gp.se\/kulturnoje\/1.832232-breiviks-manifest-blir-teater\">enligt G\u00f6teborgsposten<\/a>.<\/p>\n<p>I Norge \u00e4r reaktionerna starka mot detta.\u00a0<a href=\"http:\/\/www.vg.no\/nyheter\/innenriks\/oslobomben\/artikkel.php?artid=10075966\">Verdens Gang ber\u00e4ttar<\/a>:<br \/>\n<em>Ragnar Eikeland, leder for st\u00f8ttegruppen for ber\u00f8rte etter 22. juli i Hordaland, reagerer sterkt. Han mistet selv s\u00f8nnen Tore Eikeland p\u00e5 Ut\u00f8ya 22. juli.<\/em><\/p>\n<p><em>&#8211; Dette er st\u00e5 st\u00f8tende at jeg egentlig ikke har ord. Det blir en ekstra belastning for oss \u00e5 vite at dette blir fremf\u00f8rt av skuespillere mens rettssaken p\u00e5g\u00e5r, sier Eikeland.<\/em><\/p>\n<p>Teaterf\u00f6rest\u00e4llningen och reaktionerna p\u00e5 den s\u00e4tter fingret p\u00e5 kulturens och f\u00f6r den delen teaterns roll i samh\u00e4llet. Ska den ta upp s\u00e5dant som ber\u00f6r oss, ska den ta upp det som sker i samh\u00e4llet eller ska den bara stryka medh\u00e5rs och var underh\u00e5llande?<br \/>\n\u00c5 andra sidan, m\u00e4nniskor som s\u00f6rjer m\u00e5ste respekteras &#8211; och vissa saker m\u00e5ste f\u00e5 tid p\u00e5 sig. Det \u00e4r l\u00e4tt att f\u00f6rst\u00e5 b\u00e5da sidorna. L\u00e4tt att f\u00f6rst\u00e5 den dramatiker som vill f\u00f6rs\u00f6ka f\u00f6rst\u00e5 hur det kunde ske, l\u00e4tt att f\u00f6rst\u00e5 anh\u00f6riga som \u00e4r r\u00e4dda att Breiviks manifest ska f\u00e5 reklam genom att en teater tar upp den. <\/p>\n<p>Relaterat:<br \/>\n<a href=\"http:\/\/svt.se\/2.27170\/1.2681044\/breiviks_manifest_blir_teater_-_vacker_ilska\">Kulturnyheterna<\/a><\/p>\n<p><a href=\"http:\/\/www.vg.no\/nyheter\/innenriks\/oslobomben\/artikkel.php?artid=10076035\">Verdens Gang<\/a>\u00a0och\u00a0<a href=\"http:\/\/www.dn.se\/kultur-noje\/scen\/breiviks-manifest-blir-teater\">Dagens Nyheter<\/a>.<\/p>\n<p>L\u00e4s \u00e4ven andra bloggares \u00e5sikter om <a href=\"http:\/\/bloggar.se\/om\/Breivik\" rel=\"tag\">Breivik<\/a>, <a href=\"http:\/\/bloggar.se\/om\/Norge\" rel=\"tag\">Norge<\/a>, <a href=\"http:\/\/bloggar.se\/om\/Danmark\" rel=\"tag\">Danmark<\/a>, <a href=\"http:\/\/bloggar.se\/om\/teater\" rel=\"tag\">teater<\/a>, <a href=\"http:\/\/bloggar.se\/om\/kultur\" rel=\"tag\">kultur<\/a><\/p>\n","protected":false},"excerpt":{"rendered":"<p>Den kritiserade danska teaterpj\u00e4sen baserad p\u00e5 Anders Behring Breiviks manifest ska spelas \u00e4ven i Norge. Monologen f\u00e5r urpremi\u00e4r i K\u00f6penhamn i mitten av oktober. Sedan ska ensemblen f\u00f6rmodligen flygas direkt till Olso d\u00e4r den f\u00e5r premi\u00e4r dagen efter, skriver NRK. (K\u00e4lla SVD). &nbsp; Det \u00e4r den danska teatern Caf\u00e9teatret i K\u00f6penhamn som s\u00e4tter upp den [&hellip;]<\/p>\n","protected":false},"author":2,"featured_media":49136,"comment_status":"open","ping_status":"open","sticky":false,"template":"","format":"standard","meta":{"_genesis_hide_title":false,"_genesis_hide_breadcrumbs":false,"_genesis_hide_singular_image":false,"_genesis_hide_footer_widgets":false,"_genesis_custom_body_class":"","_genesis_custom_post_class":"","_genesis_layout":"","footnotes":""},"categories":[62,20,30],"tags":[6963,1125,3074,4032,12288],"class_list":{"0":"post-49131","1":"post","2":"type-post","3":"status-publish","4":"format-standard","5":"has-post-thumbnail","7":"category-medie-och-kulturpolitik","8":"category-film","9":"category-teater","10":"tag-breivik","11":"tag-danmark","12":"tag-kultur","13":"tag-norge","14":"tag-teater","15":"entry"},"_links":{"self":[{"href":"https:\/\/kulturbloggen.com\/index.php?rest_route=\/wp\/v2\/posts\/49131","targetHints":{"allow":["GET"]}}],"collection":[{"href":"https:\/\/kulturbloggen.com\/index.php?rest_route=\/wp\/v2\/posts"}],"about":[{"href":"https:\/\/kulturbloggen.com\/index.php?rest_route=\/wp\/v2\/types\/post"}],"author":[{"embeddable":true,"href":"https:\/\/kulturbloggen.com\/index.php?rest_route=\/wp\/v2\/users\/2"}],"replies":[{"embeddable":true,"href":"https:\/\/kulturbloggen.com\/index.php?rest_route=%2Fwp%2Fv2%2Fcomments&post=49131"}],"version-history":[{"count":4,"href":"https:\/\/kulturbloggen.com\/index.php?rest_route=\/wp\/v2\/posts\/49131\/revisions"}],"predecessor-version":[{"id":49138,"href":"https:\/\/kulturbloggen.com\/index.php?rest_route=\/wp\/v2\/posts\/49131\/revisions\/49138"}],"wp:featuredmedia":[{"embeddable":true,"href":"https:\/\/kulturbloggen.com\/index.php?rest_route=\/wp\/v2\/media\/49136"}],"wp:attachment":[{"href":"https:\/\/kulturbloggen.com\/index.php?rest_route=%2Fwp%2Fv2%2Fmedia&parent=49131"}],"wp:term":[{"taxonomy":"category","embeddable":true,"href":"https:\/\/kulturbloggen.com\/index.php?rest_route=%2Fwp%2Fv2%2Fcategories&post=49131"},{"taxonomy":"post_tag","embeddable":true,"href":"https:\/\/kulturbloggen.com\/index.php?rest_route=%2Fwp%2Fv2%2Ftags&post=49131"}],"curies":[{"name":"wp","href":"https:\/\/api.w.org\/{rel}","templated":true}]}}