{"id":49053,"date":"2012-02-19T22:42:30","date_gmt":"2012-02-19T21:42:30","guid":{"rendered":"http:\/\/kulturbloggen.com\/?p=49053"},"modified":"2012-02-19T22:42:30","modified_gmt":"2012-02-19T21:42:30","slug":"avalon-ett-guldkorn-pa-den-svenska-filmmarknaden","status":"publish","type":"post","link":"https:\/\/kulturbloggen.com\/?p=49053","title":{"rendered":"Avalon \u2013 ett guldkorn p\u00e5 den svenska filmmarknaden"},"content":{"rendered":"<p>Titel: Avalon<br \/>\nBetyg: 5<br \/>\nPremi\u00e4r: 24 februari<\/p>\n<p>I Axel Peters\u00e9ns debutfilm \u201dAvalon\u201d \u00e4r det tennisvecka i B\u00e5stad. 60-\u00e5riga Janne(Johannes Brost), som precis avtj\u00e4nat ett straff med fotboja, g\u00f6r ett halvhj\u00e4rtat f\u00f6rs\u00f6k att b\u00f6rja om p\u00e5 nytt och befinner sig p\u00e5 orten tillsammans med systern Jackie och sin j\u00e4mngamla aff\u00e4rspartner Klaes, f\u00f6r f\u00f6rberedningar av \u00f6ppningen till den nya nattklubben Avalon. Det f\u00f6rv\u00e4ntas bli en succ\u00e9, ett nytt partymecka f\u00f6r den festsugna eliten. Men n\u00e4r Janne av en olycksh\u00e4ndelse d\u00f6dar en baltisk byggarbetare f\u00f6rvandlas sommaridyllen i ett \u00f6verfl\u00f6d av alkohol och pengar, abrupt till en \u00e5ngestladdad verklighet. Som konsekvens dras han l\u00e5ngt ner i det m\u00f6rka tr\u00e4sket av kriminalitet.<\/p>\n<p><a href=\"http:\/\/kulturbloggen.com\/wp-content\/uploads\/2012\/02\/avalonPhotobyMansMansson.jpg\"><img loading=\"lazy\" decoding=\"async\" src=\"http:\/\/kulturbloggen.com\/wp-content\/uploads\/2012\/02\/avalonPhotobyMansMansson-300x210.jpg\" alt=\"\" title=\"avalonPhotobyMansMansson\" width=\"300\" height=\"210\" class=\"alignright size-medium wp-image-49055\" srcset=\"https:\/\/kulturbloggen.com\/wp-content\/uploads\/2012\/02\/avalonPhotobyMansMansson-300x210.jpg 300w, https:\/\/kulturbloggen.com\/wp-content\/uploads\/2012\/02\/avalonPhotobyMansMansson-1024x716.jpg 1024w, https:\/\/kulturbloggen.com\/wp-content\/uploads\/2012\/02\/avalonPhotobyMansMansson-200x140.jpg 200w, https:\/\/kulturbloggen.com\/wp-content\/uploads\/2012\/02\/avalonPhotobyMansMansson-175x122.jpg 175w, https:\/\/kulturbloggen.com\/wp-content\/uploads\/2012\/02\/avalonPhotobyMansMansson-328x230.jpg 328w, https:\/\/kulturbloggen.com\/wp-content\/uploads\/2012\/02\/avalonPhotobyMansMansson-92x65.jpg 92w, https:\/\/kulturbloggen.com\/wp-content\/uploads\/2012\/02\/avalonPhotobyMansMansson-80x56.jpg 80w, https:\/\/kulturbloggen.com\/wp-content\/uploads\/2012\/02\/avalonPhotobyMansMansson-150x105.jpg 150w, https:\/\/kulturbloggen.com\/wp-content\/uploads\/2012\/02\/avalonPhotobyMansMansson-590x413.jpg 590w, https:\/\/kulturbloggen.com\/wp-content\/uploads\/2012\/02\/avalonPhotobyMansMansson-920x644.jpg 920w, https:\/\/kulturbloggen.com\/wp-content\/uploads\/2012\/02\/avalonPhotobyMansMansson.jpg 1687w\" sizes=\"auto, (max-width: 300px) 100vw, 300px\" \/><\/a>\u201dAvalon\u201d har blivit internationellt uppm\u00e4rksammad och vann priset Discovery Section Award p\u00e5 den prominenta filmfestivalen i Toronto. Nyligen visades den \u00e4ven p\u00e5 Berlinale, d\u00e4r den blivit utvald till sektionen Forum, som fokuserar p\u00e5 framtidsl\u00f6ften i gr\u00e4nslandet mellan konst och film. Johannes Brost f\u00e5r h\u00e4r, efter m\u00e5nga \u00e5rs fr\u00e5nvaro fr\u00e5n vita duken, sin revansch och g\u00f6r en lysande gestaltning av en man som sedan en l\u00e5ng tid tillbaka passerat sitt b\u00e4stf\u00f6redatum. Motspelarna i den f\u00f6rfallna trion, Leonore Ekstrand och Peter Carlberg, g\u00f6r \u00e4ven bra prestationer som tv\u00e5 sorgliga figurer som lever f\u00f6r dagen och f\u00f6rs\u00f6ker avs\u00e4ga sig allt ansvar genom att desperat h\u00e5lla kvar vid ungdomen. Nostalgin och de gamla minnena fr\u00e5n den ljuva tiden g\u00f6r sig tydlig i en scen n\u00e4r ljuset fr\u00e5n discokulan tr\u00e4ffar Janne som ensam dansar i den tomma nattklubbslokalen till 80-talshiten \u201dAvalon\u201d. <\/p>\n<p>\u201dAvalon\u201d \u00e4r en stils\u00e4ker och imponerande l\u00e5ngfilmsdebut med ett skickligt kameraarbete och ett konstn\u00e4rligt bildspr\u00e5k som fascinerar. Med kameravandringar \u00f6ver vackra landskap i kontrast till brottslighetens smuts ber\u00e4ttas det om en samtid som majest\u00e4tiskt mynnar ut i en d\u00e4mpad version av nationals\u00e5ngen. Denna dramathriller som skildrar en festande generation som v\u00e4grar v\u00e4xa upp \u00e4r en riktig fulltr\u00e4ff, utf\u00f6rd med finess, och ett guldkorn p\u00e5 den svenska filmmarknaden.<\/p>\n<p><strong>Text: Victoria Machmudov<\/strong><\/p>\n<p><a href=\"http:\/\/kulturbloggen.com\/wp-content\/uploads\/2012\/02\/avalon2.jpg\"><img loading=\"lazy\" decoding=\"async\" src=\"http:\/\/kulturbloggen.com\/wp-content\/uploads\/2012\/02\/avalon2.jpg\" alt=\"\" title=\"avalon2\" width=\"276\" height=\"183\" class=\"aligncenter size-full wp-image-49056\" srcset=\"https:\/\/kulturbloggen.com\/wp-content\/uploads\/2012\/02\/avalon2.jpg 276w, https:\/\/kulturbloggen.com\/wp-content\/uploads\/2012\/02\/avalon2-200x132.jpg 200w, https:\/\/kulturbloggen.com\/wp-content\/uploads\/2012\/02\/avalon2-175x116.jpg 175w, https:\/\/kulturbloggen.com\/wp-content\/uploads\/2012\/02\/avalon2-98x65.jpg 98w, https:\/\/kulturbloggen.com\/wp-content\/uploads\/2012\/02\/avalon2-80x53.jpg 80w, https:\/\/kulturbloggen.com\/wp-content\/uploads\/2012\/02\/avalon2-150x99.jpg 150w\" sizes=\"auto, (max-width: 276px) 100vw, 276px\" \/><\/a><\/p>\n<p>L\u00e4s \u00e4ven andra bloggares \u00e5sikter om <a href=\"http:\/\/bloggar.se\/om\/Avalon\" rel=\"tag\">Avalon<\/a>, <a href=\"http:\/\/bloggar.se\/om\/film\" rel=\"tag\">film<\/a>, <a href=\"http:\/\/bloggar.se\/om\/filmrecension\" rel=\"tag\">filmrecension<\/a>, <a href=\"http:\/\/bloggar.se\/om\/Johannes+Brost\" rel=\"tag\">Johannes Brost<\/a><\/p>\n","protected":false},"excerpt":{"rendered":"<p>Titel: Avalon Betyg: 5 Premi\u00e4r: 24 februari I Axel Peters\u00e9ns debutfilm \u201dAvalon\u201d \u00e4r det tennisvecka i B\u00e5stad. 60-\u00e5riga Janne(Johannes Brost), som precis avtj\u00e4nat ett straff med fotboja, g\u00f6r ett halvhj\u00e4rtat f\u00f6rs\u00f6k att b\u00f6rja om p\u00e5 nytt och befinner sig p\u00e5 orten tillsammans med systern Jackie och sin j\u00e4mngamla aff\u00e4rspartner Klaes, f\u00f6r f\u00f6rberedningar av \u00f6ppningen till [&hellip;]<\/p>\n","protected":false},"author":13,"featured_media":49054,"comment_status":"open","ping_status":"open","sticky":false,"template":"","format":"standard","meta":{"_genesis_hide_title":false,"_genesis_hide_breadcrumbs":false,"_genesis_hide_singular_image":false,"_genesis_hide_footer_widgets":false,"_genesis_custom_body_class":"","_genesis_custom_post_class":"","_genesis_layout":"","footnotes":""},"categories":[50,51,16],"tags":[7280,1738,7281,12286],"class_list":{"0":"post-49053","1":"post","2":"type-post","3":"status-publish","4":"format-standard","5":"has-post-thumbnail","7":"category-filmfilm","8":"category-filmer","9":"category-recension","10":"tag-avalon","11":"tag-filmrecension","12":"tag-johannes-brost","13":"tag-film","14":"entry"},"_links":{"self":[{"href":"https:\/\/kulturbloggen.com\/index.php?rest_route=\/wp\/v2\/posts\/49053","targetHints":{"allow":["GET"]}}],"collection":[{"href":"https:\/\/kulturbloggen.com\/index.php?rest_route=\/wp\/v2\/posts"}],"about":[{"href":"https:\/\/kulturbloggen.com\/index.php?rest_route=\/wp\/v2\/types\/post"}],"author":[{"embeddable":true,"href":"https:\/\/kulturbloggen.com\/index.php?rest_route=\/wp\/v2\/users\/13"}],"replies":[{"embeddable":true,"href":"https:\/\/kulturbloggen.com\/index.php?rest_route=%2Fwp%2Fv2%2Fcomments&post=49053"}],"version-history":[{"count":1,"href":"https:\/\/kulturbloggen.com\/index.php?rest_route=\/wp\/v2\/posts\/49053\/revisions"}],"predecessor-version":[{"id":49057,"href":"https:\/\/kulturbloggen.com\/index.php?rest_route=\/wp\/v2\/posts\/49053\/revisions\/49057"}],"wp:featuredmedia":[{"embeddable":true,"href":"https:\/\/kulturbloggen.com\/index.php?rest_route=\/wp\/v2\/media\/49054"}],"wp:attachment":[{"href":"https:\/\/kulturbloggen.com\/index.php?rest_route=%2Fwp%2Fv2%2Fmedia&parent=49053"}],"wp:term":[{"taxonomy":"category","embeddable":true,"href":"https:\/\/kulturbloggen.com\/index.php?rest_route=%2Fwp%2Fv2%2Fcategories&post=49053"},{"taxonomy":"post_tag","embeddable":true,"href":"https:\/\/kulturbloggen.com\/index.php?rest_route=%2Fwp%2Fv2%2Ftags&post=49053"}],"curies":[{"name":"wp","href":"https:\/\/api.w.org\/{rel}","templated":true}]}}