{"id":48905,"date":"2012-02-18T09:36:36","date_gmt":"2012-02-18T08:36:36","guid":{"rendered":"http:\/\/kulturbloggen.com\/?p=48905"},"modified":"2012-03-05T08:39:00","modified_gmt":"2012-03-05T07:39:00","slug":"tosca-fascist-javisst-i-reaktorhallen-pa-kth","status":"publish","type":"post","link":"https:\/\/kulturbloggen.com\/?p=48905","title":{"rendered":"Tosca &#8221;Fascist Javisst&#8221; i Reaktorhallen p\u00e5 KTH"},"content":{"rendered":"<p><a href=\"http:\/\/kulturbloggen.com\/wp-content\/uploads\/2012\/02\/toscafascistjavisst.jpg\"><img loading=\"lazy\" decoding=\"async\" class=\"alignleft size-medium wp-image-48906\" src=\"http:\/\/kulturbloggen.com\/wp-content\/uploads\/2012\/02\/toscafascistjavisst-300x200.jpg\" alt=\"\" width=\"300\" height=\"200\" srcset=\"https:\/\/kulturbloggen.com\/wp-content\/uploads\/2012\/02\/toscafascistjavisst-300x200.jpg 300w, https:\/\/kulturbloggen.com\/wp-content\/uploads\/2012\/02\/toscafascistjavisst-1024x682.jpg 1024w, https:\/\/kulturbloggen.com\/wp-content\/uploads\/2012\/02\/toscafascistjavisst-200x133.jpg 200w, https:\/\/kulturbloggen.com\/wp-content\/uploads\/2012\/02\/toscafascistjavisst-175x116.jpg 175w, https:\/\/kulturbloggen.com\/wp-content\/uploads\/2012\/02\/toscafascistjavisst-345x230.jpg 345w, https:\/\/kulturbloggen.com\/wp-content\/uploads\/2012\/02\/toscafascistjavisst-97x65.jpg 97w, https:\/\/kulturbloggen.com\/wp-content\/uploads\/2012\/02\/toscafascistjavisst-80x53.jpg 80w, https:\/\/kulturbloggen.com\/wp-content\/uploads\/2012\/02\/toscafascistjavisst-150x100.jpg 150w, https:\/\/kulturbloggen.com\/wp-content\/uploads\/2012\/02\/toscafascistjavisst-590x393.jpg 590w, https:\/\/kulturbloggen.com\/wp-content\/uploads\/2012\/02\/toscafascistjavisst-920x613.jpg 920w\" sizes=\"auto, (max-width: 300px) 100vw, 300px\" \/><\/a>Tosca &#8221;Fascist Javisst&#8221;<\/p>\n<p>Reaktorhallen p\u00e5 KTH<\/p>\n<p>F\u00f6rest\u00e4llning 17\/2 2012<\/p>\n<p>Det blev en sp\u00e4nnande och intressant operaupplevelse, Tosca \u201dFascist Javisst\u201d, men det hade jag \u00e5 andra sidan r\u00e4knat med, redan n\u00e4r jag i l\u00e4ste om f\u00f6rest\u00e4llningen i OV-Revyn, Operav\u00e4nnerna vid Kungliga Operan\u00b4s medlemsblad.<\/p>\n<blockquote><p>&nbsp;<\/p>\n<p>Operakonsten har historiskt sett varit mycket politisk. Mozart, Verdi och Wagner hade alla p\u00e5 sina s\u00e4tt en politisk agenda, f\u00f6r att n\u00e4mna ett f\u00e5tal exempel. Inom teatern idag lever p\u00e5 m\u00e5nga h\u00e5ll den politiska agendan kvar, men vi anser att den debattv\u00e4ckande kraften inom operan har g\u00e5tt f\u00f6rlorad. D\u00e4rf\u00f6r vill OperaRepubliken vara en motkraft mot den museala konserveringen av v\u00e5r fantastiska operakonst.<\/p>\n<p>All heder \u00e5t Kungliga Operan och Folkoperans arbete, men vi tycker det l\u00e4nge har varit f\u00f6r f\u00e5 plattformar f\u00f6r opera i Stockholm. Stora st\u00e4der med en h\u00f6g kulturprofil b\u00f6r ha ett flertal \u201dunderground\u201d-scener som en motvikt till institutionerna. \u00c4ven inom musikteater. Vi vill g\u00e4rna j\u00e4mf\u00f6ra med Tyskland och Berlin d\u00e4r v\u00e5ra f\u00f6rebilder heter bl a Oper Dynamo West och Neuk\u00f6llner Oper.<\/p>\n<p>Detta \u00e4r vad vi vill skapa i Stockholm. En operagrupp som har en h\u00f6g konstn\u00e4rlig profil, en vilja att v\u00e4cka debatt och som har m\u00f6jlighet att n\u00e5 ut till b\u00e5de en ny och en etablerad publik.<\/p>\n<p>Vi har ingen fast scen utan skapar scenrummet d\u00e4r det passar oss och det vi vill ber\u00e4tta.<\/p><\/blockquote>\n<p>F\u00f6rest\u00e4llningen tog plats i Reaktorhallen ute p\u00e5 KTH och scenen \u00e4r bel\u00e4gen 30 meter under marken. Vi gick ner till v\u00e5ra platser genom trapporna, men det fanns ocks\u00e5 m\u00f6jlighet att \u00e5ka hiss, men som pigg pension\u00e4r s\u00e5 \u00f6verv\u00e4gdes inte den m\u00f6jligheten, men nu s\u00e5 h\u00e4r i efterhand \u00e4r det att rekommendera att du tar hissen upp till markplanet.<\/p>\n<p>Redan i entr\u00e9n b\u00f6rjade sj\u00e4lva f\u00f6rest\u00e4llningen med en genomg\u00e5ng av ordningsregler inf\u00f6r bes\u00f6ket av en av de medverkanden, Margareta Dalhamn sminkad som clown och det skulle visa sig senare under f\u00f6rest\u00e4llningen att hon hade en ledande roll i f\u00f6rest\u00e4llningen.<\/p>\n<p>Scenrummet var som ett avkl\u00e4tt rum och d\u00e4r man utnyttjade rummets alla m\u00f6jligheter och \u00e4ven om s\u00e5ngr\u00f6sterna ibland studsade s\u00e5 anser jag att lokalen gav deras r\u00f6ster ett s\u00e4rskilt djup \u00e5t deras r\u00f6ster, vilket s\u00e4rskilt g\u00e4llde tenoren Peter Gr\u00f6ning. Kanske f\u00f6r att han sj\u00f6ng fr\u00e5n olika st\u00e4llen p\u00e5 scenen.<\/p>\n<p>Musik och handling byggde i all v\u00e4sentligt p\u00e5 Puccinis opera, men \u00e4nd\u00e5 inte och detta d\u00e4rf\u00f6r att det ocks\u00e5 fanns med musik av andra komposit\u00f6rer. Handlingen utspelar sig sj\u00e4lvklart ocks\u00e5 i en annan tid och f\u00f6rmodligen handlar det om v\u00e5r tid eller rent av n\u00e5got in i framtiden.<\/p>\n<p>Hursomhelst var det en fascinerande upplevelse \u00e4ven om det var en del saker som jag \u00e4nnu inte riktigt har tagit till mig. Till exempel varf\u00f6r var Floria Tosca stum eller mimade till s\u00e5ngen och var det Angela Rotondo som hade spelat in sin r\u00f6st?<\/p>\n<p>Musikframf\u00f6randet sk\u00f6ttes av David Wahl\u00e9n och i huvudsak med hj\u00e4lp av ett accordeon, som jag till vardags nog skulle kalla f\u00f6r ett dragspel.<\/p>\n<p>Det blev allts\u00e5 en intensiv och intressant operaupplevelse och till denna upplevelse samverkar musik, s\u00e5ng, ljus och scenografi. S\u00e5ngarnas prestationer l\u00e4mnar inte mycket i \u00f6vrigt att \u00f6nska och det sj\u00f6ngs s\u00e5v\u00e4l p\u00e5 svenska, italienska och engelska. En politisk Tosca i tiden!<\/p>\n<p><strong>Recensioner<\/strong><\/p>\n<p><a href=\"http:\/\/www.svd.se\/kultur\/scen\/val-vart-vandringen_6860547.svd\">Bo L\u00f6fvendahl i SvD<\/a><\/p>\n<p><a href=\"http:\/\/www.expressen.se\/kultur\/r1an-tosca\/\">Hanna H\u00f6glund i Expressen<\/a><\/p>\n<p><a href=\"http:\/\/kimkahn.blogspot.com\/2012\/02\/tosca-javisst.html?spref=fb\">En operaovan bloggares intryck<\/a><\/p>\n<p><a href=\"http:\/\/www.dn.se\/kultur-noje\/scenrecensioner\/tosca-eller-fascist-javisst-pa-kungliga-tekniska-hogskolan\">DN om f\u00f6rest\u00e4llningen<\/a><\/p>\n<p><strong>Produktionsteam<\/strong><\/p>\n<p>Kostym &amp; Scenografi: Marcus Olson<\/p>\n<p>Ljus &amp; Scenografi: Markus Granqvist<\/p>\n<p>Musikalisk ledning\/ackordeon: David Wahl\u00e9n<\/p>\n<p>Mask: Angelica Ekeberg<\/p>\n<p>Dramaturg: Magnus Lindman<\/p>\n<p>Ljudeffekter: David Wahl\u00e9n &amp; H\u00e5kan Starkenberg<\/p>\n<p>Regiassistent: Millan Alfv\u00e9n<\/p>\n<p>Regiss\u00f6r: H\u00e5kan Starkenberg<\/p>\n<p>Medverkande:<\/p>\n<p>Margareta Dalhamn<\/p>\n<p>Malin \u00d6hrn<\/p>\n<p>Peter Kajlinger<\/p>\n<p>Peter Gr\u00f6ning.David Wahl\u00e9n<\/p>\n<p>Angela Rotondo<\/p>\n<p>Martin Virin<\/p>\n<p>Staffan Granrot<\/p>\n<p>Elever fr\u00e5n Kulturama Fria Gymnasium<\/p>\n<p>Medlemmar ur Tensta Gospel<\/p>\n<p>Foto: M G\u00e5rder<\/p>\n<p>&nbsp;<\/p>\n","protected":false},"excerpt":{"rendered":"<p>Tosca &#8221;Fascist Javisst&#8221; Reaktorhallen p\u00e5 KTH F\u00f6rest\u00e4llning 17\/2 2012 Det blev en sp\u00e4nnande och intressant operaupplevelse, Tosca \u201dFascist Javisst\u201d, men det hade jag \u00e5 andra sidan r\u00e4knat med, redan n\u00e4r jag i l\u00e4ste om f\u00f6rest\u00e4llningen i OV-Revyn, Operav\u00e4nnerna vid Kungliga Operan\u00b4s medlemsblad. &nbsp; Operakonsten har historiskt sett varit mycket politisk. Mozart, Verdi och Wagner hade [&hellip;]<\/p>\n","protected":false},"author":13,"featured_media":0,"comment_status":"open","ping_status":"open","sticky":false,"template":"","format":"standard","meta":{"_genesis_hide_title":false,"_genesis_hide_breadcrumbs":false,"_genesis_hide_singular_image":false,"_genesis_hide_footer_widgets":false,"_genesis_custom_body_class":"","_genesis_custom_post_class":"","_genesis_layout":"","footnotes":""},"categories":[20],"tags":[7261,7260,5400,7259],"class_list":{"0":"post-48905","1":"post","2":"type-post","3":"status-publish","4":"format-standard","6":"category-film","7":"tag-kth","8":"tag-reaktorhallen","9":"tag-stockholm","10":"tag-tosca-fascistjavisst","11":"entry"},"_links":{"self":[{"href":"https:\/\/kulturbloggen.com\/index.php?rest_route=\/wp\/v2\/posts\/48905","targetHints":{"allow":["GET"]}}],"collection":[{"href":"https:\/\/kulturbloggen.com\/index.php?rest_route=\/wp\/v2\/posts"}],"about":[{"href":"https:\/\/kulturbloggen.com\/index.php?rest_route=\/wp\/v2\/types\/post"}],"author":[{"embeddable":true,"href":"https:\/\/kulturbloggen.com\/index.php?rest_route=\/wp\/v2\/users\/13"}],"replies":[{"embeddable":true,"href":"https:\/\/kulturbloggen.com\/index.php?rest_route=%2Fwp%2Fv2%2Fcomments&post=48905"}],"version-history":[{"count":10,"href":"https:\/\/kulturbloggen.com\/index.php?rest_route=\/wp\/v2\/posts\/48905\/revisions"}],"predecessor-version":[{"id":49090,"href":"https:\/\/kulturbloggen.com\/index.php?rest_route=\/wp\/v2\/posts\/48905\/revisions\/49090"}],"wp:attachment":[{"href":"https:\/\/kulturbloggen.com\/index.php?rest_route=%2Fwp%2Fv2%2Fmedia&parent=48905"}],"wp:term":[{"taxonomy":"category","embeddable":true,"href":"https:\/\/kulturbloggen.com\/index.php?rest_route=%2Fwp%2Fv2%2Fcategories&post=48905"},{"taxonomy":"post_tag","embeddable":true,"href":"https:\/\/kulturbloggen.com\/index.php?rest_route=%2Fwp%2Fv2%2Ftags&post=48905"}],"curies":[{"name":"wp","href":"https:\/\/api.w.org\/{rel}","templated":true}]}}