{"id":48597,"date":"2012-02-14T08:53:47","date_gmt":"2012-02-14T07:53:47","guid":{"rendered":"http:\/\/kulturbloggen.com\/?p=48597"},"modified":"2012-02-14T11:54:05","modified_gmt":"2012-02-14T10:54:05","slug":"videopremiar-thomas-stenstrom-krossade-drommar","status":"publish","type":"post","link":"https:\/\/kulturbloggen.com\/?p=48597","title":{"rendered":"Videopremi\u00e4r: Thomas Stenstr\u00f6m &#8211; Krossade dr\u00f6mmar"},"content":{"rendered":"<p>S\u00e5ngaren och l\u00e5tskrivaren Thomas Stenstr\u00f6m sl\u00e4ppte i somras singeln &#8221;Detsamma&#8221; och l\u00e5ten blev omedelbart en succ\u00e9 och under hela h\u00f6sten har l\u00e5ten spelats flitigt p\u00e5 radiorotationer.<\/p>\n<p>Nu \u00e4r \u00e4ntligen uppf\u00f6ljaren \u201cKrossade Dr\u00f6mmar\u201d h\u00e4r. Den \u00e4r ocks\u00e5 producerad av Jake Oh (Jacob Olofsson). I den hypnotiserar Thomas oss med sin starka personlighet och fantastiska texter som \u00e4r v\u00e4ldigt n\u00e4ra och ofta sj\u00e4lvupplevda. <\/p>\n<p>Thomas:<\/p>\n<p>&#8221;Det jag vill s\u00e4ga med denna l\u00e5t \u00e4r att man alltid ska sikta s\u00e5 j\u00e4vla h\u00f6gt man kan.<br \/>\nOch att det alltid \u00e4r ok att ha storhetsvansinne, om man kan glida tillbaka till verkligheten sen.<br \/>\nVideoregiss\u00f6ren Mats Udd och hans g\u00e4ng har verkligen lyckats f\u00e5nga den dr\u00f6mska k\u00e4nslan som finns i l\u00e5ten.<br \/>\nS\u00e5 nu hoppas jag att videon sprids som en l\u00f6peld i v\u00e5rt l\u00e5nga mellanmj\u00f6lksland!  &#8221;<\/p>\n<p>Thomas har under h\u00f6sten 2011 varit i Chicago och i en stuga p\u00e5 Svenska landsbygden f\u00f6r att skriva p\u00e5 sin kommande debutskiva som nu \u00e4r inspelad och klar. Vi ser fram emot en release april 2012.<\/p>\n<p><iframe loading=\"lazy\" width=\"560\" height=\"315\" src=\"http:\/\/www.youtube.com\/embed\/p574iJpkb5c\" frameborder=\"0\" allowfullscreen><\/iframe><\/p>\n","protected":false},"excerpt":{"rendered":"<p>S\u00e5ngaren och l\u00e5tskrivaren Thomas Stenstr\u00f6m sl\u00e4ppte i somras singeln &#8221;Detsamma&#8221; och l\u00e5ten blev omedelbart en succ\u00e9 och under hela h\u00f6sten har l\u00e5ten spelats flitigt p\u00e5 radiorotationer. Nu \u00e4r \u00e4ntligen uppf\u00f6ljaren \u201cKrossade Dr\u00f6mmar\u201d h\u00e4r. Den \u00e4r ocks\u00e5 producerad av Jake Oh (Jacob Olofsson). I den hypnotiserar Thomas oss med sin starka personlighet och fantastiska texter som [&hellip;]<\/p>\n","protected":false},"author":3,"featured_media":48601,"comment_status":"open","ping_status":"open","sticky":false,"template":"","format":"standard","meta":{"_genesis_hide_title":false,"_genesis_hide_breadcrumbs":false,"_genesis_hide_singular_image":false,"_genesis_hide_footer_widgets":false,"_genesis_custom_body_class":"","_genesis_custom_post_class":"","_genesis_layout":"","footnotes":""},"categories":[7],"tags":[7219,7218],"class_list":{"0":"post-48597","1":"post","2":"type-post","3":"status-publish","4":"format-standard","5":"has-post-thumbnail","7":"category-musik","8":"tag-krossade-drommar","9":"tag-thomas-stenstrom","10":"entry"},"_links":{"self":[{"href":"https:\/\/kulturbloggen.com\/index.php?rest_route=\/wp\/v2\/posts\/48597","targetHints":{"allow":["GET"]}}],"collection":[{"href":"https:\/\/kulturbloggen.com\/index.php?rest_route=\/wp\/v2\/posts"}],"about":[{"href":"https:\/\/kulturbloggen.com\/index.php?rest_route=\/wp\/v2\/types\/post"}],"author":[{"embeddable":true,"href":"https:\/\/kulturbloggen.com\/index.php?rest_route=\/wp\/v2\/users\/3"}],"replies":[{"embeddable":true,"href":"https:\/\/kulturbloggen.com\/index.php?rest_route=%2Fwp%2Fv2%2Fcomments&post=48597"}],"version-history":[{"count":2,"href":"https:\/\/kulturbloggen.com\/index.php?rest_route=\/wp\/v2\/posts\/48597\/revisions"}],"predecessor-version":[{"id":48604,"href":"https:\/\/kulturbloggen.com\/index.php?rest_route=\/wp\/v2\/posts\/48597\/revisions\/48604"}],"wp:featuredmedia":[{"embeddable":true,"href":"https:\/\/kulturbloggen.com\/index.php?rest_route=\/wp\/v2\/media\/48601"}],"wp:attachment":[{"href":"https:\/\/kulturbloggen.com\/index.php?rest_route=%2Fwp%2Fv2%2Fmedia&parent=48597"}],"wp:term":[{"taxonomy":"category","embeddable":true,"href":"https:\/\/kulturbloggen.com\/index.php?rest_route=%2Fwp%2Fv2%2Fcategories&post=48597"},{"taxonomy":"post_tag","embeddable":true,"href":"https:\/\/kulturbloggen.com\/index.php?rest_route=%2Fwp%2Fv2%2Ftags&post=48597"}],"curies":[{"name":"wp","href":"https:\/\/api.w.org\/{rel}","templated":true}]}}