{"id":48296,"date":"2012-02-10T22:52:56","date_gmt":"2012-02-10T21:52:56","guid":{"rendered":"http:\/\/kulturbloggen.com\/?p=48296"},"modified":"2012-02-11T15:28:08","modified_gmt":"2012-02-11T14:28:08","slug":"recension-here-comes-the-sun-episoderna-ar-pjasens-styrka-men-aven-dess-svaghet","status":"publish","type":"post","link":"https:\/\/kulturbloggen.com\/?p=48296","title":{"rendered":"Here comes the sun &#8211; episoderna \u00e4r pj\u00e4sens styrka, men \u00e4ven dess svaghet"},"content":{"rendered":"<p>Here comes the sun<br \/>\nAv Klas Abrahamsson, Ronny Danielsson och Roger Lybeck<br \/>\n<a href=\"http:\/\/www.malmostadsteater.se\/\">Malm\u00f6 stadsteater<\/a><br \/>\nUrpremi\u00e4r 10 februari 2012<\/p>\n<p>Here comes the sun har ingen egentlig handling, det finns ingen ber\u00e4ttelse med b\u00f6rjan och slut. Pj\u00e4sen \u00e4r en betraktelse \u00f6ver d\u00f6den, baserad p\u00e5 intervjuer Klas Abrahamsson gjort med folk som lever n\u00e4ra d\u00f6den. Genom en rad episoder belyser pj\u00e4sen konceptet d\u00f6den utifr\u00e5n m\u00e5nga olika vinklar.<\/p>\n<p><a href=\"http:\/\/kulturbloggen.com\/wp-content\/uploads\/2012\/02\/herecomesthesun4.jpg\"><img loading=\"lazy\" decoding=\"async\" src=\"http:\/\/kulturbloggen.com\/wp-content\/uploads\/2012\/02\/herecomesthesun4-199x300.jpg\" alt=\"\" title=\"herecomesthesun4\" width=\"199\" height=\"300\" class=\"alignright size-medium wp-image-48298\" srcset=\"https:\/\/kulturbloggen.com\/wp-content\/uploads\/2012\/02\/herecomesthesun4-199x300.jpg 199w, https:\/\/kulturbloggen.com\/wp-content\/uploads\/2012\/02\/herecomesthesun4-149x225.jpg 149w, https:\/\/kulturbloggen.com\/wp-content\/uploads\/2012\/02\/herecomesthesun4-99x150.jpg 99w, https:\/\/kulturbloggen.com\/wp-content\/uploads\/2012\/02\/herecomesthesun4-153x230.jpg 153w, https:\/\/kulturbloggen.com\/wp-content\/uploads\/2012\/02\/herecomesthesun4-43x65.jpg 43w, https:\/\/kulturbloggen.com\/wp-content\/uploads\/2012\/02\/herecomesthesun4-53x80.jpg 53w, https:\/\/kulturbloggen.com\/wp-content\/uploads\/2012\/02\/herecomesthesun4.jpg 533w\" sizes=\"auto, (max-width: 199px) 100vw, 199px\" \/><\/a>Trots att d\u00f6dligheten \u00e4r 100 procent \u00e4r d\u00f6den inget vi pratar om. Vem av oss har egentligen planerat vad som ska h\u00e4nda vid v\u00e5r egen d\u00f6d. Jag vet av erfarenhet att ett ton praktiska uppgifter ramlar \u00f6ver den som ska sk\u00f6ta det praktiska runt ett d\u00f6dsbo och begravning och jag \u00e4r tacksam \u00f6ver att min mor hade l\u00e4mnat klara instruktioner b\u00e5de om vad som skulle h\u00e4nda, men \u00e4ven vad som inte skulle ske vid hennes begravning.<\/p>\n<p>&#8211; N\u00e4r jag var sju \u00e5r s\u00e5 var jag med om en bilolycka och eh, det blev en, jag jagade en boll,och kom \u00f6ver p\u00e5 andra sidan och blev p\u00e5k\u00f6rd av en Golf, och for upp i luften, ner och slog i huvudet.<br \/>\nF\u00f6rst m\u00f6tte jag den d\u00e4r enorma ljustunneln som var fantastisk, bara slungades in i den, bara k\u00e4nde som jag s\u00f6gs in i den och eh, sen k\u00e4nde jag bara k\u00e4rlek och att all oro bara fl\u00f6t bort. Och sen k\u00e4nde jag en hand som tog min och s\u00e5 k\u00e4nde jag igen tv\u00e5 \u00f6gon som var min morfars.<br \/>\nOch mamma satt och v\u00e4ntade att jag skulle komma tillbaks och kallade p\u00e5 mig. Jag kom tillbaks efter tre veckor, i koma, och var p\u00e5 h\u00e5ret hela tiden p\u00e5 att g\u00e5 \u00f6ver.<br \/>\n(ur Here Comes the Sun)<\/p>\n<p>Episoderna \u00e4r pj\u00e4sens styrka, men \u00e4ven dess svaghet. Vissa av episoderna sliter verkligen tag i mig, medan andra l\u00e4mnar mig ober\u00f6rd. <\/p>\n<p>De mest r\u00f6rande \u00e4r ber\u00e4ttelserna fr\u00e5n de som jobbar i v\u00e5rden och m\u00e5ste hitta v\u00e4gar att hantera det de ser varje dag. Ber\u00e4ttelsen om hur en d\u00f6d man delar ut en \u00f6rfil f\u00e5r salongen att vrida sig i skratt.<\/p>\n<p>Samma skratt fastnar dock i halsen n\u00e4r begravningsentrepren\u00f6ren beskriver begravningar betalda av socialen, d\u00e4r samh\u00e4llets ensamma och bortgl\u00f6mda l\u00e4ggs till de sista vilan i en ceremoni med endast pr\u00e4st, organist och begravningsentrepren\u00f6r n\u00e4rvarande.<\/p>\n<p>Trots oj\u00e4mnheten \u00e4r Here comes the sun v\u00e4rd ett bes\u00f6k.<\/p>\n<p><strong>Text: Peter Johansson<\/strong><\/p>\n<p>I rollerna:<br \/>\nLennart Almroth, Jenny Antoni, G\u00f6ran Dyrssen, Cecilia Lindqvist, Kenneth Milldoff, Marianne M\u00f6rck<br \/>\nRegi: Ronny Danielsson<br \/>\nL\u00e4ngd: 2 timmar 30 minuter (med paus)<\/p>\n<p><a href=\"http:\/\/kulturbloggen.com\/wp-content\/uploads\/2012\/02\/herecomesthesun7.jpg\"><img loading=\"lazy\" decoding=\"async\" src=\"http:\/\/kulturbloggen.com\/wp-content\/uploads\/2012\/02\/herecomesthesun7-300x207.jpg\" alt=\"\" title=\"herecomesthesun7\" width=\"300\" height=\"207\" class=\"aligncenter size-medium wp-image-48300\" srcset=\"https:\/\/kulturbloggen.com\/wp-content\/uploads\/2012\/02\/herecomesthesun7-300x207.jpg 300w, https:\/\/kulturbloggen.com\/wp-content\/uploads\/2012\/02\/herecomesthesun7-200x138.jpg 200w, https:\/\/kulturbloggen.com\/wp-content\/uploads\/2012\/02\/herecomesthesun7-175x121.jpg 175w, https:\/\/kulturbloggen.com\/wp-content\/uploads\/2012\/02\/herecomesthesun7-332x230.jpg 332w, https:\/\/kulturbloggen.com\/wp-content\/uploads\/2012\/02\/herecomesthesun7-93x65.jpg 93w, https:\/\/kulturbloggen.com\/wp-content\/uploads\/2012\/02\/herecomesthesun7-80x55.jpg 80w, https:\/\/kulturbloggen.com\/wp-content\/uploads\/2012\/02\/herecomesthesun7-150x103.jpg 150w, https:\/\/kulturbloggen.com\/wp-content\/uploads\/2012\/02\/herecomesthesun7-590x408.jpg 590w, https:\/\/kulturbloggen.com\/wp-content\/uploads\/2012\/02\/herecomesthesun7.jpg 800w\" sizes=\"auto, (max-width: 300px) 100vw, 300px\" \/><\/a><\/p>\n<p><a href=\"http:\/\/kulturbloggen.com\/wp-content\/uploads\/2012\/02\/herecomesthesun2.jpg\"><img loading=\"lazy\" decoding=\"async\" src=\"http:\/\/kulturbloggen.com\/wp-content\/uploads\/2012\/02\/herecomesthesun2-300x219.jpg\" alt=\"\" title=\"herecomesthesun2\" width=\"300\" height=\"219\" class=\"aligncenter size-medium wp-image-48299\" srcset=\"https:\/\/kulturbloggen.com\/wp-content\/uploads\/2012\/02\/herecomesthesun2-300x219.jpg 300w, https:\/\/kulturbloggen.com\/wp-content\/uploads\/2012\/02\/herecomesthesun2-200x146.jpg 200w, https:\/\/kulturbloggen.com\/wp-content\/uploads\/2012\/02\/herecomesthesun2-175x128.jpg 175w, https:\/\/kulturbloggen.com\/wp-content\/uploads\/2012\/02\/herecomesthesun2-313x230.jpg 313w, https:\/\/kulturbloggen.com\/wp-content\/uploads\/2012\/02\/herecomesthesun2-88x65.jpg 88w, https:\/\/kulturbloggen.com\/wp-content\/uploads\/2012\/02\/herecomesthesun2-80x58.jpg 80w, https:\/\/kulturbloggen.com\/wp-content\/uploads\/2012\/02\/herecomesthesun2-150x109.jpg 150w, https:\/\/kulturbloggen.com\/wp-content\/uploads\/2012\/02\/herecomesthesun2-590x432.jpg 590w, https:\/\/kulturbloggen.com\/wp-content\/uploads\/2012\/02\/herecomesthesun2.jpg 800w\" sizes=\"auto, (max-width: 300px) 100vw, 300px\" \/><\/a><\/p>\n<p><iframe loading=\"lazy\" width=\"560\" height=\"315\" src=\"http:\/\/www.youtube.com\/embed\/Cj8C-z7Fym4\" frameborder=\"0\" allowfullscreen><\/iframe><\/p>\n<p>L\u00e4s \u00e4ven andra bloggares \u00e5sikter om <a href=\"http:\/\/bloggar.se\/om\/teater\" rel=\"tag\">teater<\/a>, <a href=\"http:\/\/bloggar.se\/om\/Intiman\" rel=\"tag\">Intiman<\/a>, <a href=\"http:\/\/bloggar.se\/om\/Malm%F6\" rel=\"tag\">Malm\u00f6<\/a>, <a href=\"http:\/\/bloggar.se\/om\/teaterrecension\" rel=\"tag\">teaterrecension<\/a><\/p>\n","protected":false},"excerpt":{"rendered":"<p>Here comes the sun Av Klas Abrahamsson, Ronny Danielsson och Roger Lybeck Malm\u00f6 stadsteater Urpremi\u00e4r 10 februari 2012 Here comes the sun har ingen egentlig handling, det finns ingen ber\u00e4ttelse med b\u00f6rjan och slut. Pj\u00e4sen \u00e4r en betraktelse \u00f6ver d\u00f6den, baserad p\u00e5 intervjuer Klas Abrahamsson gjort med folk som lever n\u00e4ra d\u00f6den. Genom en rad [&hellip;]<\/p>\n","protected":false},"author":13,"featured_media":48297,"comment_status":"open","ping_status":"open","sticky":false,"template":"","format":"standard","meta":{"_genesis_hide_title":false,"_genesis_hide_breadcrumbs":false,"_genesis_hide_singular_image":false,"_genesis_hide_footer_widgets":false,"_genesis_custom_body_class":"","_genesis_custom_post_class":"","_genesis_layout":"","footnotes":""},"categories":[16,30,31],"tags":[2521,3469,12288,12289],"class_list":{"0":"post-48296","1":"post","2":"type-post","3":"status-publish","4":"format-standard","5":"has-post-thumbnail","7":"category-recension","8":"category-teater","9":"category-teaterrecension","10":"tag-intiman","11":"tag-malmo","12":"tag-teater","13":"tag-teaterrecension","14":"entry"},"_links":{"self":[{"href":"https:\/\/kulturbloggen.com\/index.php?rest_route=\/wp\/v2\/posts\/48296","targetHints":{"allow":["GET"]}}],"collection":[{"href":"https:\/\/kulturbloggen.com\/index.php?rest_route=\/wp\/v2\/posts"}],"about":[{"href":"https:\/\/kulturbloggen.com\/index.php?rest_route=\/wp\/v2\/types\/post"}],"author":[{"embeddable":true,"href":"https:\/\/kulturbloggen.com\/index.php?rest_route=\/wp\/v2\/users\/13"}],"replies":[{"embeddable":true,"href":"https:\/\/kulturbloggen.com\/index.php?rest_route=%2Fwp%2Fv2%2Fcomments&post=48296"}],"version-history":[{"count":4,"href":"https:\/\/kulturbloggen.com\/index.php?rest_route=\/wp\/v2\/posts\/48296\/revisions"}],"predecessor-version":[{"id":48340,"href":"https:\/\/kulturbloggen.com\/index.php?rest_route=\/wp\/v2\/posts\/48296\/revisions\/48340"}],"wp:featuredmedia":[{"embeddable":true,"href":"https:\/\/kulturbloggen.com\/index.php?rest_route=\/wp\/v2\/media\/48297"}],"wp:attachment":[{"href":"https:\/\/kulturbloggen.com\/index.php?rest_route=%2Fwp%2Fv2%2Fmedia&parent=48296"}],"wp:term":[{"taxonomy":"category","embeddable":true,"href":"https:\/\/kulturbloggen.com\/index.php?rest_route=%2Fwp%2Fv2%2Fcategories&post=48296"},{"taxonomy":"post_tag","embeddable":true,"href":"https:\/\/kulturbloggen.com\/index.php?rest_route=%2Fwp%2Fv2%2Ftags&post=48296"}],"curies":[{"name":"wp","href":"https:\/\/api.w.org\/{rel}","templated":true}]}}