{"id":48271,"date":"2012-02-10T16:33:02","date_gmt":"2012-02-10T15:33:02","guid":{"rendered":"http:\/\/kulturbloggen.com\/?p=48271"},"modified":"2012-02-10T16:38:43","modified_gmt":"2012-02-10T15:38:43","slug":"har-kan-du-se-bruce-springsteens-video-till-we-take-care-of-our-own","status":"publish","type":"post","link":"https:\/\/kulturbloggen.com\/?p=48271","title":{"rendered":"H\u00e4r kan du se Bruce Springsteens video till We Take Care of Our Own"},"content":{"rendered":"<p>NU \u00e4r Bruce Springsteens video till \u201cWe Take Care of Our Own\u201d ute.<\/p>\n<p><a href=\"http:\/\/kulturbloggen.com\/wp-content\/uploads\/2012\/02\/springsteen_wetakecare1.jpg\"><img loading=\"lazy\" decoding=\"async\" src=\"http:\/\/kulturbloggen.com\/wp-content\/uploads\/2012\/02\/springsteen_wetakecare1.jpg\" alt=\"\" title=\"springsteen_wetakecare\" width=\"292\" height=\"172\" class=\"alignright size-full wp-image-48275\" srcset=\"https:\/\/kulturbloggen.com\/wp-content\/uploads\/2012\/02\/springsteen_wetakecare1.jpg 292w, https:\/\/kulturbloggen.com\/wp-content\/uploads\/2012\/02\/springsteen_wetakecare1-200x117.jpg 200w, https:\/\/kulturbloggen.com\/wp-content\/uploads\/2012\/02\/springsteen_wetakecare1-175x103.jpg 175w, https:\/\/kulturbloggen.com\/wp-content\/uploads\/2012\/02\/springsteen_wetakecare1-100x58.jpg 100w, https:\/\/kulturbloggen.com\/wp-content\/uploads\/2012\/02\/springsteen_wetakecare1-80x47.jpg 80w, https:\/\/kulturbloggen.com\/wp-content\/uploads\/2012\/02\/springsteen_wetakecare1-150x88.jpg 150w\" sizes=\"auto, (max-width: 292px) 100vw, 292px\" \/><\/a>Ett pressmeddelande ber\u00e4ttar om singeln och kommande album:<br \/>\nBruce Springsteens nya album \u201cWrecking Ball\u201d sl\u00e4pps den 5 mars p\u00e5 Columbia Records. Wrecking Ball \u00e4r Springsteens 17e studioalbum och inneh\u00e5ller 11 nya l\u00e5tar, producerade av Ron Aniello tillsammans med Bruce Springsteen och Jon Landau.<\/p>\n<p>F\u00f6rsta singeln &#8221;We Take Care of Our Own&#8221; gick direkt in som etta p\u00e5 svenska iTunes-listan och finns att lyssna p\u00e5 h\u00e4r: http:\/\/www.brucespringsteen.net<\/p>\n<p>Springsteens manager, Jon Landau, s\u00e4ger: &#8221;Bruce has dug down as deep as he can to come up with this vision of modern life. The lyrics tell a story you can&#8217;t hear anywhere else and the music is his most innovative of recent years. The writing is some of the best of his career and both veteran fans and those who are new to Bruce will find much to love on &#8217;Wrecking Ball\u2019.\u201d<\/p>\n<p>Snart v\u00e4ntar en USA- och Europaturn\u00e9 f\u00f6r Bruce Springsteen and the E Street Band. Den 27 och 28 juli kommer Bossen till Sverige och Ullevi. <\/p>\n<p>&#8217;Wrecking Ball&#8217; l\u00e5tlista:<br \/>\n1. We Take Care of Our Own<br \/>\n2. Easy Money<br \/>\n3. Shackled and Drawn<br \/>\n4. Jack of All Trades<br \/>\n5. Death to My Hometown<br \/>\n6. This Depression<br \/>\n7. Wrecking Ball<br \/>\n8. You\u2019ve Got It<br \/>\n9. Rocky Ground<br \/>\n10. Land of Hope and Dreams<br \/>\n11. We Are Alive<\/p>\n<p>Skivan kommer \u00e4ven sl\u00e4ppas i en specialutg\u00e5va med tv\u00e5 bonusl\u00e5tar och exklusivt artwork.  <\/p>\n<p><object width=\"560\" height=\"315\"><param name=\"movie\" value=\"http:\/\/www.youtube.com\/v\/-x8zBzxCwsM?version=3&amp;hl=sv_SE&amp;rel=0\"><\/param><param name=\"allowFullScreen\" value=\"true\"><\/param><param name=\"allowscriptaccess\" value=\"always\"><\/param><embed src=\"http:\/\/www.youtube.com\/v\/-x8zBzxCwsM?version=3&amp;hl=sv_SE&amp;rel=0\" type=\"application\/x-shockwave-flash\" width=\"560\" height=\"315\" allowscriptaccess=\"always\" allowfullscreen=\"true\"><\/embed><\/object><\/p>\n<p>L\u00e4s \u00e4ven andra bloggares \u00e5sikter om <a href=\"http:\/\/bloggar.se\/om\/Bruce+Springsteen\" rel=\"tag\">Bruce Springsteen<\/a>, <a href=\"http:\/\/bloggar.se\/om\/musik\" rel=\"tag\">musik<\/a>, <a href=\"http:\/\/bloggar.se\/om\/video\" rel=\"tag\">video<\/a><\/p>\n","protected":false},"excerpt":{"rendered":"<p>NU \u00e4r Bruce Springsteens video till \u201cWe Take Care of Our Own\u201d ute. Ett pressmeddelande ber\u00e4ttar om singeln och kommande album: Bruce Springsteens nya album \u201cWrecking Ball\u201d sl\u00e4pps den 5 mars p\u00e5 Columbia Records. Wrecking Ball \u00e4r Springsteens 17e studioalbum och inneh\u00e5ller 11 nya l\u00e5tar, producerade av Ron Aniello tillsammans med Bruce Springsteen och Jon [&hellip;]<\/p>\n","protected":false},"author":13,"featured_media":48273,"comment_status":"open","ping_status":"open","sticky":false,"template":"","format":"standard","meta":{"_genesis_hide_title":false,"_genesis_hide_breadcrumbs":false,"_genesis_hide_singular_image":false,"_genesis_hide_footer_widgets":false,"_genesis_custom_body_class":"","_genesis_custom_post_class":"","_genesis_layout":"","footnotes":""},"categories":[20],"tags":[864,12282,6230],"class_list":{"0":"post-48271","1":"post","2":"type-post","3":"status-publish","4":"format-standard","5":"has-post-thumbnail","7":"category-film","8":"tag-bruce-springsteen","9":"tag-musik","10":"tag-video","11":"entry"},"_links":{"self":[{"href":"https:\/\/kulturbloggen.com\/index.php?rest_route=\/wp\/v2\/posts\/48271","targetHints":{"allow":["GET"]}}],"collection":[{"href":"https:\/\/kulturbloggen.com\/index.php?rest_route=\/wp\/v2\/posts"}],"about":[{"href":"https:\/\/kulturbloggen.com\/index.php?rest_route=\/wp\/v2\/types\/post"}],"author":[{"embeddable":true,"href":"https:\/\/kulturbloggen.com\/index.php?rest_route=\/wp\/v2\/users\/13"}],"replies":[{"embeddable":true,"href":"https:\/\/kulturbloggen.com\/index.php?rest_route=%2Fwp%2Fv2%2Fcomments&post=48271"}],"version-history":[{"count":3,"href":"https:\/\/kulturbloggen.com\/index.php?rest_route=\/wp\/v2\/posts\/48271\/revisions"}],"predecessor-version":[{"id":48274,"href":"https:\/\/kulturbloggen.com\/index.php?rest_route=\/wp\/v2\/posts\/48271\/revisions\/48274"}],"wp:featuredmedia":[{"embeddable":true,"href":"https:\/\/kulturbloggen.com\/index.php?rest_route=\/wp\/v2\/media\/48273"}],"wp:attachment":[{"href":"https:\/\/kulturbloggen.com\/index.php?rest_route=%2Fwp%2Fv2%2Fmedia&parent=48271"}],"wp:term":[{"taxonomy":"category","embeddable":true,"href":"https:\/\/kulturbloggen.com\/index.php?rest_route=%2Fwp%2Fv2%2Fcategories&post=48271"},{"taxonomy":"post_tag","embeddable":true,"href":"https:\/\/kulturbloggen.com\/index.php?rest_route=%2Fwp%2Fv2%2Ftags&post=48271"}],"curies":[{"name":"wp","href":"https:\/\/api.w.org\/{rel}","templated":true}]}}