{"id":48201,"date":"2012-02-09T12:48:46","date_gmt":"2012-02-09T11:48:46","guid":{"rendered":"http:\/\/kulturbloggen.com\/?p=48201"},"modified":"2012-02-10T10:50:37","modified_gmt":"2012-02-10T09:50:37","slug":"julius-caesar-blir-en-lekfull-aktuell-och-dansant-efter-dodenupplevelse","status":"publish","type":"post","link":"https:\/\/kulturbloggen.com\/?p=48201","title":{"rendered":"Julius Caesar blir en lekfull, aktuell och dansant efter d\u00f6denupplevelse"},"content":{"rendered":"<p><a href=\"http:\/\/kulturbloggen.com\/wp-content\/uploads\/2012\/02\/juliuscaesardans.jpg\"><img loading=\"lazy\" decoding=\"async\" class=\"alignleft size-medium wp-image-48204\" src=\"http:\/\/kulturbloggen.com\/wp-content\/uploads\/2012\/02\/juliuscaesardans-300x200.jpg\" alt=\"\" width=\"300\" height=\"200\" srcset=\"https:\/\/kulturbloggen.com\/wp-content\/uploads\/2012\/02\/juliuscaesardans-300x200.jpg 300w, https:\/\/kulturbloggen.com\/wp-content\/uploads\/2012\/02\/juliuscaesardans-200x133.jpg 200w, https:\/\/kulturbloggen.com\/wp-content\/uploads\/2012\/02\/juliuscaesardans-175x116.jpg 175w, https:\/\/kulturbloggen.com\/wp-content\/uploads\/2012\/02\/juliuscaesardans-345x230.jpg 345w, https:\/\/kulturbloggen.com\/wp-content\/uploads\/2012\/02\/juliuscaesardans-97x65.jpg 97w, https:\/\/kulturbloggen.com\/wp-content\/uploads\/2012\/02\/juliuscaesardans-80x53.jpg 80w, https:\/\/kulturbloggen.com\/wp-content\/uploads\/2012\/02\/juliuscaesardans-150x100.jpg 150w, https:\/\/kulturbloggen.com\/wp-content\/uploads\/2012\/02\/juliuscaesardans-590x393.jpg 590w, https:\/\/kulturbloggen.com\/wp-content\/uploads\/2012\/02\/juliuscaesardans.jpg 630w\" sizes=\"auto, (max-width: 300px) 100vw, 300px\" \/><\/a>Julius Ceasar<br \/>\nMusik: Georg Friedrich H\u00e4ndel<br \/>\nRegi, koreografi, scenografi och kostym: Cisco Aznar<\/p>\n<p>Folkoperan i Stockholm<br \/>\nPremi\u00e4r 8 februari 2012<\/p>\n<p>&nbsp;<\/p>\n<p>Den efterl\u00e4ngtade premi\u00e4ren p\u00e5 Cisco Aznars upps\u00e4ttning av G F H\u00e4ndels \u00e4gde rum mitt i veckan.<\/p>\n<p>Vanligtvis \u00e4r jag inte s\u00e5 f\u00f6rtjust i barockoperor och H\u00e4ndels \u201dJulius Caesar\u201d utg\u00f6r inget undantag och orsaken till detta \u00e4r tv\u00e5 dels inneh\u00e5ller verket ingen riktig aria dvs som man kan g\u00e5 och nynna p\u00e5 i dagar efter en f\u00f6rest\u00e4llning dels \u00e4r den f\u00f6r l\u00e5ng. Vanligtvis brukar det ta fyra timmar och med den musiken \u00e4r det enligt min best\u00e4mda uppfattning alldeles f\u00f6r l\u00e5ng tid, men samtidigt \u00e4r det ju detta som \u00e4r sj\u00e4lva k\u00e4nnetecknet f\u00f6r en barockopera. Detta inte skrivit som jag skulle sakna respekt f\u00f6r barock\u00e4lskare, men barockoperor \u00e4r inte \u201dmy cup of tea\u201d.<\/p>\n<p>D\u00e5 kanske v\u00e4n av ordning inv\u00e4nder att d\u00e5 \u00e4r det bara att undvika att g\u00e5 p\u00e5 just barockoperor, men s\u00e5 enkelt \u00e4r det ju inte. Lite nyfiken \u00e4r jag ju och just denna upps\u00e4ttning har jag h\u00f6rt mycket talas om och d\u00e4rf\u00f6r var det inget sv\u00e5rt beslut att bege sig till Folkoperans salong.<\/p>\n<p>Nu \u00e4r det ju dessutom p\u00e5 det viset att detta \u00e4r inte en opera som spelas s\u00e4rskilt ofta p\u00e5 v\u00e5ra breddgrader och tyv\u00e4rr missade jag G\u00f6teborgsOperans upps\u00e4ttning som gick f\u00f6r n\u00e5gra \u00e5r sedan, men jag i alla fall sett verket p\u00e5 Den Kongelige Opera i K\u00f6penhamn med countertenoren Andreas Scholl i huvudrollen f\u00f6r\u00a0 knappt tio \u00e5r sedan. I \u00f6vrigt hade \u201dJulius Caesar\u201d som hade premi\u00e4r i London 1724 inte premi\u00e4r p\u00e5 Kungliga Operan h\u00e4r i Stockholm f\u00f6rr\u00e4n 1985.<\/p>\n<p>I Cisco Aznars upps\u00e4ttning \u00e4r l\u00e4ngden p\u00e5 verket skurit ner till ungef\u00e4r halva l\u00e4ngden och eftersom det tog en kvart innan orkestern b\u00f6rjade spela s\u00e5 \u00e4r det nog ett korrekt p\u00e5st\u00e5ende,. Det skulle dock vara roligt att veta varf\u00f6r allkonstn\u00e4ren, Cisco Aznar, hade valt att g\u00f6ra p\u00e5 detta s\u00e4tt, men tyv\u00e4rr framg\u00e5r det inte av intervjun med honom i programbladet.<\/p>\n<p>Det var absolut en helt underbar operaupplevelse, som dock var fyllt av allehanda symboler, som det nog tar n\u00e5gra dagar f\u00f6r mig att n\u00e4rmare reda ut, men det \u00e4r ju precis som det skall vara enligt regiss\u00f6rens uppfattning.<\/p>\n<p>Till den fina helhetsupplevelsen bidrar ju f\u00f6rutom s\u00e5ngarna orkestern ocks\u00e5 de sex dansarna, fyra androgyna ynglingar och tv\u00e5 dito unga damer.<\/p>\n<p>N\u00e4r det g\u00e4ller s\u00e5ngarnas prestationer s\u00e5 finns det bara i huvudsak positiva saker att f\u00f6rt\u00e4lja och dessutom \u00e4r det ju alltid roligt att f\u00e5 m\u00f6jlighet att lyssna till nya r\u00f6ster eller i varje fall r\u00f6sterna som jag inte har lyssnat p\u00e5 s\u00e4rskilt m\u00e5nga g\u00e5nger.<\/p>\n<p>Helt nya r\u00f6ster f\u00f6r mig var med all s\u00e4kerhet countertenoren Daniel Carlsson och H\u00e5kan Eken\u00e4s \u00e4r en s\u00e5ngare som jag best\u00e4mt aldrig har lyssnat p\u00e5 tidigare. Det skall bli sp\u00e4nnande att f\u00e5 f\u00f6lja dessa herrar \u00e4ven i forts\u00e4ttningen. En extra eloge vill jag dessutom l\u00e4mna f\u00f6r ett h\u00e4rligt sceniskt uttryck.<\/p>\n<p>Kvartetten av damer \u00e4r n\u00e5got mer k\u00e4nda f\u00f6r mig och bland annat har jag sett och h\u00f6rt Karolina Blixt b\u00e5de i \u201dRigoletto\u201d p\u00e5 KO och i \u201dHemligheter\u201d p\u00e5 Malm\u00f6 Opera i v\u00e5ras.Tove Dahlberg upplevde jag f\u00f6rmodligen i \u201dFaust\u201d h\u00e4r p\u00e5 Folkoperan , medan Josefine Andersson har jag lyssnat p\u00e5 i olika sammanhang i K\u00f6penhamn. N\u00e4r det g\u00e4ller Maria Sanner s\u00e5 r\u00e4cker inte minnet till f\u00f6r att placera henne i ett operasammanhang, men precis som de \u00f6vriga damerna svarade hon f\u00f6r en mycket fin prestation i g\u00e5rdagens premi\u00e4r.<\/p>\n<p>Ibland k\u00e4nner jag f\u00f6r att s\u00e4rskilt n\u00e4mna n\u00e5gon s\u00e5ngare f\u00f6r hans\/henens speciella insats, men det avst\u00e5r jag g\u00e4rna f\u00f6r d\u00e5 det \u00e4r helheten som r\u00e4knas som s\u00e5dant var det alldeles ypperligt och roligt och det \u00e4r \u00e5tminstone inte vad jag vanligtvis f\u00f6rknippar med en H\u00e4ndelopera och definitivt inte \u201dJulius Caesar\u201d.<\/p>\n<p>En stor eloge m\u00e5ste jag ju ocks\u00e5 f\u00e5 l\u00e4mna till Folkoperans orkester under ledning av dirigenten Joachim Unander.<\/p>\n<p>Avslutningsvis vill jag rekommendera dig som bara \u00e4r det allra minsta nyfiken p\u00e5 opera missa inte tillf\u00e4llet att f\u00e5 en fantastisk, rolig operaupplevelse till livs se \u201dJulius Caesar\u201d p\u00e5 Folkoperan.<\/p>\n<p><strong>Recensioner<\/strong><\/p>\n<p><a href=\"http:\/\/teatermagasinet.se\/?p=4204\">Teatermagasinet<\/a><\/p>\n<p><a href=\"http:\/\/svtplay.se\/t\/102863\/kulturnyheterna\">Camilla Lundberg i Kulturnyheterna<\/a><\/p>\n<p><a href=\"http:\/\/www.aftonbladet.se\/kultur\/opera\/article14342647.ab\">Loretto Linusson i Aftonbladet<\/a><\/p>\n<p><a href=\"http:\/\/www.svd.se\/kultur\/scen\/matt-av-musikalisk-lycka_6837265.svd\">Bo L\u00f6fvendahl i SvD<\/a><\/p>\n<p><a href=\"http:\/\/www.dn.se\/kultur-noje\/scenrecensioner\/julius-caesar-pa-folkoperan-stockholm\">Martin Nystr\u00f6m i DN<\/a><\/p>\n<p><strong>Produktionsteam<\/strong><\/p>\n<p>Musik: Georg Friedrich H\u00e4ndel<br \/>\nLibretto: Nicola Haym<br \/>\nSvensk text: Mira Bartov<br \/>\nMusikalisk ledning: Joakim Unander<br \/>\nRegi, koreografi, scenografi &amp; kostym: Cisco Aznar<br \/>\nLjus: Karl Svensson<br \/>\nMask &amp; peruk: Ther\u00e9sia Frisk<\/p>\n<p><strong>Medverkande<\/strong><br \/>\nJulius Caesar: Maria Sanner<br \/>\nKleopatra: Tove Dahlberg<br \/>\nCornelia: Karolina Blixt<br \/>\nSextus: Josefine Anderssson<br \/>\nPtolemaios: Daniel Carlsson<br \/>\nAkillas: H\u00e5kan Eken\u00e4s<\/p>\n<p><strong>Dansare<\/strong>:<\/p>\n<p>Daniel Sj\u00f6gren-Larsson<\/p>\n<p>Gustav Udd<\/p>\n<p>Hannah Shakti B\u00fchler<\/p>\n<p>Jacob Walleberg<\/p>\n<p>Laure Dupont<\/p>\n<p>Noah Hellwig<\/p>\n<p>Foto: Mats B\u00e4cker<\/p>\n","protected":false},"excerpt":{"rendered":"<p>Julius Ceasar Musik: Georg Friedrich H\u00e4ndel Regi, koreografi, scenografi och kostym: Cisco Aznar Folkoperan i Stockholm Premi\u00e4r 8 februari 2012 &nbsp; Den efterl\u00e4ngtade premi\u00e4ren p\u00e5 Cisco Aznars upps\u00e4ttning av G F H\u00e4ndels \u00e4gde rum mitt i veckan. Vanligtvis \u00e4r jag inte s\u00e5 f\u00f6rtjust i barockoperor och H\u00e4ndels \u201dJulius Caesar\u201d utg\u00f6r inget undantag och orsaken till [&hellip;]<\/p>\n","protected":false},"author":13,"featured_media":0,"comment_status":"open","ping_status":"open","sticky":false,"template":"","format":"standard","meta":{"_genesis_hide_title":false,"_genesis_hide_breadcrumbs":false,"_genesis_hide_singular_image":false,"_genesis_hide_footer_widgets":false,"_genesis_custom_body_class":"","_genesis_custom_post_class":"","_genesis_layout":"","footnotes":""},"categories":[20],"tags":[6771],"class_list":["post-48201","post","type-post","status-publish","format-standard","category-film","tag-julius-caesar","entry"],"_links":{"self":[{"href":"https:\/\/kulturbloggen.com\/index.php?rest_route=\/wp\/v2\/posts\/48201","targetHints":{"allow":["GET"]}}],"collection":[{"href":"https:\/\/kulturbloggen.com\/index.php?rest_route=\/wp\/v2\/posts"}],"about":[{"href":"https:\/\/kulturbloggen.com\/index.php?rest_route=\/wp\/v2\/types\/post"}],"author":[{"embeddable":true,"href":"https:\/\/kulturbloggen.com\/index.php?rest_route=\/wp\/v2\/users\/13"}],"replies":[{"embeddable":true,"href":"https:\/\/kulturbloggen.com\/index.php?rest_route=%2Fwp%2Fv2%2Fcomments&post=48201"}],"version-history":[{"count":14,"href":"https:\/\/kulturbloggen.com\/index.php?rest_route=\/wp\/v2\/posts\/48201\/revisions"}],"predecessor-version":[{"id":48206,"href":"https:\/\/kulturbloggen.com\/index.php?rest_route=\/wp\/v2\/posts\/48201\/revisions\/48206"}],"wp:attachment":[{"href":"https:\/\/kulturbloggen.com\/index.php?rest_route=%2Fwp%2Fv2%2Fmedia&parent=48201"}],"wp:term":[{"taxonomy":"category","embeddable":true,"href":"https:\/\/kulturbloggen.com\/index.php?rest_route=%2Fwp%2Fv2%2Fcategories&post=48201"},{"taxonomy":"post_tag","embeddable":true,"href":"https:\/\/kulturbloggen.com\/index.php?rest_route=%2Fwp%2Fv2%2Ftags&post=48201"}],"curies":[{"name":"wp","href":"https:\/\/api.w.org\/{rel}","templated":true}]}}