{"id":48197,"date":"2012-02-09T12:28:55","date_gmt":"2012-02-09T11:28:55","guid":{"rendered":"http:\/\/kulturbloggen.com\/?p=48197"},"modified":"2012-02-09T12:28:55","modified_gmt":"2012-02-09T11:28:55","slug":"har-kan-du-se-thastrom-i-sommar","status":"publish","type":"post","link":"https:\/\/kulturbloggen.com\/?p=48197","title":{"rendered":"H\u00e4r kan du se Th\u00e5str\u00f6m i sommar"},"content":{"rendered":"<p>Nu \u00e4r Th\u00e5str\u00f6ms f\u00f6rsta spelningar i sommar presenterade. <\/p>\n<p>Ett pressmeddelande ber\u00e4ttar:<\/p>\n<p>\u00c4ntligen. Det \u00e4r nu det h\u00e4nder.<br \/>\nVi har p\u00e5 senaste tid f\u00e5tt se en konsertfilm fr\u00e5n f\u00f6rra sommarens bedjublade spelning p\u00e5 Way Out West. Vi har f\u00e5tt h\u00f6ra den fantastiska f\u00f6rsta singeln fr\u00e5n det nya materialet och den 14 februari upptr\u00e4der Th\u00e5str\u00f6m p\u00e5 Grammisgalan. Dagen efter, den 15 februari, sl\u00e4pps \u00e4ntligen det nya albumet \u201dBev\u00e4pna dig med vingar\u201d, uppf\u00f6ljaren till stors\u00e4ljande &#8221;K\u00e4rlek \u00e4r f\u00f6r dom&#8221;. Elva dagar senare inleder Th\u00e5str\u00f6m en omfattande och sluts\u00e5ld vinter\/v\u00e5rturn\u00e9 runt om i Norden, tillsammans med Niklas Hellberg, Pelle Ossler, Ulf Ivarsson, Mikael Nilz\u00e9n och Anders Hernestam. <\/p>\n<p>Men tro inte att det \u00e4r \u00f6ver efter det. Luger har nu gl\u00e4djen att tillsammans med Kulturbolaget presentera de tre f\u00f6rsta konserterna med Th\u00e5str\u00f6m &#038; Co i sommar. Fler datum adderas inom kort. <\/p>\n<p>TH\u00c5STR\u00d6M &#8211; SOMMARTURN\u00c9 2012 <\/p>\n<p>06 juli &#8211; Helsingborg, Sofiero<br \/>\n20 juli &#8211; \u00d6sterlen, Kronovalls Vinslott<br \/>\n21 juli &#8211; G\u00f6teborg, R\u00f6da Sten <\/p>\n<p>L\u00e4s \u00e4ven andra bloggares \u00e5sikter om <a href=\"http:\/\/bloggar.se\/om\/Th%E5rstr%F6m\" rel=\"tag\">Th\u00e5rstr\u00f6m<\/a>, <a href=\"http:\/\/bloggar.se\/om\/konserter\" rel=\"tag\">konserter<\/a>, <a href=\"http:\/\/bloggar.se\/om\/musik\" rel=\"tag\">musik<\/a>, <a href=\"http:\/\/bloggar.se\/om\/turn%E9\" rel=\"tag\">turn\u00e9<\/a><\/p>\n","protected":false},"excerpt":{"rendered":"<p>Nu \u00e4r Th\u00e5str\u00f6ms f\u00f6rsta spelningar i sommar presenterade. Ett pressmeddelande ber\u00e4ttar: \u00c4ntligen. Det \u00e4r nu det h\u00e4nder. Vi har p\u00e5 senaste tid f\u00e5tt se en konsertfilm fr\u00e5n f\u00f6rra sommarens bedjublade spelning p\u00e5 Way Out West. Vi har f\u00e5tt h\u00f6ra den fantastiska f\u00f6rsta singeln fr\u00e5n det nya materialet och den 14 februari upptr\u00e4der Th\u00e5str\u00f6m p\u00e5 Grammisgalan. [&hellip;]<\/p>\n","protected":false},"author":13,"featured_media":48198,"comment_status":"open","ping_status":"open","sticky":false,"template":"","format":"standard","meta":{"_genesis_hide_title":false,"_genesis_hide_breadcrumbs":false,"_genesis_hide_singular_image":false,"_genesis_hide_footer_widgets":false,"_genesis_custom_body_class":"","_genesis_custom_post_class":"","_genesis_layout":"","footnotes":""},"categories":[7],"tags":[3004,12282,7161,6004],"class_list":{"0":"post-48197","1":"post","2":"type-post","3":"status-publish","4":"format-standard","5":"has-post-thumbnail","7":"category-musik","8":"tag-konserter","9":"tag-musik","10":"tag-tharstrom","11":"tag-turne","12":"entry"},"_links":{"self":[{"href":"https:\/\/kulturbloggen.com\/index.php?rest_route=\/wp\/v2\/posts\/48197","targetHints":{"allow":["GET"]}}],"collection":[{"href":"https:\/\/kulturbloggen.com\/index.php?rest_route=\/wp\/v2\/posts"}],"about":[{"href":"https:\/\/kulturbloggen.com\/index.php?rest_route=\/wp\/v2\/types\/post"}],"author":[{"embeddable":true,"href":"https:\/\/kulturbloggen.com\/index.php?rest_route=\/wp\/v2\/users\/13"}],"replies":[{"embeddable":true,"href":"https:\/\/kulturbloggen.com\/index.php?rest_route=%2Fwp%2Fv2%2Fcomments&post=48197"}],"version-history":[{"count":1,"href":"https:\/\/kulturbloggen.com\/index.php?rest_route=\/wp\/v2\/posts\/48197\/revisions"}],"predecessor-version":[{"id":48199,"href":"https:\/\/kulturbloggen.com\/index.php?rest_route=\/wp\/v2\/posts\/48197\/revisions\/48199"}],"wp:featuredmedia":[{"embeddable":true,"href":"https:\/\/kulturbloggen.com\/index.php?rest_route=\/wp\/v2\/media\/48198"}],"wp:attachment":[{"href":"https:\/\/kulturbloggen.com\/index.php?rest_route=%2Fwp%2Fv2%2Fmedia&parent=48197"}],"wp:term":[{"taxonomy":"category","embeddable":true,"href":"https:\/\/kulturbloggen.com\/index.php?rest_route=%2Fwp%2Fv2%2Fcategories&post=48197"},{"taxonomy":"post_tag","embeddable":true,"href":"https:\/\/kulturbloggen.com\/index.php?rest_route=%2Fwp%2Fv2%2Ftags&post=48197"}],"curies":[{"name":"wp","href":"https:\/\/api.w.org\/{rel}","templated":true}]}}