{"id":48160,"date":"2012-02-09T08:17:01","date_gmt":"2012-02-09T07:17:01","guid":{"rendered":"http:\/\/kulturbloggen.com\/?p=48160"},"modified":"2012-02-09T08:17:01","modified_gmt":"2012-02-09T07:17:01","slug":"bjorklund-vill-ga-over-an-efter-vatten","status":"publish","type":"post","link":"https:\/\/kulturbloggen.com\/?p=48160","title":{"rendered":"Bj\u00f6rklund vill g\u00e5 \u00f6ver \u00e5n efter vatten"},"content":{"rendered":"<p>Under de sex \u00e5r som Sverige styrts av den borgerliga alliansen har antalet ungdomar utan arbete \u00f6kat.<br \/>\nI skolan har st\u00e4mningen h\u00e5rdnat, ungdomar som har problem blir av med sin studiepeng och f\u00e5r skolk inskrivet i sina betyg, allt f\u00f6r att det ska bli sv\u00e5rare f\u00f6r dem att resa sig.<\/p>\n<p>Astra Zeneca gav nyligen besked om att f\u00f6retaget l\u00e4gger ned sin forskningsenhet i S\u00f6dert\u00e4lje. Det var en alarmklocka om vart svensk utveckling \u00e4r p\u00e5 v\u00e4g.<\/p>\n<p>Vad \u00e4r d\u00e5 utbildningsminister Bj\u00f6rklunds medicin f\u00f6r att Sverige ska bli en b\u00e4ttre forsningsnation?<\/p>\n<p>Hans medicin \u00e4r att h\u00e4mta hit forskare fr\u00e5n andra l\u00e4nder.Hans medicin \u00e4r inte att skapa grogrund s\u00e5 fler kan bli forskare. Alltid g\u00e5 \u00f6ver \u00e5n efter vatten.<\/p>\n<p>I DN Debatt skriver Bj\u00f6rklund under rubriken \u201d<a href=\"http:\/\/www.dn.se\/debatt\/sverige-maste-handplocka-utlandska-forskarstjarnor\">Sverige m\u00e5ste handplocka utl\u00e4ndska forskarstj\u00e4rnor<\/a>\u201d:<\/p>\n<blockquote><p>Ny forskningspolitik. Sverige kan inte vila p\u00e5 gamla lagrar. Astra Zenecas besked om att l\u00e4gga ned forskningen i S\u00f6dert\u00e4lje \u00e4r en nyttig v\u00e4ckarklocka och p\u00e5minner om hur snabbt scenen kan f\u00f6r\u00e4ndras. Jag presenterar h\u00e4r Folkpartiets utg\u00e5ngspunkter inf\u00f6r regeringens forskningsproposition i h\u00f6st. Vi m\u00e5ste l\u00e4mna jantelagen och v\u00e5ga peka ut v\u00e5ra mest framg\u00e5ngsrika forskare och \u00e4ven satsa p\u00e5 talangfulla yngre forskare. Universiteten ska ocks\u00e5 kunna handplocka forskarstj\u00e4rnor fr\u00e5n utlandet, skriver Jan Bj\u00f6rklund.<\/p><\/blockquote>\n<p>Vad \u00e4r det han vill? Han vill allts\u00e5 satsa p\u00e5 de som redan fr\u00e5n b\u00f6rjan \u00e4r de allra starkaste korten, han vill inte skapa grogrund f\u00f6r att f\u00e5 fler att v\u00e4xa. Samma gamla h\u00f6gertankar som alltid.<\/p>\n<p>Om vi ist\u00e4llet skapar en skola och en samh\u00e4lle d\u00e4r barnen inte sorteras bort fr\u00e5n b\u00f6rjan, d\u00e4r alla kan f\u00e5 chansen att v\u00e4xa, kan fler forskarf\u00f6rm\u00e5gor v\u00e4xa fram.<\/p>\n<p>Relaterat: <a href=\"http:\/\/www.alliansfrittsverige.nu\/2012\/02\/bjorklund-okunnig-om-sin-egen.html\">Alliansfritt Sverige<\/a><\/p>\n<p>L\u00e4s \u00e4ven andra bloggares \u00e5sikter om <a href=\"http:\/\/bloggar.se\/om\/forskning\" rel=\"tag\">forskning<\/a>, <a href=\"http:\/\/bloggar.se\/om\/samh%E4lle\" rel=\"tag\">samh\u00e4lle<\/a>, <a href=\"http:\/\/bloggar.se\/om\/utbildningspolitik\" rel=\"tag\">utbildningspolitik<\/a>, <a href=\"http:\/\/bloggar.se\/om\/Bj%F6rklund\" rel=\"tag\">Bj\u00f6rklund<\/a>, <a href=\"http:\/\/bloggar.se\/om\/elitsatsning\" rel=\"tag\">elitsatsning<\/a><\/p>\n","protected":false},"excerpt":{"rendered":"<p>Under de sex \u00e5r som Sverige styrts av den borgerliga alliansen har antalet ungdomar utan arbete \u00f6kat. I skolan har st\u00e4mningen h\u00e5rdnat, ungdomar som har problem blir av med sin studiepeng och f\u00e5r skolk inskrivet i sina betyg, allt f\u00f6r att det ska bli sv\u00e5rare f\u00f6r dem att resa sig. Astra Zeneca gav nyligen besked [&hellip;]<\/p>\n","protected":false},"author":2,"featured_media":48162,"comment_status":"open","ping_status":"open","sticky":false,"template":"","format":"standard","meta":{"_genesis_hide_title":false,"_genesis_hide_breadcrumbs":false,"_genesis_hide_singular_image":false,"_genesis_hide_footer_widgets":false,"_genesis_custom_body_class":"","_genesis_custom_post_class":"","_genesis_layout":"","footnotes":""},"categories":[44],"tags":[685,7158,1827,4917,7111],"class_list":{"0":"post-48160","1":"post","2":"type-post","3":"status-publish","4":"format-standard","5":"has-post-thumbnail","7":"category-chadie","8":"tag-bjorklund","9":"tag-elitsatsning","10":"tag-forskning","11":"tag-samhalle","12":"tag-utbildningspolitik","13":"entry"},"_links":{"self":[{"href":"https:\/\/kulturbloggen.com\/index.php?rest_route=\/wp\/v2\/posts\/48160","targetHints":{"allow":["GET"]}}],"collection":[{"href":"https:\/\/kulturbloggen.com\/index.php?rest_route=\/wp\/v2\/posts"}],"about":[{"href":"https:\/\/kulturbloggen.com\/index.php?rest_route=\/wp\/v2\/types\/post"}],"author":[{"embeddable":true,"href":"https:\/\/kulturbloggen.com\/index.php?rest_route=\/wp\/v2\/users\/2"}],"replies":[{"embeddable":true,"href":"https:\/\/kulturbloggen.com\/index.php?rest_route=%2Fwp%2Fv2%2Fcomments&post=48160"}],"version-history":[{"count":2,"href":"https:\/\/kulturbloggen.com\/index.php?rest_route=\/wp\/v2\/posts\/48160\/revisions"}],"predecessor-version":[{"id":48163,"href":"https:\/\/kulturbloggen.com\/index.php?rest_route=\/wp\/v2\/posts\/48160\/revisions\/48163"}],"wp:featuredmedia":[{"embeddable":true,"href":"https:\/\/kulturbloggen.com\/index.php?rest_route=\/wp\/v2\/media\/48162"}],"wp:attachment":[{"href":"https:\/\/kulturbloggen.com\/index.php?rest_route=%2Fwp%2Fv2%2Fmedia&parent=48160"}],"wp:term":[{"taxonomy":"category","embeddable":true,"href":"https:\/\/kulturbloggen.com\/index.php?rest_route=%2Fwp%2Fv2%2Fcategories&post=48160"},{"taxonomy":"post_tag","embeddable":true,"href":"https:\/\/kulturbloggen.com\/index.php?rest_route=%2Fwp%2Fv2%2Ftags&post=48160"}],"curies":[{"name":"wp","href":"https:\/\/api.w.org\/{rel}","templated":true}]}}