{"id":47985,"date":"2012-02-06T18:30:11","date_gmt":"2012-02-06T17:30:11","guid":{"rendered":"http:\/\/kulturbloggen.com\/?p=47985"},"modified":"2012-02-06T18:30:11","modified_gmt":"2012-02-06T17:30:11","slug":"tomas-ledin-framfor-sitt-debutalbum-restless-mind","status":"publish","type":"post","link":"https:\/\/kulturbloggen.com\/?p=47985","title":{"rendered":"Tomas Ledin framf\u00f6r sitt debutalbum &#8221;Restless Mind&#8221;"},"content":{"rendered":"<p>En h\u00f6gtidsstund f\u00f6r alla som gillar Tomas Ledin:<br \/>\nDen 14 mars i \u00e5r \u00e4r det 40 \u00e5r sedan Tomas Ledin sl\u00e4ppte sin debutplatta \u201dRestless Mind\u201d (1972). Den 14 mars \u00e4ntrar han S\u00f6dra Teaterns scen och framf\u00f6r sitt debutalbum \u201dRestless Mind\u201d i sin helhet \u2013 40 \u00e5r senare. <\/p>\n<p>Mer ur pressmeddelandet:<\/p>\n<p>Med sig p\u00e5 scen har han musikerna; J\u00f6rgen Ingestr\u00f6m p\u00e5 klaviatur, Sebastian Nylund gitarr, Ove Andersson bas och Johan Franzon p\u00e5 trummor.<\/p>\n<p>Samma dag, den 14 mars, sl\u00e4pps \u00e4ven en limiterad CD-utg\u00e5va av albumet \u201dRestless mind\u201d. Materialet har remastrats och tre bonussp\u00e5r har lagts till. Dessa tre l\u00e5tar spelades in under samma period men fanns inte med p\u00e5 albumet.<\/p>\n<p>Tomas ber\u00e4ttar: \u201dId\u00e9n till konserten kom fr\u00e5n mina musiker som h\u00f6rt albumet p\u00e5 Spotify. De f\u00f6rslog att vi borde g\u00f6ra en konsert p\u00e5 just det materialet. Jag lyssnade p\u00e5 l\u00e5tarna f\u00f6r f\u00f6rsta g\u00e5ngen p\u00e5 evigheter och blev glatt \u00f6verraskad. Vad jag h\u00f6r \u00e4r en ung man med gitarr, som jag g\u00e4rna vill komma lite n\u00e4rmare igen.\u201d<\/p>\n<p>L\u00e4s \u00e4ven andra bloggares \u00e5sikter om <a href=\"http:\/\/bloggar.se\/om\/Tomas+Ledin\" rel=\"tag\">Tomas Ledin<\/a>, <a href=\"http:\/\/bloggar.se\/om\/S%F6dra+teatern\" rel=\"tag\">S\u00f6dra teatern<\/a><\/p>\n","protected":false},"excerpt":{"rendered":"<p>En h\u00f6gtidsstund f\u00f6r alla som gillar Tomas Ledin: Den 14 mars i \u00e5r \u00e4r det 40 \u00e5r sedan Tomas Ledin sl\u00e4ppte sin debutplatta \u201dRestless Mind\u201d (1972). Den 14 mars \u00e4ntrar han S\u00f6dra Teaterns scen och framf\u00f6r sitt debutalbum \u201dRestless Mind\u201d i sin helhet \u2013 40 \u00e5r senare. Mer ur pressmeddelandet: Med sig p\u00e5 scen har [&hellip;]<\/p>\n","protected":false},"author":13,"featured_media":47986,"comment_status":"open","ping_status":"open","sticky":false,"template":"","format":"standard","meta":{"_genesis_hide_title":false,"_genesis_hide_breadcrumbs":false,"_genesis_hide_singular_image":false,"_genesis_hide_footer_widgets":false,"_genesis_custom_body_class":"","_genesis_custom_post_class":"","_genesis_layout":"","footnotes":""},"categories":[7],"tags":[5598,7135],"class_list":{"0":"post-47985","1":"post","2":"type-post","3":"status-publish","4":"format-standard","5":"has-post-thumbnail","7":"category-musik","8":"tag-sodra-teatern","9":"tag-tomas-ledin","10":"entry"},"_links":{"self":[{"href":"https:\/\/kulturbloggen.com\/index.php?rest_route=\/wp\/v2\/posts\/47985","targetHints":{"allow":["GET"]}}],"collection":[{"href":"https:\/\/kulturbloggen.com\/index.php?rest_route=\/wp\/v2\/posts"}],"about":[{"href":"https:\/\/kulturbloggen.com\/index.php?rest_route=\/wp\/v2\/types\/post"}],"author":[{"embeddable":true,"href":"https:\/\/kulturbloggen.com\/index.php?rest_route=\/wp\/v2\/users\/13"}],"replies":[{"embeddable":true,"href":"https:\/\/kulturbloggen.com\/index.php?rest_route=%2Fwp%2Fv2%2Fcomments&post=47985"}],"version-history":[{"count":1,"href":"https:\/\/kulturbloggen.com\/index.php?rest_route=\/wp\/v2\/posts\/47985\/revisions"}],"predecessor-version":[{"id":47987,"href":"https:\/\/kulturbloggen.com\/index.php?rest_route=\/wp\/v2\/posts\/47985\/revisions\/47987"}],"wp:featuredmedia":[{"embeddable":true,"href":"https:\/\/kulturbloggen.com\/index.php?rest_route=\/wp\/v2\/media\/47986"}],"wp:attachment":[{"href":"https:\/\/kulturbloggen.com\/index.php?rest_route=%2Fwp%2Fv2%2Fmedia&parent=47985"}],"wp:term":[{"taxonomy":"category","embeddable":true,"href":"https:\/\/kulturbloggen.com\/index.php?rest_route=%2Fwp%2Fv2%2Fcategories&post=47985"},{"taxonomy":"post_tag","embeddable":true,"href":"https:\/\/kulturbloggen.com\/index.php?rest_route=%2Fwp%2Fv2%2Ftags&post=47985"}],"curies":[{"name":"wp","href":"https:\/\/api.w.org\/{rel}","templated":true}]}}