{"id":47799,"date":"2012-02-04T10:09:14","date_gmt":"2012-02-04T09:09:14","guid":{"rendered":"http:\/\/kulturbloggen.com\/?p=47799"},"modified":"2012-02-04T17:56:14","modified_gmt":"2012-02-04T16:56:14","slug":"robert-wells-pia-sundhage-och-bokmassans-grundare-far-medalj-av-kungen","status":"publish","type":"post","link":"https:\/\/kulturbloggen.com\/?p=47799","title":{"rendered":"Robert Wells, Pia Sundhage och bokm\u00e4ssans grundare f\u00e5r medalj av kungen"},"content":{"rendered":"<p>Bokm\u00e4ssans grundare Bertil Falck tilldelas H.M. Konungens medalj av 12:e storleken f\u00f6r sina betydelsefulla insatser som entrepren\u00f6r och grundare av Bokm\u00e4ssan i G\u00f6teborg, ber\u00e4ttar ett pressmeddelande.<\/p>\n<p><a href=\"http:\/\/www.bok-bibliotek.se\/sv\/\">Bokm\u00e4ssan i G\u00f6teborg<\/a> startade 1985 och \u00e4r det st\u00f6rsta kulturevenemanget i Norden. Varje \u00e5r har Bokm\u00e4ssan \u00f6ver 100.000 bes\u00f6k. Bokm\u00e4ssan 2011 g\u00e4stades av 2.000 f\u00f6rfattare och f\u00f6rel\u00e4sare, och erbj\u00f6d 3.000 programpunkter. <\/p>\n<p>Andra som f\u00e5r kungens medalj i \u00e5r \u00e4r fd chefen f\u00f6r FN:s internrevision Inga-Britt Ahlenius, riksbankschef Stefan Ingves, fotbollstr\u00e4naren Pia Sundhage och pianisten, komposit\u00f6ren och entertainern Robert Wells.<\/p>\n<p>Tidigare medalj\u00f6rer av 12:e storleken i h\u00f6gbl\u00e5tt band \u00e4r bl a Johan Cullberg, professor (2009), Sven-G\u00f6ran Eriksson, landslagskapten (2005), Sven Grahn, rymdingenj\u00f6r (2007), Christer Fuglesang, docent, astronaut (2007), Anne Ramberg, advokat (2006), Olof Ruin, professor (1997), Harry Schein, direkt\u00f6r, fil. dr h.c. (2004). <\/p>\n<p><a href=\"http:\/\/www.bok-bibliotek.se\/nyheter\/konungens-medalj-till-bertil-falck\/\">Mer om medaljen och utdelningen p\u00e5 Bokm\u00e4ssans webbplats.<\/a><\/p>\n<p>L\u00e4s \u00e4ven andra bloggares \u00e5sikter om <a href=\"http:\/\/bloggar.se\/om\/bokm%E4ssan\" rel=\"tag\">bokm\u00e4ssan<\/a>, <a href=\"http:\/\/bloggar.se\/om\/medalj\" rel=\"tag\">medalj<\/a>, <a href=\"http:\/\/bloggar.se\/om\/kungen\" rel=\"tag\">kungen<\/a><\/p>\n","protected":false},"excerpt":{"rendered":"<p>Bokm\u00e4ssans grundare Bertil Falck tilldelas H.M. Konungens medalj av 12:e storleken f\u00f6r sina betydelsefulla insatser som entrepren\u00f6r och grundare av Bokm\u00e4ssan i G\u00f6teborg, ber\u00e4ttar ett pressmeddelande. Bokm\u00e4ssan i G\u00f6teborg startade 1985 och \u00e4r det st\u00f6rsta kulturevenemanget i Norden. Varje \u00e5r har Bokm\u00e4ssan \u00f6ver 100.000 bes\u00f6k. Bokm\u00e4ssan 2011 g\u00e4stades av 2.000 f\u00f6rfattare och f\u00f6rel\u00e4sare, och erbj\u00f6d [&hellip;]<\/p>\n","protected":false},"author":13,"featured_media":47802,"comment_status":"open","ping_status":"open","sticky":false,"template":"","format":"standard","meta":{"_genesis_hide_title":false,"_genesis_hide_breadcrumbs":false,"_genesis_hide_singular_image":false,"_genesis_hide_footer_widgets":false,"_genesis_custom_body_class":"","_genesis_custom_post_class":"","_genesis_layout":"","footnotes":""},"categories":[3],"tags":[783,7115,7114],"class_list":{"0":"post-47799","1":"post","2":"type-post","3":"status-publish","4":"format-standard","5":"has-post-thumbnail","7":"category-litteratur","8":"tag-bokmassan","9":"tag-kungen","10":"tag-medalj","11":"entry"},"_links":{"self":[{"href":"https:\/\/kulturbloggen.com\/index.php?rest_route=\/wp\/v2\/posts\/47799","targetHints":{"allow":["GET"]}}],"collection":[{"href":"https:\/\/kulturbloggen.com\/index.php?rest_route=\/wp\/v2\/posts"}],"about":[{"href":"https:\/\/kulturbloggen.com\/index.php?rest_route=\/wp\/v2\/types\/post"}],"author":[{"embeddable":true,"href":"https:\/\/kulturbloggen.com\/index.php?rest_route=\/wp\/v2\/users\/13"}],"replies":[{"embeddable":true,"href":"https:\/\/kulturbloggen.com\/index.php?rest_route=%2Fwp%2Fv2%2Fcomments&post=47799"}],"version-history":[{"count":4,"href":"https:\/\/kulturbloggen.com\/index.php?rest_route=\/wp\/v2\/posts\/47799\/revisions"}],"predecessor-version":[{"id":47811,"href":"https:\/\/kulturbloggen.com\/index.php?rest_route=\/wp\/v2\/posts\/47799\/revisions\/47811"}],"wp:featuredmedia":[{"embeddable":true,"href":"https:\/\/kulturbloggen.com\/index.php?rest_route=\/wp\/v2\/media\/47802"}],"wp:attachment":[{"href":"https:\/\/kulturbloggen.com\/index.php?rest_route=%2Fwp%2Fv2%2Fmedia&parent=47799"}],"wp:term":[{"taxonomy":"category","embeddable":true,"href":"https:\/\/kulturbloggen.com\/index.php?rest_route=%2Fwp%2Fv2%2Fcategories&post=47799"},{"taxonomy":"post_tag","embeddable":true,"href":"https:\/\/kulturbloggen.com\/index.php?rest_route=%2Fwp%2Fv2%2Ftags&post=47799"}],"curies":[{"name":"wp","href":"https:\/\/api.w.org\/{rel}","templated":true}]}}