{"id":4778,"date":"2009-01-10T15:42:47","date_gmt":"2009-01-10T14:42:47","guid":{"rendered":"http:\/\/kulturbloggen.com\/?p=4778"},"modified":"2009-01-10T15:42:47","modified_gmt":"2009-01-10T14:42:47","slug":"kulturbloggen-moter-sulo-rockartist-som-ater-ekologiskt-och-sager-nej-till-alkohol","status":"publish","type":"post","link":"https:\/\/kulturbloggen.com\/?p=4778","title":{"rendered":"Kulturbloggen m\u00f6ter Sulo, rockartist som \u00e4ter ekologiskt och s\u00e4ger nej till alkohol"},"content":{"rendered":"<p><img loading=\"lazy\" decoding=\"async\" src=\"http:\/\/sodergren.com\/kulturbloggen\/wp-content\/uploads\/2008\/11\/sulo125.jpg\" alt=\"\" title=\"sulo125\" width=\"125\" height=\"250\" class=\"alignright size-full wp-image-4779\" \/><strong>I somras sl\u00e4ppte han en skiva med sitt band Diamond Dogs. I h\u00f6stas sl\u00e4ppte han ett soloalbum. Nu \u00e4r han i full f\u00e4rd med att spela in en ny skiva som sl\u00e4pps i v\u00e5r d\u00e4r han skrivit musik till dikter och dess emellan f\u00f6rbereder han en julshow p\u00e5 S\u00f6dra teatern.<\/p>\n<p>Sulo \u00e4r en rockartist med m\u00e5nga j\u00e4rn i elden och jag har s\u00e4kert gl\u00f6mt att n\u00e4mna fler projekt han \u00e4r sysselsatt med f\u00f6r tillf\u00e4llet.<\/strong><br \/>\n<!--more--><\/p>\n<p>Han \u00e4ter sunt, han motionerar regelbundet och dricker ingen alkohol. Det kan vara en anledning till att han ser han pigg och fr\u00e4sch, hur fulltecknad almanackan \u00e4n \u00e4r.   Kulturbloggen tog en fika med honom i ett av hans favoritcaf\u00e9er.<\/p>\n<p>P\u00e5 andra sidan gatan ligger Polarstudion. Sulo tog en rast d\u00e4rifr\u00e5n f\u00f6r intervjun med oss. I studion spelar han tillsammans med Staffan Hellstrand in en skiva d\u00e4r de satt musik till Ernst Brunners dikter.<br \/>\n<img loading=\"lazy\" decoding=\"async\" src=\"http:\/\/sodergren.com\/kulturbloggen\/wp-content\/uploads\/2008\/11\/suloandfriends260.jpg\" alt=\"\" title=\"suloandfriends260\" width=\"260\" height=\"150\" class=\"alignright size-full wp-image-4783\" \/><br \/>\nN\u00e4sta \u00e5r firar Ernst Brunner 30 \u00e5r som f\u00f6rfattare. D\u00e5 ger bokf\u00f6rlaget Bonnier ut hans samlade dikter. <\/p>\n<p>Samarbetet mellan Brunner och Sulo b\u00f6rjade med att de hade planer p\u00e5 att g\u00f6ra en bok tillsammans om fotbollens sj\u00e4l.<\/p>\n<p>&#8211; Vi pratade en hel del om det och t\u00e4nkt j\u00e4mf\u00f6ra division 6-fotboll med vad fotboll \u00e4r f\u00f6r en v\u00e4rldspelare som Ronaldinho. Vi \u00e4r v\u00e4ldigt fotbollsintresserade b\u00e4gge tv\u00e5.<\/p>\n<p><strong>Men samtalen mynnade ut<\/strong> i ett helt annat projekt, en skiva d\u00e4r Brunners dikter tonsatt. Staffan Hellstrand har ocks\u00e5 ett fotbollsintresse och n\u00e4r han och Sulo hamnade p\u00e5 samma skivbolag blev han ocks\u00e5 engagerad i diktprojektet.<\/p>\n<p>&#8211; Tro inte att det \u00e4r visor, det \u00e4r rock, blues och soul, ber\u00e4ttar Sulo.<\/p>\n<p>Det \u00e4r i rock, blues och soul Sulo har sina musikaliska r\u00f6tter och k\u00e4nner sig hemma.<br \/>\n&#8211; Det b\u00f6rjade med Clash och sedan Smiths, och p\u00e5 den v\u00e4gen \u00e4r det.<\/p>\n<p>F\u00f6rutom skivinspelning i Studion, l\u00e5tskrivande och skivsl\u00e4pp repeterar han f\u00f6r julshowen p\u00e5 S\u00f6dra teatern d\u00e4r Sulo med g\u00e4startister spelar Sam Cooke-l\u00e5tar. Jo, kanske n\u00e5gon minnesgod minns att han hade en liknande julshow f\u00f6rra \u00e5ret. Den har spelats in och sl\u00e4pps p\u00e5 skiva inf\u00f6r jul.<\/p>\n<p><strong>Hur hinner han allt?<\/strong><br \/>\n&#8211; Jag vet inte. Jag har familj, fru och tre barn. Vi bor p\u00e5 landet och d\u00e4r \u00e4r alltid full rulle, de tv\u00e5 minsta \u00e4r dessutom tvillingar p\u00e5 2,5 \u00e5r. Jag tror att det beror p\u00e5 det, s\u00e4ger han.<\/p>\n<p>Det blir avkoppling att ta hand om sm\u00e5barnen.<\/p>\n<p>&#8211; Det h\u00e4nder att jag kommer p\u00e5 en l\u00e5t medan jag matar sm\u00e5barnen halv sex p\u00e5 morgonen, s\u00e4ger han.<\/p>\n<p>En annan orsak till att han orkar s\u00e5 mycket kan vara att han inte dricker alkohol, menar han.<\/p>\n<p>&#8211; Jag \u00e4r nykterist sedan fem \u00e5r tillbaka. Jag orkade inte med baksm\u00e4llor, de tog s\u00e5 mycket energi, s\u00e4ger han.<\/p>\n<p><strong>En rockstj\u00e4rna<\/strong> som inte anv\u00e4ndre alkohol eller droger, tycker om att bo p\u00e5 landet med fru och barn \u2013 och dessutom \u00e4ter de ekologiskt &#8211; Sulo sl\u00e5r nog h\u00e5l p\u00e5 en del myter om rockstj\u00e4rnelivet.<\/p>\n<p>&#8211; En del s\u00e4ger att det kanske kostar en krona mer att k\u00f6pa ekologisk mj\u00f6lk. Men vad\u00e5? Det \u00e4r det v\u00e4l v\u00e4rt. Jag v\u00e4ljer alltid ekologiskt om det g\u00e5r, s\u00e4ger han.<\/p>\n<p>F\u00f6rutom alla soloprojekt \u00e4r Sulo en i bandet Diamond Dogs. I Spanien \u00e4r Diamond Dogs ett j\u00e4ttestort band.<\/p>\n<p>&#8211; Vi m\u00f6ts av fans p\u00e5 flygplatsen och f\u00e5r skriva autografer, \u00e4r bokade f\u00f6r tv-intervjuer i flera dagar i f\u00f6ljd och har fyllt fotbollsarenor f\u00f6r v\u00e5ra konserter i Spanien, ber\u00e4ttar Sulo.<\/p>\n<p><strong>Vad \u00e4r skillnaden p\u00e5 att vara rockartist i Sverige och i Spanien?<\/strong><\/p>\n<p>&#8211; I Sverige \u00e4r det r\u00e4tt trist att spela live. Publiken i Spanien \u00e4r fantastisk att spela live f\u00f6r.<\/p>\n<p>Av och till f\u00e5r Sulo fr\u00e5gan om han inte ska flytta till Spanien. Men han stannar nog i Sverige.<\/p>\n<p>&#8211; Jag klarar inte av deras mat. Paella \u00e4r v\u00e4l okey, men det kan man inte \u00e4ta alla dagar. Oliver \u00e4r inte min grej.<\/p>\n<p><strong>Text: Rosemari S\u00f6dergren<br \/>\n<a href=\"http:\/\/www.flickr.com\/photos\/lowdincom\/\">Foto: Anders L\u00f6wdin<\/a><\/strong><em><\/p>\n<p><img loading=\"lazy\" decoding=\"async\" src=\"http:\/\/sodergren.com\/kulturbloggen\/wp-content\/uploads\/2008\/11\/sulo260.jpg\" alt=\"\" title=\"sulo260\" width=\"260\" height=\"150\" class=\"alignright size-full wp-image-4781\" \/><\/p>\n<p><img loading=\"lazy\" decoding=\"async\" src=\"http:\/\/sodergren.com\/kulturbloggen\/wp-content\/uploads\/2008\/11\/sula_cafe400.jpg\" alt=\"\" title=\"sula_cafe400\" width=\"400\" height=\"300\" class=\"aligncenter size-full wp-image-4784\" \/><\/p>\n<p><img loading=\"lazy\" decoding=\"async\" src=\"http:\/\/sodergren.com\/kulturbloggen\/wp-content\/uploads\/2008\/11\/sulo400_face.jpg\" alt=\"\" title=\"sulo400_face\" width=\"400\" height=\"571\" class=\"aligncenter size-full wp-image-4785\" \/><\/p>\n<p><img loading=\"lazy\" decoding=\"async\" src=\"http:\/\/sodergren.com\/kulturbloggen\/wp-content\/uploads\/2008\/11\/sulo400.jpg\" alt=\"\" title=\"sulo400\" width=\"400\" height=\"571\" class=\"aligncenter size-full wp-image-4786\" \/><\/p>\n<p>Andra bloggar om: <a href=\"http:\/\/bloggar.se\/om\/Spanien\" rel=\"tag\">Spanien<\/a>, <a href=\"http:\/\/bloggar.se\/om\/intervju\" rel=\"tag\">intervju<\/a>, <a href=\"http:\/\/bloggar.se\/om\/skivnytt\" rel=\"tag\">skivnytt<\/a>, <a href=\"http:\/\/bloggar.se\/om\/julshow\" rel=\"tag\">julshow<\/a>, <a href=\"http:\/\/bloggar.se\/om\/rockartister\" rel=\"tag\">rockartister<\/a>, <a href=\"http:\/\/bloggar.se\/om\/ekologi\" rel=\"tag\">ekologi<\/a>, <a href=\"http:\/\/bloggar.se\/om\/rock\" rel=\"tag\">rock<\/a>, <a href=\"http:\/\/bloggar.se\/om\/dikter\" rel=\"tag\">dikter<\/a>, <a href=\"http:\/\/bloggar.se\/om\/poesi\" rel=\"tag\">poesi<\/a>, <a href=\"http:\/\/bloggar.se\/om\/Sulo\" rel=\"tag\">Sulo<\/a>, <a href=\"http:\/\/bloggar.se\/om\/Staffan+Hellstrand\" rel=\"tag\">Staffan Hellstrand<\/a>, <a href=\"http:\/\/bloggar.se\/om\/Ernst+Brunner\" rel=\"tag\">Ernst Brunner<\/a><\/p>\n","protected":false},"excerpt":{"rendered":"<p>I somras sl\u00e4ppte han en skiva med sitt band Diamond Dogs. I h\u00f6stas sl\u00e4ppte han ett soloalbum. Nu \u00e4r han i full f\u00e4rd med att spela in en ny skiva som sl\u00e4pps i v\u00e5r d\u00e4r han skrivit musik till dikter och dess emellan f\u00f6rbereder han en julshow p\u00e5 S\u00f6dra teatern. Sulo \u00e4r en rockartist med [&hellip;]<\/p>\n","protected":false},"author":2,"featured_media":0,"comment_status":"open","ping_status":"open","sticky":false,"template":"","format":"standard","meta":{"_genesis_hide_title":false,"_genesis_hide_breadcrumbs":false,"_genesis_hide_singular_image":false,"_genesis_hide_footer_widgets":false,"_genesis_custom_body_class":"","_genesis_custom_post_class":"","_genesis_layout":"","footnotes":""},"categories":[20],"tags":[1462,12281,2802,4796,5121,5294],"class_list":{"0":"post-4778","1":"post","2":"type-post","3":"status-publish","4":"format-standard","6":"category-film","7":"tag-ekologi","8":"tag-intervju","9":"tag-julshow","10":"tag-rockartister","11":"tag-skivnytt","12":"tag-spanien","13":"entry"},"_links":{"self":[{"href":"https:\/\/kulturbloggen.com\/index.php?rest_route=\/wp\/v2\/posts\/4778","targetHints":{"allow":["GET"]}}],"collection":[{"href":"https:\/\/kulturbloggen.com\/index.php?rest_route=\/wp\/v2\/posts"}],"about":[{"href":"https:\/\/kulturbloggen.com\/index.php?rest_route=\/wp\/v2\/types\/post"}],"author":[{"embeddable":true,"href":"https:\/\/kulturbloggen.com\/index.php?rest_route=\/wp\/v2\/users\/2"}],"replies":[{"embeddable":true,"href":"https:\/\/kulturbloggen.com\/index.php?rest_route=%2Fwp%2Fv2%2Fcomments&post=4778"}],"version-history":[{"count":0,"href":"https:\/\/kulturbloggen.com\/index.php?rest_route=\/wp\/v2\/posts\/4778\/revisions"}],"wp:attachment":[{"href":"https:\/\/kulturbloggen.com\/index.php?rest_route=%2Fwp%2Fv2%2Fmedia&parent=4778"}],"wp:term":[{"taxonomy":"category","embeddable":true,"href":"https:\/\/kulturbloggen.com\/index.php?rest_route=%2Fwp%2Fv2%2Fcategories&post=4778"},{"taxonomy":"post_tag","embeddable":true,"href":"https:\/\/kulturbloggen.com\/index.php?rest_route=%2Fwp%2Fv2%2Ftags&post=4778"}],"curies":[{"name":"wp","href":"https:\/\/api.w.org\/{rel}","templated":true}]}}