{"id":47662,"date":"2012-02-02T10:12:16","date_gmt":"2012-02-02T09:12:16","guid":{"rendered":"http:\/\/kulturbloggen.com\/?p=47662"},"modified":"2012-02-02T10:12:16","modified_gmt":"2012-02-02T09:12:16","slug":"carmenpremiar-pa-malmo-opera","status":"publish","type":"post","link":"https:\/\/kulturbloggen.com\/?p=47662","title":{"rendered":"Carmenpremi\u00e4r p\u00e5 Malm\u00f6 Opera"},"content":{"rendered":"<p><a href=\"http:\/\/kulturbloggen.com\/wp-content\/uploads\/2012\/02\/carmenmalmoopera2012.jpg\"><img loading=\"lazy\" decoding=\"async\" class=\"alignleft size-medium wp-image-47663\" src=\"http:\/\/kulturbloggen.com\/wp-content\/uploads\/2012\/02\/carmenmalmoopera2012-300x297.jpg\" alt=\"\" width=\"300\" height=\"297\" srcset=\"https:\/\/kulturbloggen.com\/wp-content\/uploads\/2012\/02\/carmenmalmoopera2012-300x297.jpg 300w, https:\/\/kulturbloggen.com\/wp-content\/uploads\/2012\/02\/carmenmalmoopera2012-150x148.jpg 150w, https:\/\/kulturbloggen.com\/wp-content\/uploads\/2012\/02\/carmenmalmoopera2012-1024x1015.jpg 1024w, https:\/\/kulturbloggen.com\/wp-content\/uploads\/2012\/02\/carmenmalmoopera2012-200x198.jpg 200w, https:\/\/kulturbloggen.com\/wp-content\/uploads\/2012\/02\/carmenmalmoopera2012-151x150.jpg 151w, https:\/\/kulturbloggen.com\/wp-content\/uploads\/2012\/02\/carmenmalmoopera2012-231x230.jpg 231w, https:\/\/kulturbloggen.com\/wp-content\/uploads\/2012\/02\/carmenmalmoopera2012-65x65.jpg 65w, https:\/\/kulturbloggen.com\/wp-content\/uploads\/2012\/02\/carmenmalmoopera2012-80x80.jpg 80w, https:\/\/kulturbloggen.com\/wp-content\/uploads\/2012\/02\/carmenmalmoopera2012-590x585.jpg 590w, https:\/\/kulturbloggen.com\/wp-content\/uploads\/2012\/02\/carmenmalmoopera2012-920x912.jpg 920w, https:\/\/kulturbloggen.com\/wp-content\/uploads\/2012\/02\/carmenmalmoopera2012.jpg 1540w\" sizes=\"auto, (max-width: 300px) 100vw, 300px\" \/><\/a>Carmen opera av Georges Bizet<\/p>\n<p>Libretto Henry Meilhac och Ludovic Hal\u00e9vy efter en roman av Prosper M\u00e9rrm\u00e9e<\/p>\n<p>Premi\u00e4r 11 februari<\/p>\n<p>Malm\u00f6 Opera<\/p>\n<p>Malm\u00f6 Opera forts\u00e4tter opera\u00e5ret 2012 med sin f\u00f6rsta operapremi\u00e4r n\u00e4mligen Georges Bizet &#8221;Carmen&#8221;. Det speciella med denna upps\u00e4ttning \u00e4r att att dels sj\u00f6ngs p\u00e5 svenska dels inneh\u00e5ller talad dialog.<\/p>\n<p>Det \u00e4r \u00e5tminstone enligt min uppfattning ovanligt att s\u00e5 sker, men jag s\u00e5g f\u00f6r ett tiotal \u00e5r sedan en upps\u00e4ttning p\u00e5 Den Kongelige Opera i K\u00f6penhamn, men d\u00e4r sj\u00f6ngs det p\u00e5 franska och naturligtvis talades det p\u00e5 franska.<\/p>\n<p>En annan sak som skiljer denna upps\u00e4ttning fr\u00e5n tidigare upps\u00e4ttningar \u00e4r det f\u00f6rh\u00e5llandevis unga s\u00e5ngarlaget, \u00e4ven om huvudrollen f\u00f6rdelas p\u00e5 tre olika s\u00e5ngare. P\u00e5 premi\u00e4ren sjungs Carmen av den underbara Astrid Robillard och hennes Don Jos\u00e9 g\u00f6rs av Trelleborgs g\u00e5va till operav\u00e4rlden, Joachim B\u00e4ckstr\u00f6m. Han \u00e4r dessutom k\u00e4nd f\u00f6r att innan hans utbildning var avslutad gjorde ett inhopp p\u00e5 DKT senaste upps\u00e4ttning av &#8221;Carmen&#8221;. Han delar rollen med Mathias Zachariassen, som jag f\u00f6rsta g\u00e5ngen h\u00f6rde som en hastig inkallad s\u00e5ngare i G\u00f6teborgsOperans version av &#8221;Faust&#8221; f\u00f6r n\u00e5gra \u00e5r sedan.<\/p>\n<p>Bland \u00f6vriga s\u00e5ngare kan h\u00e4r n\u00e4mnas Anton Ljungqvist som h\u00e4r sjunger Escamillo och Zuniga, dock inte i samma f\u00f6rest\u00e4llning som jag senast h\u00f6rde som Sharpless i Folkoperans upps\u00e4ttning av &#8221;Madame Butterfly! Dessutom f\u00e5r jag f\u00f6r f\u00f6rsta g\u00e5ngen uppleva Jeremy Carpenter i rollen som Escamillo en roll som han f\u00f6r \u00f6vrigt delar med Krister St Hill.Rollen som Micaela delas av Charlotta Larsson med Cecilia Lindwall den sistn\u00e4mnda\u00a0 \u00e4r det nog f\u00f6rsta g\u00e5ngen jag f\u00e5r uppleva.<\/p>\n<p>Dessutom alternerar Susann V\u00e9gh och Emma Lyr\u00e9n i rollen som Carmen och vi f\u00e5r dessutom se och h\u00f6ra Susanna Stern, Kristina Wahlin, Daniel H\u00e4llstr\u00f6m och Rickard S\u00f6derberg, alla k\u00e4nda fr\u00e5n tidigare upps\u00e4ttningar p\u00e5 Malm\u00f6 Opera och andra operascener.<\/p>\n<p>P\u00e5 pressvisningen\u00a0 under g\u00e5rdagen fick vi se n\u00e5gra scener fr\u00e5n f\u00f6rsta akten och det ser ut att bli en sp\u00e4nnande om \u00e4n annan l\u00e4sning av verket.<\/p>\n<p><strong>Produktionsteam<\/strong><\/p>\n<p>Regi: Hilda Hellwig<\/p>\n<p>Dirigent: Christian Badea\/Andreas L\u00f6nnqvist<\/p>\n<p>Scenografi\/kostymdesign: Herbert Murauer<\/p>\n<p>Ljusdesign: Hans-\u00c5ke Sj\u00f6quist<\/p>\n<p>R\u00f6relseinstruktion: H\u00e4kan Mayer<\/p>\n<p>Dramaturg: Stefan Johansson<\/p>\n<p>\u00d6vers\u00e4ttning: Axel Strindberg, textbearbetning Hilda Hellwig och Stefan Johansson<\/p>\n","protected":false},"excerpt":{"rendered":"<p>Carmen opera av Georges Bizet Libretto Henry Meilhac och Ludovic Hal\u00e9vy efter en roman av Prosper M\u00e9rrm\u00e9e Premi\u00e4r 11 februari Malm\u00f6 Opera Malm\u00f6 Opera forts\u00e4tter opera\u00e5ret 2012 med sin f\u00f6rsta operapremi\u00e4r n\u00e4mligen Georges Bizet &#8221;Carmen&#8221;. Det speciella med denna upps\u00e4ttning \u00e4r att att dels sj\u00f6ngs p\u00e5 svenska dels inneh\u00e5ller talad dialog. Det \u00e4r \u00e5tminstone enligt [&hellip;]<\/p>\n","protected":false},"author":13,"featured_media":0,"comment_status":"open","ping_status":"open","sticky":false,"template":"","format":"standard","meta":{"_genesis_hide_title":false,"_genesis_hide_breadcrumbs":false,"_genesis_hide_singular_image":false,"_genesis_hide_footer_widgets":false,"_genesis_custom_body_class":"","_genesis_custom_post_class":"","_genesis_layout":"","footnotes":""},"categories":[20],"tags":[6664,4086],"class_list":{"0":"post-47662","1":"post","2":"type-post","3":"status-publish","4":"format-standard","6":"category-film","7":"tag-carmen","8":"tag-nasta-operapremiar","9":"entry"},"_links":{"self":[{"href":"https:\/\/kulturbloggen.com\/index.php?rest_route=\/wp\/v2\/posts\/47662","targetHints":{"allow":["GET"]}}],"collection":[{"href":"https:\/\/kulturbloggen.com\/index.php?rest_route=\/wp\/v2\/posts"}],"about":[{"href":"https:\/\/kulturbloggen.com\/index.php?rest_route=\/wp\/v2\/types\/post"}],"author":[{"embeddable":true,"href":"https:\/\/kulturbloggen.com\/index.php?rest_route=\/wp\/v2\/users\/13"}],"replies":[{"embeddable":true,"href":"https:\/\/kulturbloggen.com\/index.php?rest_route=%2Fwp%2Fv2%2Fcomments&post=47662"}],"version-history":[{"count":2,"href":"https:\/\/kulturbloggen.com\/index.php?rest_route=\/wp\/v2\/posts\/47662\/revisions"}],"predecessor-version":[{"id":47665,"href":"https:\/\/kulturbloggen.com\/index.php?rest_route=\/wp\/v2\/posts\/47662\/revisions\/47665"}],"wp:attachment":[{"href":"https:\/\/kulturbloggen.com\/index.php?rest_route=%2Fwp%2Fv2%2Fmedia&parent=47662"}],"wp:term":[{"taxonomy":"category","embeddable":true,"href":"https:\/\/kulturbloggen.com\/index.php?rest_route=%2Fwp%2Fv2%2Fcategories&post=47662"},{"taxonomy":"post_tag","embeddable":true,"href":"https:\/\/kulturbloggen.com\/index.php?rest_route=%2Fwp%2Fv2%2Ftags&post=47662"}],"curies":[{"name":"wp","href":"https:\/\/api.w.org\/{rel}","templated":true}]}}