{"id":47608,"date":"2012-02-01T10:28:11","date_gmt":"2012-02-01T09:28:11","guid":{"rendered":"http:\/\/kulturbloggen.com\/?p=47608"},"modified":"2012-02-02T17:02:15","modified_gmt":"2012-02-02T16:02:15","slug":"enrico-di-borgogna-sommaropera-i-vadstena","status":"publish","type":"post","link":"https:\/\/kulturbloggen.com\/?p=47608","title":{"rendered":"Enrico di Borgogna sommaropera i Vadstena"},"content":{"rendered":"<div>\n<p><a href=\"http:\/\/kulturbloggen.com\/wp-content\/uploads\/2012\/02\/vadstenaslott.jpg\"><img loading=\"lazy\" decoding=\"async\" class=\"alignleft size-full wp-image-47610\" src=\"http:\/\/kulturbloggen.com\/wp-content\/uploads\/2012\/02\/vadstenaslott.jpg\" alt=\"\" width=\"224\" height=\"147\" srcset=\"https:\/\/kulturbloggen.com\/wp-content\/uploads\/2012\/02\/vadstenaslott.jpg 224w, https:\/\/kulturbloggen.com\/wp-content\/uploads\/2012\/02\/vadstenaslott-200x131.jpg 200w, https:\/\/kulturbloggen.com\/wp-content\/uploads\/2012\/02\/vadstenaslott-175x114.jpg 175w, https:\/\/kulturbloggen.com\/wp-content\/uploads\/2012\/02\/vadstenaslott-100x65.jpg 100w, https:\/\/kulturbloggen.com\/wp-content\/uploads\/2012\/02\/vadstenaslott-80x52.jpg 80w, https:\/\/kulturbloggen.com\/wp-content\/uploads\/2012\/02\/vadstenaslott-150x98.jpg 150w\" sizes=\"auto, (max-width: 224px) 100vw, 224px\" \/><\/a>Foto: Markus G\u00e5rder<\/p>\n<p>Ett pressmeddelande informerar om sommarens operasatsning:<\/p>\n<p>Gaetano Donizettis opera<em> Enrico di Borgogna<\/em> ges \u00e5ter liv i Br\u00f6llopssalen p\u00e5 Vadstena slott i sommar. Operan har inte spelats sedan urpremi\u00e4ren 1818 p\u00e5 Teatro San Luca i Venedig. \u00c5tta blivande operastj\u00e4rnor fr\u00e5n Ungern, Tyskland och Sverige gestaltar greven Enrico fr\u00e5n Borgogna, den \u00e4lskv\u00e4rda Elisa och m\u00e5nga fler i denna italienska hj\u00e4lteopera.<\/p>\n<p><em>Enrico di Borgogna<\/em> spelas i Br\u00f6llopssalen p\u00e5 Vadstena Slott 20 juli &#8211; 7 augusti.<br \/>\n<strong>Tons\u00e4ttare:<\/strong> Gaetano Donizetto (1818).<strong><br \/>\nLibrettist: <\/strong>Bartolomeo Merelli.<strong><br \/>\nDirigent: <\/strong>Olof Boman.<strong><br \/>\n<\/strong><strong>Regi:<\/strong> Clara Sv\u00e4rd<strong>.<\/strong><strong> <\/strong><br \/>\n<strong>Scenografi: <\/strong>Clive Leaver.<br \/>\n<strong>Kostym:<\/strong> Anna Kjellsdotter.<strong><br \/>\nLjuss\u00e4ttare:<\/strong> Jimmy Str\u00f6m.<strong><br \/>\nMaskdesign: <\/strong>Katrin Wahlberg.<br \/>\n<strong><\/strong><strong><br \/>\nEnsemble:<\/strong> Enrico &#8211; Kinga Dobay (mezzosopran). Pietro &#8211; Markus Pettersson (tenor).<br \/>\nElisa &#8211; Rebecca Rasmussen (sopran). Guido &#8211; Thomas Volle (tenor). Gilberto &#8211; Christian Oldenburg (baryton). Brunone &#8211; Ludvig Lindstr\u00f6m (bas-baryton). Nicola &#8211; Peter Nyqvist (tenor). Geltrude &#8211; Christina Nilsson (sopran).<br \/>\n<strong>Handlingen:<\/strong> <em>Enrico di Borgogna<\/em> \u00e4r en s.k. hj\u00e4lte-opera, eller <em>Opera Eroica<\/em> och handlar om den unge Enrico som lever ett enkelt liv p\u00e5 landet. Han f\u00e5r reda p\u00e5 att han egentligen \u00e4r tronarvinge \u00a0\u2013 hans far var kung och blev m\u00f6rdad n\u00e4r Enrico var ett sp\u00e4dbarn. Enrico f\u00f6rdes i s\u00e4kerhet och v\u00e4xer ovetandes om sin b\u00f6rd upp i en fosterfamilj.<\/p>\n<p>N\u00e4r Enrico f\u00e5tt veta sanningen best\u00e4mmer han sig f\u00f6r att \u00e5terkr\u00e4va sin tronplats. I ber\u00e4ttelsen finns naturligtvis ocks\u00e5 k\u00e4rlek \u2013 b\u00e5de Guido, som or\u00e4ttm\u00e4tigt sitter p\u00e5 tronen, och Enrico \u00e4lskar Elisa och b\u00e5da k\u00e4mpar om hennes gunst.<\/p>\n<p>I <em>Enrico di Borgogna<\/em> kan man sp\u00e5ra Donizettis blivande m\u00e4sterverk. Operan \u00e4r ocks\u00e5 ett utm\u00e4rkt exempel p\u00e5 tidens Bel-canto-ideal. Operorna skrevs i syfte att s\u00e5ngarna skulle f\u00e5 m\u00f6jlighet att sjunga s\u00e5 vackert som det bara gick. <em>Enrico di Borgogna<\/em> \u00e4r ursprungligen en talpj\u00e4s som omvandlats till libretto av Bortolameo Merelli.<\/p>\n<\/div>\n","protected":false},"excerpt":{"rendered":"<p>Foto: Markus G\u00e5rder Ett pressmeddelande informerar om sommarens operasatsning: Gaetano Donizettis opera Enrico di Borgogna ges \u00e5ter liv i Br\u00f6llopssalen p\u00e5 Vadstena slott i sommar. Operan har inte spelats sedan urpremi\u00e4ren 1818 p\u00e5 Teatro San Luca i Venedig. \u00c5tta blivande operastj\u00e4rnor fr\u00e5n Ungern, Tyskland och Sverige gestaltar greven Enrico fr\u00e5n Borgogna, den \u00e4lskv\u00e4rda Elisa och [&hellip;]<\/p>\n","protected":false},"author":13,"featured_media":0,"comment_status":"open","ping_status":"open","sticky":false,"template":"","format":"standard","meta":{"_genesis_hide_title":false,"_genesis_hide_breadcrumbs":false,"_genesis_hide_singular_image":false,"_genesis_hide_footer_widgets":false,"_genesis_custom_body_class":"","_genesis_custom_post_class":"","_genesis_layout":"","footnotes":""},"categories":[20],"tags":[7078,7079,5261],"class_list":{"0":"post-47608","1":"post","2":"type-post","3":"status-publish","4":"format-standard","6":"category-film","7":"tag-enrico-di-borgogna","8":"tag-i-vadstena","9":"tag-sommaropera","10":"entry"},"_links":{"self":[{"href":"https:\/\/kulturbloggen.com\/index.php?rest_route=\/wp\/v2\/posts\/47608","targetHints":{"allow":["GET"]}}],"collection":[{"href":"https:\/\/kulturbloggen.com\/index.php?rest_route=\/wp\/v2\/posts"}],"about":[{"href":"https:\/\/kulturbloggen.com\/index.php?rest_route=\/wp\/v2\/types\/post"}],"author":[{"embeddable":true,"href":"https:\/\/kulturbloggen.com\/index.php?rest_route=\/wp\/v2\/users\/13"}],"replies":[{"embeddable":true,"href":"https:\/\/kulturbloggen.com\/index.php?rest_route=%2Fwp%2Fv2%2Fcomments&post=47608"}],"version-history":[{"count":3,"href":"https:\/\/kulturbloggen.com\/index.php?rest_route=\/wp\/v2\/posts\/47608\/revisions"}],"predecessor-version":[{"id":47693,"href":"https:\/\/kulturbloggen.com\/index.php?rest_route=\/wp\/v2\/posts\/47608\/revisions\/47693"}],"wp:attachment":[{"href":"https:\/\/kulturbloggen.com\/index.php?rest_route=%2Fwp%2Fv2%2Fmedia&parent=47608"}],"wp:term":[{"taxonomy":"category","embeddable":true,"href":"https:\/\/kulturbloggen.com\/index.php?rest_route=%2Fwp%2Fv2%2Fcategories&post=47608"},{"taxonomy":"post_tag","embeddable":true,"href":"https:\/\/kulturbloggen.com\/index.php?rest_route=%2Fwp%2Fv2%2Ftags&post=47608"}],"curies":[{"name":"wp","href":"https:\/\/api.w.org\/{rel}","templated":true}]}}