{"id":47559,"date":"2012-01-30T22:14:38","date_gmt":"2012-01-30T21:14:38","guid":{"rendered":"http:\/\/kulturbloggen.com\/?p=47559"},"modified":"2012-01-30T22:14:38","modified_gmt":"2012-01-30T21:14:38","slug":"kulturbloggen-moter-albin-gromer","status":"publish","type":"post","link":"https:\/\/kulturbloggen.com\/?p=47559","title":{"rendered":"Kulturbloggen m\u00f6ter Albin Gromer"},"content":{"rendered":"<p>Han har hyllats f\u00f6r sin f\u00f6rm\u00e5ga att i stil med Oskar Linnros f\u00f6ra in soulelement i skickligt hemsnickrade popl\u00e5tar. Den 24:e februari ger han ut sin debutskiva som helt enkelt heter <em>Album<\/em>. S\u00e5 h\u00e4r l\u00e4t det n\u00e4r Kulturbloggen m\u00f6tte upp Albin Gromer.<\/p>\n<p><strong>Kan du beskriva din debutskiva?<\/strong><\/p>\n<p>Dels \u00e4r temat ett f\u00f6rh\u00e5llande som g\u00e5r lite fram och tillbaka. Ett par som \u00e4r k\u00e4ra tillsammans, splittras upp och sedan kommer tillbaka. Skivan \u00e4r skriven under en period d\u00e5 jag gick fr\u00e5n att vara gymnasieelev till att bli vuxen vilket har p\u00e5verkat k\u00e4rlekstemat. <\/p>\n<p>Rent musikaliskt tycker jag absolut att den har en grund i soul. Fr\u00e5n b\u00f6rjan hade jag en id\u00e9 att jag skulle experimentera med synthar och arpeggiators, s\u00e5 i den \u00e4nden b\u00f6rjade jag. Efter ett tag k\u00e4ndes det som att jag m\u00e5lade in mig i ett h\u00f6rn, d\u00e5 tog jag mig friheter bortom det elektroniska. Nu \u00e4r det en blandning av synthar, trummaskiner, akustiska instrument och str\u00e5kkvartetter.<\/p>\n<p><strong>Kan du beskriva arbetsprocessen bakom skivan?<\/strong><\/p>\n<p>Det mesta har jag gjort sj\u00e4lv. Jag har suttit i min lokal, ett litet replokalsrum jag anv\u00e4nder som studio, och trixat fram l\u00e5tar fr\u00e5n texter jag har haft. Sedan \u00e5kte jag till en annan studio och spelade in str\u00e5karna. Mixningen och mastringen skedde i Stockholm.<\/p>\n<p><strong>Vilka \u00e4r f\u00f6rdelarna och nackdelarna med att spela in p\u00e5 egen hand?<\/strong><\/p>\n<p>Enda l\u00e5ten p\u00e5 skivan som jag f\u00e5tt hj\u00e4lp fr\u00e5n n\u00e5gon annan \u00e4r singeln <em>Tillsammans<\/em>. Salem Al Fakir och Saska Becker tog min hyfsat f\u00e4rdiga demo och lyfte den. Om vi hade gjort s\u00e5 p\u00e5 hela skivan hade det kanske lyft produktionen. P\u00e5 det s\u00e4ttet \u00e4r det en f\u00f6rdel att ta in folk som \u00e4r bra och kompetenta. Det kan \u00e4ven vara en f\u00f6rdel att jobba sj\u00e4lv. Sj\u00e4lv gillar jag n\u00e4r det \u00e4r lite skitigare och lite r\u00e5are.<\/p>\n<p><strong>Om du skulle g\u00f6ra en ny skiva nu, skulle du ta in g\u00e4stmusiker eller g\u00f6ra allt p\u00e5 egen hand igen?<\/strong><\/p>\n<p>Det vet jag s\u00e5klart inte \u00e4nnu men jag har nog en id\u00e9 om att \u00e5tminstone sk\u00f6ta produktionen sj\u00e4lv. Men jag f\u00f6rs\u00f6ker h\u00e5lla mig \u00f6ppen, det \u00e4r inte s\u00e5 att jag m\u00e5ste g\u00f6ra allt sj\u00e4lv.<\/p>\n<p><strong>N\u00e4r v\u00e4cktes ditt musikintresse?<\/strong><\/p>\n<p>Fr\u00e5n b\u00f6rjan tror jag att det handlade om att det engagerade mig. Saker runt omkring en engagerar en ju mer eller mindre och musik engagerar mig ofta v\u00e4ldigt mycket och har gjort det enda sedan jag var liten. Jag imponerades av gatumusiker och brukade l\u00e5tsas spela fiol. Mina f\u00f6r\u00e4ldrar har alltid st\u00f6ttat och uppmuntrat mig. N\u00e4r jag var fjorton \u00e5r ville jag b\u00f6rja ta pianolektioner och det tyckte de var v\u00e4rt att l\u00e4gga pengar p\u00e5.<\/p>\n<p><strong>Har du n\u00e5gra influenser?<\/strong><\/p>\n<p>Allt man lyssnar p\u00e5 lagras v\u00e4l n\u00e5nstans och blir ens eget. Min f\u00f6rsta medvetna musikk\u00e4rlek var hiphopen och fr\u00e5n det gick jag till neo soul. Jag har lyssnat v\u00e4ldigt mycket p\u00e5 soul fr\u00e5n 90\/00-talet som D&#8217;Angelo och Bilal. Sedan har jag lyssnat p\u00e5 house, dub step och jazz \u2013 det tar aldrig slut. Jag tror att jag hr n\u00e5gon slags f\u00f6rm\u00e5ga att ta massa olika stilar och g\u00f6ra det till n\u00e5got eget. Radiohead \u00e4r en stor influens ocks\u00e5.<\/p>\n<p><strong>Var hittar du din kreativitet?<\/strong><\/p>\n<p>Det d\u00e4r g\u00e5r upp och ned, som b\u00e4st hittar jag en melodislinga eller ett trumbeat s\u00e5 kommer ett ord. Sedan kommer det ig\u00e5ng ett flow s\u00e5 k\u00e4mpar jag p\u00e5 och blir peppad av flowet som f\u00f6der kreativiteten. Ibland f\u00e5r jag tvinga mig till att g\u00f6ra klart grejer men d\u00e5 blir resultatet oftast inte lika bra. F\u00f6r mig \u00e4r kreativitet \u00e4ven att lyssna p\u00e5 andra och vara nyfiken.<\/p>\n<p><strong>Kommer kreativiteten inifr\u00e5n eller utifr\u00e5n?<\/strong><\/p>\n<p>Precis i sk\u00e4rpunkten mellan de tv\u00e5. Det varierar fr\u00e5n l\u00e5t till l\u00e5t men jag kan vara ganska in\u00e5tv\u00e4nd n\u00e4r det g\u00e4ller min musik och jag \u00e4r inte alltid s\u00e5 bra p\u00e5 att kommunicera med omv\u00e4rlden. P\u00e5 s\u00e5 s\u00e4tt \u00e4r jag ju in\u00e5tv\u00e4nd men f\u00f6r att kunna v\u00e4nda sig in\u00e5t m\u00e5ste man v\u00e4nda sig ut\u00e5t \u2013 man kan inte sjunga om ingenting. <\/p>\n<p><strong>Kommer det bli n\u00e5gon turn\u00e9 i samband med skivsl\u00e4ppet?<\/strong><\/p>\n<p>Ja och det \u00e4r jag v\u00e4ldigt glad \u00f6ver. Det blir min f\u00f6rsta turn\u00e9 med eget namn och jag \u00e4r uppbokad varje helg mars ut. Det b\u00f6rjar i Malm\u00f6 och slutar i Lule\u00e5 och jag har med mig ett liveband best\u00e5ende av frilansmusiker. Bland annat har jag men mig Jerre fr\u00e5n Mofeta &#038; Jerre som \u00e4r skitduktig p\u00e5 gitarr.<\/p>\n<p><strong>Hur brukar dina tankar g\u00e5 n\u00e4r du st\u00e4ller dig p\u00e5 scen?<\/strong><\/p>\n<p>F\u00f6r min del \u00e4r det f\u00f6rknippat med riktigt mycket arbete. Jag tycker att det \u00e4r kul att spela och skapa musik och n\u00e4r man spelar live finns det utrymme f\u00f6r att leva ut l\u00e5tarna och ta det ett steg l\u00e4ngre. Man kan agera ut lite mer \u00e4n p\u00e5 en inspelning.<\/p>\n<p><strong>\u00c4r det viktigt med spontanitet eller ska allt vara inrepat till perfektion?<\/strong><\/p>\n<p>Min m\u00e5ls\u00e4ttning \u00e4r att allt ska vara inrepat till perfektion men mina medmusiker \u00e4r jazzmusiker s\u00e5 de \u00e4r vana vid att flippa ut och g\u00f6ra nya saker. Hittills n\u00e4r jag spelat live har det alltid funnits n\u00e5gon tidspress men nu ska vi f\u00f6rs\u00f6ka hinna repa in allt till perfektion f\u00f6r att sedan kunna k\u00e4nna oss fria p\u00e5 scen.<\/p>\n<p><strong>Blir det n\u00e5gra festivaler ocks\u00e5?<\/strong><\/p>\n<p>\u00c4n s\u00e5 l\u00e4nge har jag inget inbokat men det jobbas p\u00e5. Min f\u00f6rhoppning \u00e4r att jag ska spela \u00f6verallt men vi f\u00e5r se hur det blir.<\/p>\n<p><strong>Lever du p\u00e5 musiken eller jobbar du med n\u00e5gonting annat vid sidan om?<\/strong><\/p>\n<p>Just nu kan jag leva p\u00e5 musiken men vi f\u00e5r se n\u00e4r dr\u00f6mmen g\u00e5r i kras. Tidigare har jag haft extrajobb och det har funnits perioder d\u00e5 jag inte alls h\u00e5llit p\u00e5 med musiken. Innan P3 Guld, i januari f\u00f6rra \u00e5ret, k\u00e4nde jag att jag beh\u00f6vde satsa p\u00e5 musiken och i v\u00e5ras blev jag signad av Universal som p\u00e5 olika s\u00e4tt distribuerat min musik.<\/p>\n<p><strong>Vilka \u00e4r dina framtidsambitioner?<\/strong><\/p>\n<p>Vet inte, jag gillar att t\u00e4nka p\u00e5 saker i projektform. F\u00f6rsta skivan och f\u00f6rsta turn\u00e9n har varit mina f\u00f6rsta m\u00e5l s\u00e5 jag har g\u00e5tt och siktat mot det. Det finns s\u00e5 mycket att uppt\u00e4cka och utforska, jag vet inte riktigt vilken v\u00e4g jag kommer ta men jag utg\u00e5r fr\u00e5n att jag kommer vilja forts\u00e4tta med det h\u00e4r m\u00e5nga \u00e5r fram\u00f6ver.<\/p>\n<p><iframe loading=\"lazy\" width=\"560\" height=\"315\" src=\"http:\/\/www.youtube.com\/embed\/oY1L1h1_zxY\" frameborder=\"0\" allowfullscreen><\/iframe><\/p>\n","protected":false},"excerpt":{"rendered":"<p>Han har hyllats f\u00f6r sin f\u00f6rm\u00e5ga att i stil med Oskar Linnros f\u00f6ra in soulelement i skickligt hemsnickrade popl\u00e5tar. Den 24:e februari ger han ut sin debutskiva som helt enkelt heter Album. S\u00e5 h\u00e4r l\u00e4t det n\u00e4r Kulturbloggen m\u00f6tte upp Albin Gromer. Kan du beskriva din debutskiva? Dels \u00e4r temat ett f\u00f6rh\u00e5llande som g\u00e5r lite [&hellip;]<\/p>\n","protected":false},"author":3,"featured_media":47560,"comment_status":"open","ping_status":"open","sticky":false,"template":"","format":"standard","meta":{"_genesis_hide_title":false,"_genesis_hide_breadcrumbs":false,"_genesis_hide_singular_image":false,"_genesis_hide_footer_widgets":false,"_genesis_custom_body_class":"","_genesis_custom_post_class":"","_genesis_layout":"","footnotes":""},"categories":[5,7],"tags":[7071,186],"class_list":{"0":"post-47559","1":"post","2":"type-post","3":"status-publish","4":"format-standard","5":"has-post-thumbnail","7":"category-intervju","8":"category-musik","9":"tag-albin-gromer","10":"tag-album","11":"entry"},"_links":{"self":[{"href":"https:\/\/kulturbloggen.com\/index.php?rest_route=\/wp\/v2\/posts\/47559","targetHints":{"allow":["GET"]}}],"collection":[{"href":"https:\/\/kulturbloggen.com\/index.php?rest_route=\/wp\/v2\/posts"}],"about":[{"href":"https:\/\/kulturbloggen.com\/index.php?rest_route=\/wp\/v2\/types\/post"}],"author":[{"embeddable":true,"href":"https:\/\/kulturbloggen.com\/index.php?rest_route=\/wp\/v2\/users\/3"}],"replies":[{"embeddable":true,"href":"https:\/\/kulturbloggen.com\/index.php?rest_route=%2Fwp%2Fv2%2Fcomments&post=47559"}],"version-history":[{"count":1,"href":"https:\/\/kulturbloggen.com\/index.php?rest_route=\/wp\/v2\/posts\/47559\/revisions"}],"predecessor-version":[{"id":47561,"href":"https:\/\/kulturbloggen.com\/index.php?rest_route=\/wp\/v2\/posts\/47559\/revisions\/47561"}],"wp:featuredmedia":[{"embeddable":true,"href":"https:\/\/kulturbloggen.com\/index.php?rest_route=\/wp\/v2\/media\/47560"}],"wp:attachment":[{"href":"https:\/\/kulturbloggen.com\/index.php?rest_route=%2Fwp%2Fv2%2Fmedia&parent=47559"}],"wp:term":[{"taxonomy":"category","embeddable":true,"href":"https:\/\/kulturbloggen.com\/index.php?rest_route=%2Fwp%2Fv2%2Fcategories&post=47559"},{"taxonomy":"post_tag","embeddable":true,"href":"https:\/\/kulturbloggen.com\/index.php?rest_route=%2Fwp%2Fv2%2Ftags&post=47559"}],"curies":[{"name":"wp","href":"https:\/\/api.w.org\/{rel}","templated":true}]}}