{"id":47538,"date":"2012-01-30T18:46:02","date_gmt":"2012-01-30T17:46:02","guid":{"rendered":"http:\/\/kulturbloggen.com\/?p=47538"},"modified":"2012-01-30T18:46:27","modified_gmt":"2012-01-30T17:46:27","slug":"kulturforskolan-flygande-draken","status":"publish","type":"post","link":"https:\/\/kulturbloggen.com\/?p=47538","title":{"rendered":"Kulturf\u00f6rskolan Flygande Draken &#8211; ett tips till landets kommuner"},"content":{"rendered":"<p>Sandvikens kommun \u00f6ppnar en Kulturf\u00f6rskola i ombyggda lokaler i tidigare Hammargymnasiet. D\u00e4r kommer man att arbeta med fokus p\u00e5 estetiska l\u00e4rprocesser, utifr\u00e5n f\u00f6rskolans reviderade arbetsplan. Barnens l\u00e4rande sker med alla sinnen. <\/p>\n<p>Hela \u201dkroppen och knoppen\u201d \u00e4r med n\u00e4r barnen fr\u00e5n tidig \u00e5lder f\u00e5r stimulans, uppmuntran och praktiska m\u00f6jligheter att utveckla sina f\u00f6rm\u00e5gor att uttrycka sig genom bild, dans, musik, lek och drama. Genom dessa estetiska former l\u00e4ggs grunden f\u00f6r ett livsl\u00e5ngt l\u00e4rande i spr\u00e5k, matematik, social kompetens s\u00e5v\u00e4l som i individuella f\u00e4rdigheter!<\/p>\n<p>Den h\u00e4r veckan b\u00f6rjar de f\u00f6rsta barnen i f\u00f6rskolans tre sm\u00e5barnsgrupper och en grupp f\u00f6r lite \u00e4ldre barn. En femte avdelning kommer att f\u00e4rdigst\u00e4llas under \u00e5ret. <\/p>\n<p>De nyrenoverade lokalerna ligger i direkt anslutning till <a href=\"http:\/\/www.sandviken.se\/kulturfritid\/kulturcentrumsandviken.4.4705ee7e12bee82ae2180004762.html\">Sandvikens nya Kulturcentrum<\/a> som invigs i december i \u00e5r. <\/p>\n<p><strong>Text: Ann-Catrin Brockman<\/strong><br \/>\n<a href=\"http:\/\/www.brockman.nu\/blogg\/2012\/01\/kulturforskolan-flygande-draken\/\">som ocks\u00e5 har bloggat om detta i Brockmans blogg.<\/a><\/p>\n","protected":false},"excerpt":{"rendered":"<p>Sandvikens kommun \u00f6ppnar en Kulturf\u00f6rskola i ombyggda lokaler i tidigare Hammargymnasiet. D\u00e4r kommer man att arbeta med fokus p\u00e5 estetiska l\u00e4rprocesser, utifr\u00e5n f\u00f6rskolans reviderade arbetsplan. Barnens l\u00e4rande sker med alla sinnen. Hela \u201dkroppen och knoppen\u201d \u00e4r med n\u00e4r barnen fr\u00e5n tidig \u00e5lder f\u00e5r stimulans, uppmuntran och praktiska m\u00f6jligheter att utveckla sina f\u00f6rm\u00e5gor att uttrycka sig [&hellip;]<\/p>\n","protected":false},"author":13,"featured_media":47540,"comment_status":"open","ping_status":"open","sticky":false,"template":"","format":"standard","meta":{"_genesis_hide_title":false,"_genesis_hide_breadcrumbs":false,"_genesis_hide_singular_image":false,"_genesis_hide_footer_widgets":false,"_genesis_custom_body_class":"","_genesis_custom_post_class":"","_genesis_layout":"","footnotes":""},"categories":[62],"tags":[],"class_list":{"0":"post-47538","1":"post","2":"type-post","3":"status-publish","4":"format-standard","5":"has-post-thumbnail","7":"category-medie-och-kulturpolitik","8":"entry"},"_links":{"self":[{"href":"https:\/\/kulturbloggen.com\/index.php?rest_route=\/wp\/v2\/posts\/47538","targetHints":{"allow":["GET"]}}],"collection":[{"href":"https:\/\/kulturbloggen.com\/index.php?rest_route=\/wp\/v2\/posts"}],"about":[{"href":"https:\/\/kulturbloggen.com\/index.php?rest_route=\/wp\/v2\/types\/post"}],"author":[{"embeddable":true,"href":"https:\/\/kulturbloggen.com\/index.php?rest_route=\/wp\/v2\/users\/13"}],"replies":[{"embeddable":true,"href":"https:\/\/kulturbloggen.com\/index.php?rest_route=%2Fwp%2Fv2%2Fcomments&post=47538"}],"version-history":[{"count":3,"href":"https:\/\/kulturbloggen.com\/index.php?rest_route=\/wp\/v2\/posts\/47538\/revisions"}],"predecessor-version":[{"id":47542,"href":"https:\/\/kulturbloggen.com\/index.php?rest_route=\/wp\/v2\/posts\/47538\/revisions\/47542"}],"wp:featuredmedia":[{"embeddable":true,"href":"https:\/\/kulturbloggen.com\/index.php?rest_route=\/wp\/v2\/media\/47540"}],"wp:attachment":[{"href":"https:\/\/kulturbloggen.com\/index.php?rest_route=%2Fwp%2Fv2%2Fmedia&parent=47538"}],"wp:term":[{"taxonomy":"category","embeddable":true,"href":"https:\/\/kulturbloggen.com\/index.php?rest_route=%2Fwp%2Fv2%2Fcategories&post=47538"},{"taxonomy":"post_tag","embeddable":true,"href":"https:\/\/kulturbloggen.com\/index.php?rest_route=%2Fwp%2Fv2%2Ftags&post=47538"}],"curies":[{"name":"wp","href":"https:\/\/api.w.org\/{rel}","templated":true}]}}