{"id":47526,"date":"2012-01-30T08:26:52","date_gmt":"2012-01-30T07:26:52","guid":{"rendered":"http:\/\/kulturbloggen.com\/?p=47526"},"modified":"2012-01-30T08:26:52","modified_gmt":"2012-01-30T07:26:52","slug":"50-miljoner-personer-kan-bli-av-med-sina-bilder-nar-amerikansk-polis-raderar-megaupload","status":"publish","type":"post","link":"https:\/\/kulturbloggen.com\/?p=47526","title":{"rendered":"50 miljoner personer kan bli av med sina bilder n\u00e4r amerikansk polis raderar Megaupload"},"content":{"rendered":"<p>Kampen f\u00f6r upphovsr\u00e4tt drabbar p\u00e5 flera s\u00e4tt m\u00e4nniskor som inte fildelar upphovsr\u00e4ttsskyddat material. De flesta lagar som ger upphovsr\u00e4ttsinnehavare och polis r\u00e4tten att jaga fildelare kr\u00e4nker integriteten p\u00e5 alla medborgare. Men i fallet <a href=\"http:\/\/www.megaupload.com\/\">Megaupload<\/a> blir det \u00e4nnu tydligare hur en massa m\u00e4nniskor som inte alls \u00e4r skyldiga till upphovsr\u00e4ttsbrott drabbas \u00e4nnu mer konkret.<br \/>\nMegaupload \u00e4r en stor sajt d\u00e4r anv\u00e4ndare kan lagra och dela med sig av material. Den sajten st\u00e4ngdes av amerikanska intressen f\u00f6rra veckan. <a href=\"http:\/\/www.dn.se\/ekonomi\/50-miljoner-anvandare-riskerar-bli-av-med-privata-filer\">Nu ber\u00e4ttar Dagens Nyheter<\/a> att p\u00e5 torsdag kan fler \u00e4n 50 miljoner personer som anv\u00e4nt sig av fildelningssajten Megaupload bli av med sina privata bilder och dokument.<\/p>\n<blockquote><p>Sedan Megaupload st\u00e4ngdes ned har sajtens miljontals anv\u00e4ndare (enligt Megaupload minst 50 miljoner) inte kunnat komma \u00e5t sina filer. Och s\u00e5 kan det f\u00f6rbli, <a href=\"http:\/\/www.nzherald.co.nz\/technology\/news\/article.cfm?c_id=5&#038;objectid=10782188\">skriver nyhetsbyr\u00e5n AP<\/a>.<\/p>\n<p>Megaupload anv\u00e4nder sig av tv\u00e5 externa f\u00f6retag f\u00f6r att lagra alla filer och enligt de amerikanska \u00e5klagarna som h\u00e5ller i fallet kan f\u00f6retagen b\u00f6rja radera inneh\u00e5llet p\u00e5 sina servrar redan p\u00e5 torsdag.<\/p><\/blockquote>\n<p>Kampen f\u00f6r upphovsr\u00e4ttsinnehavarna f\u00e5r bara inte drabba m\u00e4nniskor som inte \u00e4r inblandade. D\u00e5 har r\u00e4ttssystemet g\u00e5tt \u00f6ver gr\u00e4nsen och blivit or\u00e4ttf\u00e4rdigt.<\/p>\n<p><a href=\"http:\/\/kulturbloggen.com\/wp-content\/uploads\/2012\/01\/frimegaupload.jpg\"><img loading=\"lazy\" decoding=\"async\" src=\"http:\/\/kulturbloggen.com\/wp-content\/uploads\/2012\/01\/frimegaupload-300x225.jpg\" alt=\"\" title=\"frimegaupload\" width=\"300\" height=\"225\" class=\"alignright size-medium wp-image-47527\" srcset=\"https:\/\/kulturbloggen.com\/wp-content\/uploads\/2012\/01\/frimegaupload-300x225.jpg 300w, https:\/\/kulturbloggen.com\/wp-content\/uploads\/2012\/01\/frimegaupload-200x150.jpg 200w, https:\/\/kulturbloggen.com\/wp-content\/uploads\/2012\/01\/frimegaupload-175x131.jpg 175w, https:\/\/kulturbloggen.com\/wp-content\/uploads\/2012\/01\/frimegaupload-306x230.jpg 306w, https:\/\/kulturbloggen.com\/wp-content\/uploads\/2012\/01\/frimegaupload-86x65.jpg 86w, https:\/\/kulturbloggen.com\/wp-content\/uploads\/2012\/01\/frimegaupload-80x60.jpg 80w, https:\/\/kulturbloggen.com\/wp-content\/uploads\/2012\/01\/frimegaupload-150x112.jpg 150w, https:\/\/kulturbloggen.com\/wp-content\/uploads\/2012\/01\/frimegaupload-590x442.jpg 590w, https:\/\/kulturbloggen.com\/wp-content\/uploads\/2012\/01\/frimegaupload.jpg 640w\" sizes=\"auto, (max-width: 300px) 100vw, 300px\" \/><\/a><\/p>\n<p>L\u00e4s \u00e4ven andra bloggares \u00e5sikter om <a href=\"http:\/\/bloggar.se\/om\/FBI\" rel=\"tag\">FBI<\/a>, <a href=\"http:\/\/bloggar.se\/om\/megaupload\" rel=\"tag\">megaupload<\/a>, <a href=\"http:\/\/bloggar.se\/om\/samh%E4lle\" rel=\"tag\">samh\u00e4lle<\/a>, <a href=\"http:\/\/bloggar.se\/om\/poliitk\" rel=\"tag\">poliitk<\/a>, <a href=\"http:\/\/bloggar.se\/om\/upphovsr%E4tt\" rel=\"tag\">upphovsr\u00e4tt<\/a>, <a href=\"http:\/\/bloggar.se\/om\/megaupload\" rel=\"tag\">megaupload<\/a><\/p>\n","protected":false},"excerpt":{"rendered":"<p>Kampen f\u00f6r upphovsr\u00e4tt drabbar p\u00e5 flera s\u00e4tt m\u00e4nniskor som inte fildelar upphovsr\u00e4ttsskyddat material. De flesta lagar som ger upphovsr\u00e4ttsinnehavare och polis r\u00e4tten att jaga fildelare kr\u00e4nker integriteten p\u00e5 alla medborgare. Men i fallet Megaupload blir det \u00e4nnu tydligare hur en massa m\u00e4nniskor som inte alls \u00e4r skyldiga till upphovsr\u00e4ttsbrott drabbas \u00e4nnu mer konkret. Megaupload \u00e4r [&hellip;]<\/p>\n","protected":false},"author":13,"featured_media":47528,"comment_status":"open","ping_status":"open","sticky":false,"template":"","format":"standard","meta":{"_genesis_hide_title":false,"_genesis_hide_breadcrumbs":false,"_genesis_hide_singular_image":false,"_genesis_hide_footer_widgets":false,"_genesis_custom_body_class":"","_genesis_custom_post_class":"","_genesis_layout":"","footnotes":""},"categories":[62],"tags":[1683,7063,4416,4917,36],"class_list":{"0":"post-47526","1":"post","2":"type-post","3":"status-publish","4":"format-standard","5":"has-post-thumbnail","7":"category-medie-och-kulturpolitik","8":"tag-fbi","9":"tag-megaupload","10":"tag-poliitk","11":"tag-samhalle","12":"tag-upphovsratt-nyheter","13":"entry"},"_links":{"self":[{"href":"https:\/\/kulturbloggen.com\/index.php?rest_route=\/wp\/v2\/posts\/47526","targetHints":{"allow":["GET"]}}],"collection":[{"href":"https:\/\/kulturbloggen.com\/index.php?rest_route=\/wp\/v2\/posts"}],"about":[{"href":"https:\/\/kulturbloggen.com\/index.php?rest_route=\/wp\/v2\/types\/post"}],"author":[{"embeddable":true,"href":"https:\/\/kulturbloggen.com\/index.php?rest_route=\/wp\/v2\/users\/13"}],"replies":[{"embeddable":true,"href":"https:\/\/kulturbloggen.com\/index.php?rest_route=%2Fwp%2Fv2%2Fcomments&post=47526"}],"version-history":[{"count":1,"href":"https:\/\/kulturbloggen.com\/index.php?rest_route=\/wp\/v2\/posts\/47526\/revisions"}],"predecessor-version":[{"id":47529,"href":"https:\/\/kulturbloggen.com\/index.php?rest_route=\/wp\/v2\/posts\/47526\/revisions\/47529"}],"wp:featuredmedia":[{"embeddable":true,"href":"https:\/\/kulturbloggen.com\/index.php?rest_route=\/wp\/v2\/media\/47528"}],"wp:attachment":[{"href":"https:\/\/kulturbloggen.com\/index.php?rest_route=%2Fwp%2Fv2%2Fmedia&parent=47526"}],"wp:term":[{"taxonomy":"category","embeddable":true,"href":"https:\/\/kulturbloggen.com\/index.php?rest_route=%2Fwp%2Fv2%2Fcategories&post=47526"},{"taxonomy":"post_tag","embeddable":true,"href":"https:\/\/kulturbloggen.com\/index.php?rest_route=%2Fwp%2Fv2%2Ftags&post=47526"}],"curies":[{"name":"wp","href":"https:\/\/api.w.org\/{rel}","templated":true}]}}