{"id":47452,"date":"2012-01-28T18:32:06","date_gmt":"2012-01-28T17:32:06","guid":{"rendered":"http:\/\/kulturbloggen.com\/?p=47452"},"modified":"2017-12-01T07:36:11","modified_gmt":"2017-12-01T06:36:11","slug":"filmkronikan-man-man-man-och-aterigen-man-i-fokus","status":"publish","type":"post","link":"https:\/\/kulturbloggen.com\/?p=47452","title":{"rendered":"Filmkr\u00f6nikan: m\u00e4n, m\u00e4n, m\u00e4n och \u00e5terigen m\u00e4n i fokus"},"content":{"rendered":"<p>Tre storfilmer, alla med m\u00e4n i huvudrollerna &#8211; det \u00e4r veckans filmpremi\u00e4rer. F\u00f6r det filmintresserade Sverige \u00e4r G\u00e4teborg i fokus i drygt en vecka fram\u00e5t, d\u00e5 <a href=\"http:\/\/www.gp.se\/kulturnoje\/1.841352-filmfestival-pa-stan-igen\">G\u00f6teborgs Filmfestival startat<\/a> och \u00f6ppningsfilmen var den svenska filmen &#8221;Avalon&#8221;, ocks\u00e5 den med en handling som kretsar kring en man.<\/p>\n<p>&#8221;The Descendants&#8221; med George Clooney i huvudrollen \u00e4r nog den av veckans premi\u00e4rfilmer p\u00e5 biograferna som f\u00e5tt h\u00f6gst betyg av flest kritiker. <a href=\"http:\/\/www.dn.se\/kultur-noje\/filmrecensioner\/the-descendants1\">DN gav betyg 4<\/a> och <a href=\"http:\/\/kulturbloggen.com\/?p=47127\">vi p\u00e5 Kulturbloggen gav betyg 5<\/a>.<\/p>\n<p>Filmen vann Golden Globe f\u00f6r b\u00e4sta film och George Clooney fick priset f\u00f6r b\u00e4sta manliga huvudrollen. Jad\u00e5, filmen och Clooney \u00e4r givetvis ocks\u00e5 Oscarsnominerade. Ber\u00e4ttelsen handlar om en medel\u00e5lders aff\u00e4rsman p\u00e5 Hawaii som st\u00e4lls inf\u00f6r en livskris n\u00e4r hans fru blir sv\u00e5rt skadad i en b\u00e5tolycka. Han uppt\u00e4cker att han har en d\u00e5lig kontakt med sina tv\u00e5 d\u00f6ttrar, eftersom han varit mycket fr\u00e5nvarande under deras uppv\u00e4xt, d\u00e5 han varit upptagen med aff\u00e4rslivet.<br \/>\nBer\u00e4ttelsen skildrar en familj och en sl\u00e4kt som hamnar i en livskris &#8211; och nu r\u00e5kar det vara en man som \u00e4r i centrum, men ber\u00e4ttelsen \u00e4r r\u00e4tt universell och jag tror alla som n\u00e5gon g\u00e5ng hamnat i en sv\u00e5r situation kan relatera till den. Den \u00e4r m\u00e4nsklig och skildrar m\u00e4nniskor med b\u00e5de dess goda och d\u00e5liga sidor.<\/p>\n<p>&#8221;Anonym&#8221; kretsar kring den v\u00e4rldsber\u00f6mde dramatikern William Shakespeare,\u00ad och myter och rykten som florerar kring hans liv. Han ska ha varit son till en illiterat handskmakare, han skrev 28 pj\u00e4ser, 145 sonetter. Var det han som var Shakespeare eller var det n\u00e5gon annan som skrev hans verk? Regiss\u00f6ren Roland Emmerich har valt att uutg\u00e5 fr\u00e5n att det var den bildade och bereste Edward De Vere, greven av Oxford, som skrev egentligen.<\/p>\n<p><a href=\"http:\/\/www.dn.se\/kultur-noje\/filmrecensioner\/anonym1\">DN gav filmen betyg 4 och skrev<\/a>:<\/p>\n<blockquote><p>I \u201dAnonym\u201d \u00e4r f\u00f6rfattaren en femstj\u00e4rnig pellej\u00f6ns, ett arsel och d\u00e4rtill en biroll. Shakespeare (Rafe Spall) super, plagierar, utpressar och \u00e4r analfabet. Filmen handlar i st\u00e4llet om stilige Edward De Vere (Rhys Ifans) och omst\u00e4ndigheterna som gjorde att han valde att skriva i anonymitet. Det \u00e4r en hisnande och v\u00e4largumenterad historia \u2013 om man g\u00e5r med p\u00e5 att De Vere var nio \u00e5r n\u00e4r han skrev och spelade i \u201dEn midsommarnattsdr\u00f6m.\u201d<\/p><\/blockquote>\n<p><a href=\"http:\/\/kulturbloggen.com\/?p=47407\">Kulturbloggens recensent gav betyg 3.<\/a><\/p>\n<p><a href=\"http:\/\/kulturbloggen.com\/wp-content\/uploads\/2012\/01\/mission-impossible-ghost-protocol1.jpg\"><img loading=\"lazy\" decoding=\"async\" src=\"http:\/\/kulturbloggen.com\/wp-content\/uploads\/2012\/01\/mission-impossible-ghost-protocol1.jpg\" alt=\"\" title=\"mission-impossible-ghost-protocol\" width=\"300\" height=\"199\" class=\"alignright size-full wp-image-47473\" srcset=\"https:\/\/kulturbloggen.com\/wp-content\/uploads\/2012\/01\/mission-impossible-ghost-protocol1.jpg 300w, https:\/\/kulturbloggen.com\/wp-content\/uploads\/2012\/01\/mission-impossible-ghost-protocol1-200x132.jpg 200w, https:\/\/kulturbloggen.com\/wp-content\/uploads\/2012\/01\/mission-impossible-ghost-protocol1-175x116.jpg 175w, https:\/\/kulturbloggen.com\/wp-content\/uploads\/2012\/01\/mission-impossible-ghost-protocol1-97x65.jpg 97w, https:\/\/kulturbloggen.com\/wp-content\/uploads\/2012\/01\/mission-impossible-ghost-protocol1-80x53.jpg 80w, https:\/\/kulturbloggen.com\/wp-content\/uploads\/2012\/01\/mission-impossible-ghost-protocol1-150x99.jpg 150w\" sizes=\"auto, (max-width: 300px) 100vw, 300px\" \/><\/a>F\u00f6r actionfilms\u00e4lskare och i synnerhet Mission Impossibles fans var v\u00e4l veckans h\u00f6jdpunkt att &#8221;Mission impossible. Ghost protocol&#8221; \u00e4ntligen n\u00e5tt de svenska biodukarna. Extra intressant var det ur svenskintresse att se svenska Dramatensk\u00e5despelaren Michael Nyqvist i rollen som den store skurken som bland annat sl\u00e5ss med Tom Cruise i en slutscen h\u00f6gt upp p\u00e5 n\u00e5gra st\u00e4llningar i en bilfabrik. Medier har rapporterat att Michael Nyqvist skadade revben under inspelningen av slagsm\u00e5let.<br \/>\nJag tycker det \u00e4r lite synd att Michael Nyqvist f\u00e5r spela en s\u00e5 trist roll. Som tur \u00e4r kommer han snart p\u00e5 biodukarna i andra roller.<br \/>\n<a href=\"http:\/\/kulturbloggen.com\/?p=46880\">Jag var inte alls imponerade av den nya Mission Impossible-filmen<\/a>, jag satt mest och v\u00e4ntade p\u00e5 att den  skulle ta slut. Den var \u00f6verdriven, aldrig sp\u00e4nnande och med ologiska detaljer.<br \/>\n<a href=\"http:\/\/www.dn.se\/kultur-noje\/filmrecensioner\/mission-impossible-ghost-protocol\">DN:s Fredrik Strage var mer road \u00e4n jag och gav betyg 3<\/a>. Han p\u00e5pekar att filmen \u00e4r en enorm reklamfilm dessutom f\u00f6r Apple och dess produkter:<\/p>\n<blockquote><p>Det ondskefulla geniet i filmen \u00e4r, vid n\u00e4rmare eftertanke, inte n\u00e5gon svensk domedagsfysiker utan Steve Jobs som f\u00f6re sin d\u00f6d lyckades hj\u00e4rntv\u00e4tta alla hemliga agenter till att uteslutande anv\u00e4nda Ipad och MacBook Air.<\/p>\n<p>Just n\u00e4r man tror att produktplaceringen inte kan bli mer patetisk ger Ethan Hunt sina medarbetare varsin Iphone. Och tekniken som pryds av ett \u00e4pple fungerar f\u00f6rst\u00e5s perfekt.<\/p><\/blockquote>\n<p><a href=\"http:\/\/kulturbloggen.com\/wp-content\/uploads\/2012\/01\/avalon-poster.jpg\"><img loading=\"lazy\" decoding=\"async\" src=\"http:\/\/kulturbloggen.com\/wp-content\/uploads\/2012\/01\/avalon-poster-209x300.jpg\" alt=\"\" title=\"avalon-poster\" width=\"209\" height=\"300\" class=\"alignright size-medium wp-image-47474\" srcset=\"https:\/\/kulturbloggen.com\/wp-content\/uploads\/2012\/01\/avalon-poster-209x300.jpg 209w, https:\/\/kulturbloggen.com\/wp-content\/uploads\/2012\/01\/avalon-poster-157x225.jpg 157w, https:\/\/kulturbloggen.com\/wp-content\/uploads\/2012\/01\/avalon-poster-104x150.jpg 104w, https:\/\/kulturbloggen.com\/wp-content\/uploads\/2012\/01\/avalon-poster-160x230.jpg 160w, https:\/\/kulturbloggen.com\/wp-content\/uploads\/2012\/01\/avalon-poster-45x65.jpg 45w, https:\/\/kulturbloggen.com\/wp-content\/uploads\/2012\/01\/avalon-poster-55x80.jpg 55w, https:\/\/kulturbloggen.com\/wp-content\/uploads\/2012\/01\/avalon-poster.jpg 300w\" sizes=\"auto, (max-width: 209px) 100vw, 209px\" \/><\/a>En stor del av svenska filmfolket minglar i G\u00f6teborg nu. <a href=\"http:\/\/www.giff.se\/\">G\u00f6teborgs filmfestival<\/a> har startat och den \u00e4r Skandinaviens ledande filmfestival. Under elva intensiva dagar visar massor av film och f\u00f6r den som vill f\u00f6rdjupa sig finns ett digert seminarieprogram.<\/p>\n<p>&#8221;Avalon&#8221; med Johannes Brost i huvudrollen var \u00f6ppningsfilmen. Filmen hade v\u00e4rldspremi\u00e4r i september 2011 p\u00e5 Torontos filmfestival d\u00f6r den vann kritikerpriset f\u00f6r b\u00e4sta debutfilm. Det var f\u00f6rsta g\u00e5ngen en svensk film vann pris p\u00e5 festivalen. Avalon har svensk premi\u00e4r 10 februari 2012.<\/p>\n<p>Kulturbloggen \u00e4r p\u00e5 plats i G\u00f6teborg och kommer att rapportera en del d\u00e4rifr\u00e5n.<br \/>\n<a href=\"http:\/\/www.gp.se\/kulturnoje\/film\/1.841929-ny-film-om-roy-andersson-pa-webb-och-festival\">G\u00f6teborgsposten ber\u00e4ttar<\/a> att en ny dokument\u00e4r om filmskaparen Roy Andersson ska visas under festivalen:<\/p>\n<blockquote><p>Lev m\u00e4nniska \u2026 f\u00f6r helvete \u2026 s\u00e5 l\u00e4nge du kan \u00e4r en ny dokument\u00e4r om filmmakaren Roy Andersson som f\u00f6ljer honom i arbetet med Du levande mellan 2003 och 2007. Pehr Arte och Johan Carlsson har gjort filmen, som de hoppas ska ge en unik inblick i regiss\u00f6rens liv och verk.<\/p><\/blockquote>\n<p>Det \u00e4r lustigt hur m\u00e4nnen faktiskt dominerar filmv\u00e4rlden.<\/p>\n<p><iframe loading=\"lazy\" width=\"560\" height=\"315\" src=\"http:\/\/www.youtube.com\/embed\/2PaliLAQT8k\" frameborder=\"0\" allowfullscreen><\/iframe><\/p>\n<p><iframe loading=\"lazy\" width=\"560\" height=\"315\" src=\"http:\/\/www.youtube.com\/embed\/CWHNXJ1K4yA\" frameborder=\"0\" allowfullscreen><\/iframe><\/p>\n<p><iframe loading=\"lazy\" width=\"560\" height=\"315\" src=\"http:\/\/www.youtube.com\/embed\/qP337Ey1cfQ\" frameborder=\"0\" allowfullscreen><\/iframe><\/p>\n<p><iframe loading=\"lazy\" width=\"560\" height=\"315\" src=\"http:\/\/www.youtube.com\/embed\/o28W8HPk928\" frameborder=\"0\" allowfullscreen><\/iframe><\/p>\n<p>L\u00e4s \u00e4ven andra bloggares \u00e5sikter om <a href=\"http:\/\/bloggar.se\/om\/film\" rel=\"tag\">film<\/a>, <a href=\"http:\/\/bloggar.se\/om\/filmkr%F6nikan\" rel=\"tag\">filmkr\u00f6nikan<\/a>, <a href=\"http:\/\/bloggar.se\/om\/The+Descendants\" rel=\"tag\">The Descendants<\/a>, <a href=\"http:\/\/bloggar.se\/om\/George+Clooeny\" rel=\"tag\">George Clooeny<\/a>, <a href=\"http:\/\/bloggar.se\/om\/Giff\" rel=\"tag\">Giff<\/a>, <a href=\"http:\/\/bloggar.se\/om\/G%F6teborgs+filmfestival\" rel=\"tag\">G\u00f6teborgs filmfestival<\/a><\/p>\n","protected":false},"excerpt":{"rendered":"<p>Tre storfilmer, alla med m\u00e4n i huvudrollerna &#8211; det \u00e4r veckans filmpremi\u00e4rer. F\u00f6r det filmintresserade Sverige \u00e4r G\u00e4teborg i fokus i drygt en vecka fram\u00e5t, d\u00e5 G\u00f6teborgs Filmfestival startat och \u00f6ppningsfilmen var den svenska filmen &#8221;Avalon&#8221;, ocks\u00e5 den med en handling som kretsar kring en man. &#8221;The Descendants&#8221; med George Clooney i huvudrollen \u00e4r nog [&hellip;]<\/p>\n","protected":false},"author":2,"featured_media":47475,"comment_status":"open","ping_status":"open","sticky":false,"template":"","format":"standard","meta":{"_genesis_hide_title":false,"_genesis_hide_breadcrumbs":false,"_genesis_hide_singular_image":false,"_genesis_hide_footer_widgets":false,"_genesis_custom_body_class":"","_genesis_custom_post_class":"","_genesis_layout":"","footnotes":""},"categories":[50],"tags":[6918,7053,1989,7054,12286,7001],"class_list":{"0":"post-47452","1":"post","2":"type-post","3":"status-publish","4":"format-standard","5":"has-post-thumbnail","7":"category-filmfilm","8":"tag-filmkronikan-2","9":"tag-george-clooeny","10":"tag-giff","11":"tag-goteborgs-filmfestival","12":"tag-film","13":"tag-the-descendants","14":"entry"},"_links":{"self":[{"href":"https:\/\/kulturbloggen.com\/index.php?rest_route=\/wp\/v2\/posts\/47452","targetHints":{"allow":["GET"]}}],"collection":[{"href":"https:\/\/kulturbloggen.com\/index.php?rest_route=\/wp\/v2\/posts"}],"about":[{"href":"https:\/\/kulturbloggen.com\/index.php?rest_route=\/wp\/v2\/types\/post"}],"author":[{"embeddable":true,"href":"https:\/\/kulturbloggen.com\/index.php?rest_route=\/wp\/v2\/users\/2"}],"replies":[{"embeddable":true,"href":"https:\/\/kulturbloggen.com\/index.php?rest_route=%2Fwp%2Fv2%2Fcomments&post=47452"}],"version-history":[{"count":11,"href":"https:\/\/kulturbloggen.com\/index.php?rest_route=\/wp\/v2\/posts\/47452\/revisions"}],"predecessor-version":[{"id":47477,"href":"https:\/\/kulturbloggen.com\/index.php?rest_route=\/wp\/v2\/posts\/47452\/revisions\/47477"}],"wp:featuredmedia":[{"embeddable":true,"href":"https:\/\/kulturbloggen.com\/index.php?rest_route=\/wp\/v2\/media\/47475"}],"wp:attachment":[{"href":"https:\/\/kulturbloggen.com\/index.php?rest_route=%2Fwp%2Fv2%2Fmedia&parent=47452"}],"wp:term":[{"taxonomy":"category","embeddable":true,"href":"https:\/\/kulturbloggen.com\/index.php?rest_route=%2Fwp%2Fv2%2Fcategories&post=47452"},{"taxonomy":"post_tag","embeddable":true,"href":"https:\/\/kulturbloggen.com\/index.php?rest_route=%2Fwp%2Fv2%2Ftags&post=47452"}],"curies":[{"name":"wp","href":"https:\/\/api.w.org\/{rel}","templated":true}]}}