{"id":47428,"date":"2012-01-27T23:56:22","date_gmt":"2012-01-27T22:56:22","guid":{"rendered":"http:\/\/kulturbloggen.com\/?p=47428"},"modified":"2012-01-28T00:00:27","modified_gmt":"2012-01-27T23:00:27","slug":"ny-censurteknik-flackar-twitters-rykte-som-verktyg-for-frihetskampar","status":"publish","type":"post","link":"https:\/\/kulturbloggen.com\/?p=47428","title":{"rendered":"Ny censurteknik fl\u00e4ckar Twitters rykte som verktyg f\u00f6r frihetsk\u00e4mpar"},"content":{"rendered":"<p><a href=\"http:\/\/kulturbloggen.com\/wp-content\/uploads\/2012\/01\/censorship-774141.jpg\"><img loading=\"lazy\" decoding=\"async\" class=\"alignnone size-full wp-image-47429\" title=\"censorship-774141\" src=\"http:\/\/kulturbloggen.com\/wp-content\/uploads\/2012\/01\/censorship-774141.jpg\" alt=\"\" width=\"300\" height=\"300\" srcset=\"https:\/\/kulturbloggen.com\/wp-content\/uploads\/2012\/01\/censorship-774141.jpg 300w, https:\/\/kulturbloggen.com\/wp-content\/uploads\/2012\/01\/censorship-774141-150x150.jpg 150w, https:\/\/kulturbloggen.com\/wp-content\/uploads\/2012\/01\/censorship-774141-200x200.jpg 200w, https:\/\/kulturbloggen.com\/wp-content\/uploads\/2012\/01\/censorship-774141-230x230.jpg 230w, https:\/\/kulturbloggen.com\/wp-content\/uploads\/2012\/01\/censorship-774141-65x65.jpg 65w, https:\/\/kulturbloggen.com\/wp-content\/uploads\/2012\/01\/censorship-774141-80x80.jpg 80w\" sizes=\"auto, (max-width: 300px) 100vw, 300px\" \/><\/a><\/p>\n<p>Twitter har byggt upp\u00a0en image av\u00a0att vara ett verktyg f\u00f6r frihetsk\u00e4mpar. Nu fl\u00e4ckas\u00a0ryktet n\u00e4r mikrobloggtj\u00e4nsten inf\u00f6r censur. Den nya censurtekniken g\u00f6r det m\u00f6jligt att f\u00f6rhindra tweets att spridas till vissa l\u00e4nder. <a href=\"http:\/\/svt.se\/2.108068\/1.2691700\/twitter_infor_ny_censurlosning\">Enligt SVT<\/a> beskriver Twitters ledning det som f\u00f6rdel. De slipper stoppa en uppdatering globalt.<\/p>\n<p>Till <a href=\"http:\/\/www.ft.com\/cms\/s\/2\/592c2fc0-4913-11e1-88f0-00144feabdc0.html?ftcamp=rss#axzz1khTkbubX\">Finacial Times<\/a> har Twitters ledning sagt att de t\u00e4nker stoppa uppdateringar och st\u00e4nga konton i de l\u00e4nder d\u00e4r\u00a0de f\u00e5r en censurorder.<\/p>\n<p>Under den arbiska revolutionen hyllades bland annat\u00a0Twitter som ett organisationsverktyg f\u00f6r aktivister. Om det hade h\u00e4nt idag hade kanske myndigheterna kunnat stoppa uppdateringarna till Twitter och st\u00e4nga aktivisters konton.<\/p>\n<p>Twitter har lovat att vara \u00f6ppna med n\u00e4r de\u00a0censurerar. Om de inte har beordrats att inte g\u00f6ra det. Experter p\u00e5 internationell censur har sagt att detta \u00e4r en naturlig utveckling. Twitters beslut bygger p\u00e5 aff\u00e4rm\u00e4ssiga st\u00e4llningstagande och \u00e4r en kompromiss.\u00a0En del kommentatorer\u00a0har ocks\u00e5 kopplat den saudiske prinsen Al-Waleed bin Talads investering p\u00e5 300 miljoner dollar till den nya censuren.<\/p>\n<p><a href=\"http:\/\/intressant.se\/intressant\">intressant?<\/a> L\u00e4s \u00e4ven andra bloggares \u00e5sikter om <a href=\"http:\/\/bloggar.se\/om\/Twitter\" rel=\"tag\">Twitter<\/a>, <a href=\"http:\/\/bloggar.se\/om\/censur\" rel=\"tag\">censur<\/a>, <a href=\"http:\/\/bloggar.se\/om\/internet\" rel=\"tag\">internet<\/a>, <a href=\"http:\/\/bloggar.se\/om\/yttrandefrihet\" rel=\"tag\">yttrandefrihet<\/a><\/p>\n","protected":false},"excerpt":{"rendered":"<p>Twitter har byggt upp\u00a0en image av\u00a0att vara ett verktyg f\u00f6r frihetsk\u00e4mpar. Nu fl\u00e4ckas\u00a0ryktet n\u00e4r mikrobloggtj\u00e4nsten inf\u00f6r censur. Den nya censurtekniken g\u00f6r det m\u00f6jligt att f\u00f6rhindra tweets att spridas till vissa l\u00e4nder. Enligt SVT beskriver Twitters ledning det som f\u00f6rdel. De slipper stoppa en uppdatering globalt. Till Finacial Times har Twitters ledning sagt att de t\u00e4nker [&hellip;]<\/p>\n","protected":false},"author":13,"featured_media":47429,"comment_status":"open","ping_status":"open","sticky":false,"template":"","format":"standard","meta":{"_genesis_hide_title":false,"_genesis_hide_breadcrumbs":false,"_genesis_hide_singular_image":false,"_genesis_hide_footer_widgets":false,"_genesis_custom_body_class":"","_genesis_custom_post_class":"","_genesis_layout":"","footnotes":""},"categories":[20],"tags":[960,2512,6045],"class_list":{"0":"post-47428","1":"post","2":"type-post","3":"status-publish","4":"format-standard","5":"has-post-thumbnail","7":"category-film","8":"tag-censur","9":"tag-internet","10":"tag-twitter","11":"entry"},"_links":{"self":[{"href":"https:\/\/kulturbloggen.com\/index.php?rest_route=\/wp\/v2\/posts\/47428","targetHints":{"allow":["GET"]}}],"collection":[{"href":"https:\/\/kulturbloggen.com\/index.php?rest_route=\/wp\/v2\/posts"}],"about":[{"href":"https:\/\/kulturbloggen.com\/index.php?rest_route=\/wp\/v2\/types\/post"}],"author":[{"embeddable":true,"href":"https:\/\/kulturbloggen.com\/index.php?rest_route=\/wp\/v2\/users\/13"}],"replies":[{"embeddable":true,"href":"https:\/\/kulturbloggen.com\/index.php?rest_route=%2Fwp%2Fv2%2Fcomments&post=47428"}],"version-history":[{"count":4,"href":"https:\/\/kulturbloggen.com\/index.php?rest_route=\/wp\/v2\/posts\/47428\/revisions"}],"predecessor-version":[{"id":47431,"href":"https:\/\/kulturbloggen.com\/index.php?rest_route=\/wp\/v2\/posts\/47428\/revisions\/47431"}],"wp:featuredmedia":[{"embeddable":true,"href":"https:\/\/kulturbloggen.com\/index.php?rest_route=\/wp\/v2\/media\/47429"}],"wp:attachment":[{"href":"https:\/\/kulturbloggen.com\/index.php?rest_route=%2Fwp%2Fv2%2Fmedia&parent=47428"}],"wp:term":[{"taxonomy":"category","embeddable":true,"href":"https:\/\/kulturbloggen.com\/index.php?rest_route=%2Fwp%2Fv2%2Fcategories&post=47428"},{"taxonomy":"post_tag","embeddable":true,"href":"https:\/\/kulturbloggen.com\/index.php?rest_route=%2Fwp%2Fv2%2Ftags&post=47428"}],"curies":[{"name":"wp","href":"https:\/\/api.w.org\/{rel}","templated":true}]}}