{"id":47152,"date":"2012-01-23T21:47:26","date_gmt":"2012-01-23T20:47:26","guid":{"rendered":"http:\/\/kulturbloggen.com\/?p=47152"},"modified":"2012-01-23T21:50:22","modified_gmt":"2012-01-23T20:50:22","slug":"stockholms-mimfestival-pa-boulevardteatern","status":"publish","type":"post","link":"https:\/\/kulturbloggen.com\/?p=47152","title":{"rendered":"Stockholms Mimfestival p\u00e5 Boulevardteatern"},"content":{"rendered":"<p>Den 25 till 28 januari arrangerar Boulevardteatern Stockholms Mimfestival f\u00f6r fj\u00e4rde \u00e5ret i rad. P\u00e5 onsdag inleder den spanska gruppen Bambalina Teatre festivalen med sin f\u00f6rest\u00e4llning Carmen. P\u00e5 fredag blir det surrealistisk variet\u00e9 med Deja Vu. Och p\u00e5 l\u00f6rdag blir det Mimcabar\u00e9 och prisutdelning: f\u00f6r att uppm\u00e4rksamma mimkonsten kommer Boulevardteatern f\u00f6r f\u00f6rsta g\u00e5ngen dela ut pris f\u00f6r \u00e5rets b\u00e4sta f\u00f6rest\u00e4llning med miminslag samt en hedersutm\u00e4rkelse.<\/p>\n<p>Pantomimteatern skriver om den surrealistisk variet\u00e9n Deja Vu:<\/p>\n<blockquote><p>Inspirerade av Buster Keaton, Helan och Halvan, Becket, Tati och Tarkovskij ber\u00e4ttas en historia om ett uppbrott, kanske en flykt och en resa l\u00e5ngt bort i tidens och tankens irrg\u00e5ngar. Tre figurer med ett uppdrag befinner sig pl\u00f6tsligt d\u00e4r desperation f\u00f6rvandlas till komik och vansinne ter sig naturligt.<\/p>\n<p>I ett farsartat dr\u00f6mspel f\u00f6rs\u00f6ker tre m\u00e4n hitta sina \u00f6vergivna liv. Variet\u00e9konster, trolleri och visuell komik sm\u00e4lter samman medan tiden h\u00e4lsar p\u00e5 n\u00e5gon annanstans.<\/p><\/blockquote>\n<p>Medverkande i Deja Vu: Leif Olberius, Martin Hansson, Gay Lundin, Josse Rydqvist<br \/>\nRegi: Micke Lid\u00e9n<\/p>\n<p>Medverkande i Mimcabar\u00e9n den 28 januari: Bo W Lindstr\u00f6m, Thea Skallevold, Ulrika Mannerfelt, Svetlana Biba, Txema Perez, Tobias Andersson, Thomas Sepp, Emelie Andersson-Wahlman, Katarina Rodopoulos, Alejandro Bonnet, Martin Hasselgren, Lasse Nilsen, studenter fr\u00e5n mimprogrammet Stockholms Dramatiska h\u00f6gskola och Boulevardteaterns teaterskola med flera.<br \/>\nKonferencier: Roger Westberg<\/p>\n<p>L\u00e4s mer p\u00e5 <a href=\"http:\/\/www.boulevardteatern.se\" target=\"_blank\">Boulevardteatern<\/a> och i <a href=\"http:\/\/teatermagasinet.se\/?p=4058\" target=\"_blank\">Teatermagasinet<\/a>.<\/p>\n<p>L\u00e4s \u00e4ven andra bloggares \u00e5sikter om <a href=\"http:\/\/bloggar.se\/om\/mim\" rel=\"tag\">mim<\/a>, <a href=\"http:\/\/bloggar.se\/om\/festival\" rel=\"tag\">festival<\/a>, <a href=\"http:\/\/bloggar.se\/om\/pantomim\" rel=\"tag\">pantomim<\/a><\/p>\n","protected":false},"excerpt":{"rendered":"<p>Den 25 till 28 januari arrangerar Boulevardteatern Stockholms Mimfestival f\u00f6r fj\u00e4rde \u00e5ret i rad. P\u00e5 onsdag inleder den spanska gruppen Bambalina Teatre festivalen med sin f\u00f6rest\u00e4llning Carmen. P\u00e5 fredag blir det surrealistisk variet\u00e9 med Deja Vu. Och p\u00e5 l\u00f6rdag blir det Mimcabar\u00e9 och prisutdelning: f\u00f6r att uppm\u00e4rksamma mimkonsten kommer Boulevardteatern f\u00f6r f\u00f6rsta g\u00e5ngen dela ut [&hellip;]<\/p>\n","protected":false},"author":13,"featured_media":47154,"comment_status":"open","ping_status":"open","sticky":false,"template":"","format":"standard","meta":{"_genesis_hide_title":false,"_genesis_hide_breadcrumbs":false,"_genesis_hide_singular_image":false,"_genesis_hide_footer_widgets":false,"_genesis_custom_body_class":"","_genesis_custom_post_class":"","_genesis_layout":"","footnotes":""},"categories":[20],"tags":[818,1693,3693,7003],"class_list":{"0":"post-47152","1":"post","2":"type-post","3":"status-publish","4":"format-standard","5":"has-post-thumbnail","7":"category-film","8":"tag-boulevardteatern","9":"tag-festival","10":"tag-mimare","11":"tag-pantomim","12":"entry"},"_links":{"self":[{"href":"https:\/\/kulturbloggen.com\/index.php?rest_route=\/wp\/v2\/posts\/47152","targetHints":{"allow":["GET"]}}],"collection":[{"href":"https:\/\/kulturbloggen.com\/index.php?rest_route=\/wp\/v2\/posts"}],"about":[{"href":"https:\/\/kulturbloggen.com\/index.php?rest_route=\/wp\/v2\/types\/post"}],"author":[{"embeddable":true,"href":"https:\/\/kulturbloggen.com\/index.php?rest_route=\/wp\/v2\/users\/13"}],"replies":[{"embeddable":true,"href":"https:\/\/kulturbloggen.com\/index.php?rest_route=%2Fwp%2Fv2%2Fcomments&post=47152"}],"version-history":[{"count":8,"href":"https:\/\/kulturbloggen.com\/index.php?rest_route=\/wp\/v2\/posts\/47152\/revisions"}],"predecessor-version":[{"id":47161,"href":"https:\/\/kulturbloggen.com\/index.php?rest_route=\/wp\/v2\/posts\/47152\/revisions\/47161"}],"wp:featuredmedia":[{"embeddable":true,"href":"https:\/\/kulturbloggen.com\/index.php?rest_route=\/wp\/v2\/media\/47154"}],"wp:attachment":[{"href":"https:\/\/kulturbloggen.com\/index.php?rest_route=%2Fwp%2Fv2%2Fmedia&parent=47152"}],"wp:term":[{"taxonomy":"category","embeddable":true,"href":"https:\/\/kulturbloggen.com\/index.php?rest_route=%2Fwp%2Fv2%2Fcategories&post=47152"},{"taxonomy":"post_tag","embeddable":true,"href":"https:\/\/kulturbloggen.com\/index.php?rest_route=%2Fwp%2Fv2%2Ftags&post=47152"}],"curies":[{"name":"wp","href":"https:\/\/api.w.org\/{rel}","templated":true}]}}