{"id":47042,"date":"2012-01-21T14:45:57","date_gmt":"2012-01-21T13:45:57","guid":{"rendered":"http:\/\/kulturbloggen.com\/?p=47042"},"modified":"2012-01-21T14:46:10","modified_gmt":"2012-01-21T13:46:10","slug":"way-out-west-vaxer-blir-tre-dagar","status":"publish","type":"post","link":"https:\/\/kulturbloggen.com\/?p=47042","title":{"rendered":"Way Out West v\u00e4xer: blir tre dagar"},"content":{"rendered":"<p>Way Out West, musikfestivalen i Slottsskogen i G\u00f6teborg har varit popul\u00e4r och varit uts\u00e5ld i flera \u00e5r. Nu tar arrang\u00f6rerna till sig av populariteten och ut\u00f6kar festivalen i \u00e5r, 2012, Way Out West varar i \u00e5r i tre dagar. 9-11 augusti, torsdag-fredag-l\u00f6rdag. <\/p>\n<p>Ett pressmeddelande fr\u00e5n arrang\u00f6rerna ber\u00e4ttar:<br \/>\nDet g\u00e5r att v\u00e4va in saker i fina ord och l\u00e5nga texter. Men idag k\u00e4nner vi att vi h\u00e5ller det kort och koncist.<\/p>\n<p>Vi har en nyhet att ber\u00e4tta f\u00f6r er och det \u00e4r att ist\u00e4llet f\u00f6r tv\u00e5 dagar i Slottsskogen blir Way Out West 2012 tre dagar. 9-11 augusti. torsdag-fredag-l\u00f6rdag. <\/p>\n<p>Det finns helt enkelt f\u00f6r mycket grymma artister vi vill att ni ska se. S\u00e5 enjoy, fler artister och en extra dag fylld med fin musik i Sveriges finaste park. Nu g\u00f6r vi det h\u00e4r. <\/p>\n<p>Way Out West<br \/>\nRefused<br \/>\nFeist<br \/>\nBon Iver<br \/>\nFirst Aid Kit<br \/>\nBilly Bragg<br \/>\nAzealia Banks<br \/>\nAsap Rocky<br \/>\nYelawolf<br \/>\nThe War On Drugs <\/p>\n<p>Stay Out West<br \/>\nKing Krule<br \/>\nIceage <\/p>\n<p><a href=\"http:\/\/www.wayoutwest.se \">Festivalens hemsida<\/a><\/p>\n<p>L\u00e4s \u00e4ven andra bloggares \u00e5sikter om <a href=\"http:\/\/bloggar.se\/om\/Way+Out+West\" rel=\"tag\">Way Out West<\/a>, <a href=\"http:\/\/bloggar.se\/om\/Slottskogen\" rel=\"tag\">Slottskogen<\/a>, <a href=\"http:\/\/bloggar.se\/om\/musik\" rel=\"tag\">musik<\/a>, <a href=\"http:\/\/bloggar.se\/om\/musikfestival\" rel=\"tag\">musikfestival<\/a><\/p>\n","protected":false},"excerpt":{"rendered":"<p>Way Out West, musikfestivalen i Slottsskogen i G\u00f6teborg har varit popul\u00e4r och varit uts\u00e5ld i flera \u00e5r. Nu tar arrang\u00f6rerna till sig av populariteten och ut\u00f6kar festivalen i \u00e5r, 2012, Way Out West varar i \u00e5r i tre dagar. 9-11 augusti, torsdag-fredag-l\u00f6rdag. Ett pressmeddelande fr\u00e5n arrang\u00f6rerna ber\u00e4ttar: Det g\u00e5r att v\u00e4va in saker i fina [&hellip;]<\/p>\n","protected":false},"author":13,"featured_media":47043,"comment_status":"open","ping_status":"open","sticky":false,"template":"","format":"standard","meta":{"_genesis_hide_title":false,"_genesis_hide_breadcrumbs":false,"_genesis_hide_singular_image":false,"_genesis_hide_footer_widgets":false,"_genesis_custom_body_class":"","_genesis_custom_post_class":"","_genesis_layout":"","footnotes":""},"categories":[7],"tags":[12282,3844,6986,6353],"class_list":{"0":"post-47042","1":"post","2":"type-post","3":"status-publish","4":"format-standard","5":"has-post-thumbnail","7":"category-musik","8":"tag-musik","9":"tag-musikfestival","10":"tag-slottskogen","11":"tag-way-out-west","12":"entry"},"_links":{"self":[{"href":"https:\/\/kulturbloggen.com\/index.php?rest_route=\/wp\/v2\/posts\/47042","targetHints":{"allow":["GET"]}}],"collection":[{"href":"https:\/\/kulturbloggen.com\/index.php?rest_route=\/wp\/v2\/posts"}],"about":[{"href":"https:\/\/kulturbloggen.com\/index.php?rest_route=\/wp\/v2\/types\/post"}],"author":[{"embeddable":true,"href":"https:\/\/kulturbloggen.com\/index.php?rest_route=\/wp\/v2\/users\/13"}],"replies":[{"embeddable":true,"href":"https:\/\/kulturbloggen.com\/index.php?rest_route=%2Fwp%2Fv2%2Fcomments&post=47042"}],"version-history":[{"count":2,"href":"https:\/\/kulturbloggen.com\/index.php?rest_route=\/wp\/v2\/posts\/47042\/revisions"}],"predecessor-version":[{"id":47045,"href":"https:\/\/kulturbloggen.com\/index.php?rest_route=\/wp\/v2\/posts\/47042\/revisions\/47045"}],"wp:featuredmedia":[{"embeddable":true,"href":"https:\/\/kulturbloggen.com\/index.php?rest_route=\/wp\/v2\/media\/47043"}],"wp:attachment":[{"href":"https:\/\/kulturbloggen.com\/index.php?rest_route=%2Fwp%2Fv2%2Fmedia&parent=47042"}],"wp:term":[{"taxonomy":"category","embeddable":true,"href":"https:\/\/kulturbloggen.com\/index.php?rest_route=%2Fwp%2Fv2%2Fcategories&post=47042"},{"taxonomy":"post_tag","embeddable":true,"href":"https:\/\/kulturbloggen.com\/index.php?rest_route=%2Fwp%2Fv2%2Ftags&post=47042"}],"curies":[{"name":"wp","href":"https:\/\/api.w.org\/{rel}","templated":true}]}}