{"id":46993,"date":"2012-01-20T18:51:19","date_gmt":"2012-01-20T17:51:19","guid":{"rendered":"http:\/\/kulturbloggen.com\/?p=46993"},"modified":"2012-01-21T02:20:49","modified_gmt":"2012-01-21T01:20:49","slug":"emeli-sande-timbuktu-med-flera-pa-emi-fest","status":"publish","type":"post","link":"https:\/\/kulturbloggen.com\/?p=46993","title":{"rendered":"Emeli Sand\u00e9, Timbuktu med flera p\u00e5 EMI Fest"},"content":{"rendered":"<p><a href=\"http:\/\/kulturbloggen.com\/wp-content\/uploads\/2012\/01\/H\u00e4stpojken.jpg\"><img loading=\"lazy\" decoding=\"async\" class=\"alignnone size-medium wp-image-47006\" title=\"H\u00e4stpojken\" src=\"http:\/\/kulturbloggen.com\/wp-content\/uploads\/2012\/01\/H\u00e4stpojken-300x200.jpg\" alt=\"\" width=\"300\" height=\"200\" srcset=\"https:\/\/kulturbloggen.com\/wp-content\/uploads\/2012\/01\/H\u00e4stpojken-300x200.jpg 300w, https:\/\/kulturbloggen.com\/wp-content\/uploads\/2012\/01\/H\u00e4stpojken-1024x682.jpg 1024w, https:\/\/kulturbloggen.com\/wp-content\/uploads\/2012\/01\/H\u00e4stpojken-200x133.jpg 200w, https:\/\/kulturbloggen.com\/wp-content\/uploads\/2012\/01\/H\u00e4stpojken-175x116.jpg 175w, https:\/\/kulturbloggen.com\/wp-content\/uploads\/2012\/01\/H\u00e4stpojken-345x230.jpg 345w, https:\/\/kulturbloggen.com\/wp-content\/uploads\/2012\/01\/H\u00e4stpojken-97x65.jpg 97w, https:\/\/kulturbloggen.com\/wp-content\/uploads\/2012\/01\/H\u00e4stpojken-80x53.jpg 80w, https:\/\/kulturbloggen.com\/wp-content\/uploads\/2012\/01\/H\u00e4stpojken-150x100.jpg 150w, https:\/\/kulturbloggen.com\/wp-content\/uploads\/2012\/01\/H\u00e4stpojken-590x393.jpg 590w, https:\/\/kulturbloggen.com\/wp-content\/uploads\/2012\/01\/H\u00e4stpojken-920x613.jpg 920w\" sizes=\"auto, (max-width: 300px) 100vw, 300px\" \/><\/a><\/p>\n<p>Den 19:e januari bj\u00f6d EMI in till sin \u00e5rliga fest, f\u00f6r underh\u00e5llningen stod Alice B, Cookies n Beans, Emeli Sand\u00e9, H\u00e4stpojken och Timbuktu. Vi p\u00e5 Kulturbloggen var givetvis p\u00e5 plats i Skyddsrummet och gjorde v\u00e5rt b\u00e4sta f\u00f6r att samla v\u00e5ra intryck samt dokumentera kv\u00e4llen i bilder.<\/p>\n<p><a href=\"http:\/\/kulturbloggen.com\/wp-content\/uploads\/2012\/01\/Alice-B.jpg\"><img loading=\"lazy\" decoding=\"async\" class=\"alignnone size-medium wp-image-47001\" title=\"Alice B\" src=\"http:\/\/kulturbloggen.com\/wp-content\/uploads\/2012\/01\/Alice-B-300x200.jpg\" alt=\"\" width=\"300\" height=\"200\" srcset=\"https:\/\/kulturbloggen.com\/wp-content\/uploads\/2012\/01\/Alice-B-300x200.jpg 300w, https:\/\/kulturbloggen.com\/wp-content\/uploads\/2012\/01\/Alice-B-1024x682.jpg 1024w, https:\/\/kulturbloggen.com\/wp-content\/uploads\/2012\/01\/Alice-B-200x133.jpg 200w, https:\/\/kulturbloggen.com\/wp-content\/uploads\/2012\/01\/Alice-B-175x116.jpg 175w, https:\/\/kulturbloggen.com\/wp-content\/uploads\/2012\/01\/Alice-B-345x230.jpg 345w, https:\/\/kulturbloggen.com\/wp-content\/uploads\/2012\/01\/Alice-B-97x65.jpg 97w, https:\/\/kulturbloggen.com\/wp-content\/uploads\/2012\/01\/Alice-B-80x53.jpg 80w, https:\/\/kulturbloggen.com\/wp-content\/uploads\/2012\/01\/Alice-B-150x100.jpg 150w, https:\/\/kulturbloggen.com\/wp-content\/uploads\/2012\/01\/Alice-B-590x393.jpg 590w, https:\/\/kulturbloggen.com\/wp-content\/uploads\/2012\/01\/Alice-B-920x613.jpg 920w\" sizes=\"auto, (max-width: 300px) 100vw, 300px\" \/><\/a><\/p>\n<p><strong>Alice B<\/strong><\/p>\n<p>En av G\u00f6teborgs mest talangfulla unga singer-songwriters stavas Alice B och hon \u00f6ppnade kv\u00e4llen starkt. F\u00f6r den \u00e4nnu inte invigde \u00e4r <em>I den h\u00e4r staden<\/em> en bra ink\u00f6rsport till hennes ton\u00e5rsexistentialism i popf\u00f6rpackning. L\u00e5tarna, som ofta hamnar n\u00e5gonstans mellan lycka och melankoli, tar upp \u00e4mnen som l\u00e4tt f\u00e5ngar ens intresse.<\/p>\n<p><a href=\"http:\/\/kulturbloggen.com\/wp-content\/uploads\/2012\/01\/Emeli-Sand\u00e9.jpg\"><img loading=\"lazy\" decoding=\"async\" class=\"alignnone size-medium wp-image-47002\" title=\"Emeli Sand\u00e9\" src=\"http:\/\/kulturbloggen.com\/wp-content\/uploads\/2012\/01\/Emeli-Sand\u00e9-300x200.jpg\" alt=\"\" width=\"300\" height=\"200\" srcset=\"https:\/\/kulturbloggen.com\/wp-content\/uploads\/2012\/01\/Emeli-Sand\u00e9-300x200.jpg 300w, https:\/\/kulturbloggen.com\/wp-content\/uploads\/2012\/01\/Emeli-Sand\u00e9-1024x682.jpg 1024w, https:\/\/kulturbloggen.com\/wp-content\/uploads\/2012\/01\/Emeli-Sand\u00e9-200x133.jpg 200w, https:\/\/kulturbloggen.com\/wp-content\/uploads\/2012\/01\/Emeli-Sand\u00e9-175x116.jpg 175w, https:\/\/kulturbloggen.com\/wp-content\/uploads\/2012\/01\/Emeli-Sand\u00e9-345x230.jpg 345w, https:\/\/kulturbloggen.com\/wp-content\/uploads\/2012\/01\/Emeli-Sand\u00e9-97x65.jpg 97w, https:\/\/kulturbloggen.com\/wp-content\/uploads\/2012\/01\/Emeli-Sand\u00e9-80x53.jpg 80w, https:\/\/kulturbloggen.com\/wp-content\/uploads\/2012\/01\/Emeli-Sand\u00e9-150x100.jpg 150w, https:\/\/kulturbloggen.com\/wp-content\/uploads\/2012\/01\/Emeli-Sand\u00e9-590x393.jpg 590w, https:\/\/kulturbloggen.com\/wp-content\/uploads\/2012\/01\/Emeli-Sand\u00e9-920x613.jpg 920w\" sizes=\"auto, (max-width: 300px) 100vw, 300px\" \/><\/a><\/p>\n<p><strong>Emeli Sand\u00e9<\/strong><\/p>\n<p>Kv\u00e4llens internationellt sett st\u00f6rsta artist var den skottska r&#8217;n&#8217;b-stj\u00e4rnan Emeli Sand\u00e9 som f\u00f6rra \u00e5ret fick en hit med <em>Heaven<\/em>. I februari ger hon ut sin debutskiva <em>Our Version of Events<\/em> som vi f\u00f6rutsp\u00e5r kommer bli rej\u00e4lt omtalad.<\/p>\n<p><a href=\"http:\/\/kulturbloggen.com\/wp-content\/uploads\/2012\/01\/Timbuktu.jpg\"><img loading=\"lazy\" decoding=\"async\" class=\"alignnone size-medium wp-image-47003\" title=\"Timbuktu\" src=\"http:\/\/kulturbloggen.com\/wp-content\/uploads\/2012\/01\/Timbuktu-300x195.jpg\" alt=\"\" width=\"300\" height=\"195\" srcset=\"https:\/\/kulturbloggen.com\/wp-content\/uploads\/2012\/01\/Timbuktu-300x195.jpg 300w, https:\/\/kulturbloggen.com\/wp-content\/uploads\/2012\/01\/Timbuktu-1024x668.jpg 1024w, https:\/\/kulturbloggen.com\/wp-content\/uploads\/2012\/01\/Timbuktu-200x130.jpg 200w, https:\/\/kulturbloggen.com\/wp-content\/uploads\/2012\/01\/Timbuktu-175x114.jpg 175w, https:\/\/kulturbloggen.com\/wp-content\/uploads\/2012\/01\/Timbuktu-352x230.jpg 352w, https:\/\/kulturbloggen.com\/wp-content\/uploads\/2012\/01\/Timbuktu-100x65.jpg 100w, https:\/\/kulturbloggen.com\/wp-content\/uploads\/2012\/01\/Timbuktu-80x52.jpg 80w, https:\/\/kulturbloggen.com\/wp-content\/uploads\/2012\/01\/Timbuktu-150x97.jpg 150w, https:\/\/kulturbloggen.com\/wp-content\/uploads\/2012\/01\/Timbuktu-590x385.jpg 590w, https:\/\/kulturbloggen.com\/wp-content\/uploads\/2012\/01\/Timbuktu-920x600.jpg 920w\" sizes=\"auto, (max-width: 300px) 100vw, 300px\" \/><\/a><\/p>\n<p><strong>Timbuktu<\/strong><\/p>\n<p>Trots att jag tidigare inte har kunnat r\u00e4knas till hans allra st\u00f6rsta beundrarskara m\u00e5ste jag s\u00e4ga att Timbuktu var kv\u00e4llens stora beh\u00e5llning. Med en s\u00e4llan sk\u00e5dad pondus och scengl\u00e4dje utstr\u00e5lade hann en s\u00e4kerhet som enbart en sann musiker kan besitta. Och nya l\u00e5ten <em>Fallsk\u00e4rm<\/em> som premi\u00e4rspelades satt som en handske. Ser fram emot att h\u00f6ra mer av honom under v\u00e5ren. <\/p>\n<p>Bilden l\u00e4ngst upp f\u00f6rest\u00e4ller\u00a0G\u00f6teborgsbandet H\u00e4stpojken som \u00e4r EMI:s senaste signering.<\/p>\n","protected":false},"excerpt":{"rendered":"<p>Den 19:e januari bj\u00f6d EMI in till sin \u00e5rliga fest, f\u00f6r underh\u00e5llningen stod Alice B, Cookies n Beans, Emeli Sand\u00e9, H\u00e4stpojken och Timbuktu. Vi p\u00e5 Kulturbloggen var givetvis p\u00e5 plats i Skyddsrummet och gjorde v\u00e5rt b\u00e4sta f\u00f6r att samla v\u00e5ra intryck samt dokumentera kv\u00e4llen i bilder. Alice B En av G\u00f6teborgs mest talangfulla unga singer-songwriters [&hellip;]<\/p>\n","protected":false},"author":3,"featured_media":47006,"comment_status":"open","ping_status":"open","sticky":false,"template":"","format":"standard","meta":{"_genesis_hide_title":false,"_genesis_hide_breadcrumbs":false,"_genesis_hide_singular_image":false,"_genesis_hide_footer_widgets":false,"_genesis_custom_body_class":"","_genesis_custom_post_class":"","_genesis_layout":"","footnotes":""},"categories":[20],"tags":[6979,6980,6977,1500,2375,6978],"class_list":{"0":"post-46993","1":"post","2":"type-post","3":"status-publish","4":"format-standard","5":"has-post-thumbnail","7":"category-film","8":"tag-alice-b","9":"tag-cookies-n-beans","10":"tag-emeli-sande","11":"tag-emi","12":"tag-hastpojken","13":"tag-timbuktu","14":"entry"},"_links":{"self":[{"href":"https:\/\/kulturbloggen.com\/index.php?rest_route=\/wp\/v2\/posts\/46993","targetHints":{"allow":["GET"]}}],"collection":[{"href":"https:\/\/kulturbloggen.com\/index.php?rest_route=\/wp\/v2\/posts"}],"about":[{"href":"https:\/\/kulturbloggen.com\/index.php?rest_route=\/wp\/v2\/types\/post"}],"author":[{"embeddable":true,"href":"https:\/\/kulturbloggen.com\/index.php?rest_route=\/wp\/v2\/users\/3"}],"replies":[{"embeddable":true,"href":"https:\/\/kulturbloggen.com\/index.php?rest_route=%2Fwp%2Fv2%2Fcomments&post=46993"}],"version-history":[{"count":9,"href":"https:\/\/kulturbloggen.com\/index.php?rest_route=\/wp\/v2\/posts\/46993\/revisions"}],"predecessor-version":[{"id":47028,"href":"https:\/\/kulturbloggen.com\/index.php?rest_route=\/wp\/v2\/posts\/46993\/revisions\/47028"}],"wp:featuredmedia":[{"embeddable":true,"href":"https:\/\/kulturbloggen.com\/index.php?rest_route=\/wp\/v2\/media\/47006"}],"wp:attachment":[{"href":"https:\/\/kulturbloggen.com\/index.php?rest_route=%2Fwp%2Fv2%2Fmedia&parent=46993"}],"wp:term":[{"taxonomy":"category","embeddable":true,"href":"https:\/\/kulturbloggen.com\/index.php?rest_route=%2Fwp%2Fv2%2Fcategories&post=46993"},{"taxonomy":"post_tag","embeddable":true,"href":"https:\/\/kulturbloggen.com\/index.php?rest_route=%2Fwp%2Fv2%2Ftags&post=46993"}],"curies":[{"name":"wp","href":"https:\/\/api.w.org\/{rel}","templated":true}]}}