{"id":4694,"date":"2008-11-23T18:58:02","date_gmt":"2008-11-23T17:58:02","guid":{"rendered":"http:\/\/kulturbloggen.com\/?p=4694"},"modified":"2008-11-23T18:58:02","modified_gmt":"2008-11-23T17:58:02","slug":"rimligt-forslag-fran-muf-om-fildelning","status":"publish","type":"post","link":"https:\/\/kulturbloggen.com\/?p=4694","title":{"rendered":"Rimligt f\u00f6rslag fr\u00e5n MUF om fildelning"},"content":{"rendered":"<p><img loading=\"lazy\" decoding=\"async\" src=\"http:\/\/sodergren.com\/kulturbloggen\/wp-content\/uploads\/2008\/11\/muf125.jpg\" alt=\"\" title=\"muf125\" width=\"125\" height=\"250\" class=\"alignright size-full wp-image-4697\" \/>Den nya fildelarlagen, som h\u00f6gerregeringen vill inf\u00f6ra, kommer att f\u00f6rsv\u00e5ra jakten p\u00e5 pedofiler, menar Per-Erik \u00c5str\u00f6m som tidigare arbetade mot barnporr som chef f\u00f6r R\u00e4dda Barnens hotline.<\/p>\n<p><a href=\"http:\/\/www.dn.se\/DNet\/jsp\/polopoly.jsp?d=147&#038;a=855193\">Dagens Nyheter skriver<\/a>:<\/p>\n<blockquote><p>HAN TROR ATT DEN NYA LAGEN f\u00e5r effekter som politikerna \u00e4nnu inte sett tydligt. \u00d6kad risk f\u00f6r att st\u00e4mmas i domstol kommer att leda till att stora och sm\u00e5 fildelare blir mer intresserade av att g\u00f6mma sitt IP-nummer.<\/p>\n<p>&#8211; Det blir med automatik s\u00e5. Du kommer aldrig att kunna lagstifta bort det h\u00e4r, tekniken kommer att spela dig ett spratt hela tiden, det \u00e4r s\u00e5 det \u00e4r. Att finta bort ett IP-nummer kan redan i dag n\u00e4stan varenda unge i tolv\u00e5rs\u00e5ldern, s\u00e4ger \u00c5str\u00f6m.<\/p><\/blockquote>\n<p>Risken \u00e4r nog ocks\u00e5 stor att de som fildelar mycket, och som \u00e4r de stora fiskar som filmbolagen och musikbolagen helst vill ha tag p\u00e5, de kommer att k\u00f6ra med anonyma uppkopplingar.<\/p>\n<p>Den lag som h\u00f6gerregeringen vill inf\u00f6ra vill ge musikbolag och filmbolag r\u00e4tt att kr\u00e4va att f\u00e5 IP-nummer av internetleverant\u00f6rerna. Det \u00e4r s\u00e5 konstigt, varf\u00f6r ska de jaga misst\u00e4nkta och vara inblandade i den jakten?<\/p>\n<p>En tolv\u00e5ring jag k\u00e4nner blev r\u00e5nad p\u00e5 sin mp3-spelare av n\u00e5gra ungdomar som ryckte den ifr\u00e5n honom. Den r\u00e5nade kan peka ut var de som r\u00e5nade honom brukar h\u00e5lla till, vilken fritidsg\u00e5rd de g\u00e5r p\u00e5. Men han har inte r\u00e4tt att kr\u00e4va att polisen lyfter ut dem till honom s\u00e5 han kan ta itu med dem. Det \u00e4r till och med s\u00e5 att polisen inte ens g\u00f6r n\u00e5got \u00e5t r\u00e5net utan avskrivit \u00e4rendet redan efter en vecka.<br \/>\nVad \u00e4r skillnaden? Varf\u00f6r f\u00e5r han inte polisst\u00f6d? Han har ju inte ens sin mp3-spelare kvar.<br \/>\nDen musik och de filmer som fildelas f\u00f6rsvinner ju inte.<\/p>\n<p>Jo, det \u00e4r sant att den som g\u00f6r musik vill att den som skaffar musiken ska betala n\u00e5got f\u00f6r det. Det \u00e4r klart. Men fr\u00e5gan \u00e4r om det m\u00e5ste g\u00e5 till p\u00e5 samma s\u00e4tt som det gjort i ett par decennier. Varf\u00f6r m\u00e5ste det ske med cd-skivor och varf\u00f6r m\u00e5ste det kosta n\u00e4stan 200 kronor f\u00f6r en ny skiva?<\/p>\n<p>Hur som helst, moderaternas ungdomsf\u00f6rbund anser nu att privatfildelning b\u00f6r till\u00e5tas. <a href=\"http:\/\/www.dn.se\/DNet\/jsp\/polopoly.jsp?d=1042&#038;a=855294\">Ur Dagens Nyheter<\/a>:<\/p>\n<blockquote><p>Muf:s ja till fildelning g\u00e4ller dock bara f\u00f6r icke-kommersiellt bruk.<\/p>\n<p>&#8211; Om man g\u00f6r till sin id\u00e9 att tj\u00e4na pengar p\u00e5 andra m\u00e4nniskors arbete blir det en helt annan diskussion, till exempel om jag g\u00f6r cd-skivor med n\u00e5gon annans musik, framh\u00e5ller Wykman.<\/p><\/blockquote>\n<p>Jag tycker Wykmans f\u00f6rslag \u00e4r rimligt.<\/p>\n<p>Relaterade bloggar:<br \/>\n<a href=\"http:\/\/opassande.se\/index.php\/2008\/11\/23\/ytterligare-en-sondagsrunda\/\">Opassande<\/a>, <a href=\"http:\/\/minamoderatakarameller.blogspot.com\/2008\/11\/de-r-nog-en-helt-ondig-lag-det-hr.html\">Marys moderata karameller<\/a> och <a href=\"http:\/\/projo.se\/2008\/11\/bra-vs-dalig-overvakning\/\">ProjO`s blog<\/a>.<\/p>\n<p>Relaterade artiklar:<br \/>\n<a href=\"http:\/\/www.dn.se\/DNet\/jsp\/polopoly.jsp?d=2374&#038;a=854303\">Fritt fram att ladda film till april<\/a><br \/>\n<a href=\"http:\/\/www.svd.se\/nyheter\/inrikes\/artikel_2087119.svd\">Svenska Dagbladet<\/a><\/p>\n<p><a href=\"http:\/\/www.aftonbladet.se\/nyheter\/ipred\/article3837322.ab\">Aftonbladet<\/a><\/p>\n<p><img loading=\"lazy\" decoding=\"async\" src=\"http:\/\/sodergren.com\/kulturbloggen\/wp-content\/uploads\/2008\/11\/muf260.jpg\" alt=\"\" title=\"muf260\" width=\"260\" height=\"150\" class=\"alignright size-full wp-image-4699\" \/><\/p>\n<p>Andra bloggar om: <a href=\"http:\/\/bloggar.se\/om\/fildelningslagen\" rel=\"tag\">fildelningslagen<\/a>, <a href=\"http:\/\/bloggar.se\/om\/piratfr%E5gor\" rel=\"tag\">piratfr\u00e5gor<\/a>, <a href=\"http:\/\/bloggar.se\/om\/upphovsr%E4tt\" rel=\"tag\">upphovsr\u00e4tt<\/a>, <a href=\"http:\/\/bloggar.se\/om\/Wykman\" rel=\"tag\">Wykman<\/a>, <a href=\"http:\/\/bloggar.se\/om\/MUF\" rel=\"tag\">MUF<\/a>, <a href=\"http:\/\/bloggar.se\/om\/fildelning\" rel=\"tag\">fildelning<\/a>, <a href=\"http:\/\/bloggar.se\/om\/pirater\" rel=\"tag\">pirater<\/a>, <a href=\"http:\/\/bloggar.se\/om\/Ipred\" rel=\"tag\">Ipred<\/a><\/p>\n","protected":false},"excerpt":{"rendered":"<p>Den nya fildelarlagen, som h\u00f6gerregeringen vill inf\u00f6ra, kommer att f\u00f6rsv\u00e5ra jakten p\u00e5 pedofiler, menar Per-Erik \u00c5str\u00f6m som tidigare arbetade mot barnporr som chef f\u00f6r R\u00e4dda Barnens hotline. Dagens Nyheter skriver: HAN TROR ATT DEN NYA LAGEN f\u00e5r effekter som politikerna \u00e4nnu inte sett tydligt. \u00d6kad risk f\u00f6r att st\u00e4mmas i domstol kommer att leda till [&hellip;]<\/p>\n","protected":false},"author":2,"featured_media":0,"comment_status":"open","ping_status":"open","sticky":false,"template":"","format":"standard","meta":{"_genesis_hide_title":false,"_genesis_hide_breadcrumbs":false,"_genesis_hide_singular_image":false,"_genesis_hide_footer_widgets":false,"_genesis_custom_body_class":"","_genesis_custom_post_class":"","_genesis_layout":"","footnotes":""},"categories":[20],"tags":[1710,4377,36],"class_list":["post-4694","post","type-post","status-publish","format-standard","category-film","tag-fildelningslagen","tag-piratfragor","tag-upphovsratt-nyheter","entry"],"_links":{"self":[{"href":"https:\/\/kulturbloggen.com\/index.php?rest_route=\/wp\/v2\/posts\/4694","targetHints":{"allow":["GET"]}}],"collection":[{"href":"https:\/\/kulturbloggen.com\/index.php?rest_route=\/wp\/v2\/posts"}],"about":[{"href":"https:\/\/kulturbloggen.com\/index.php?rest_route=\/wp\/v2\/types\/post"}],"author":[{"embeddable":true,"href":"https:\/\/kulturbloggen.com\/index.php?rest_route=\/wp\/v2\/users\/2"}],"replies":[{"embeddable":true,"href":"https:\/\/kulturbloggen.com\/index.php?rest_route=%2Fwp%2Fv2%2Fcomments&post=4694"}],"version-history":[{"count":0,"href":"https:\/\/kulturbloggen.com\/index.php?rest_route=\/wp\/v2\/posts\/4694\/revisions"}],"wp:attachment":[{"href":"https:\/\/kulturbloggen.com\/index.php?rest_route=%2Fwp%2Fv2%2Fmedia&parent=4694"}],"wp:term":[{"taxonomy":"category","embeddable":true,"href":"https:\/\/kulturbloggen.com\/index.php?rest_route=%2Fwp%2Fv2%2Fcategories&post=4694"},{"taxonomy":"post_tag","embeddable":true,"href":"https:\/\/kulturbloggen.com\/index.php?rest_route=%2Fwp%2Fv2%2Ftags&post=4694"}],"curies":[{"name":"wp","href":"https:\/\/api.w.org\/{rel}","templated":true}]}}