{"id":46884,"date":"2012-01-20T10:37:58","date_gmt":"2012-01-20T09:37:58","guid":{"rendered":"http:\/\/kulturbloggen.com\/?p=46884"},"modified":"2012-01-20T10:50:32","modified_gmt":"2012-01-20T09:50:32","slug":"mille-markovic-biografin-uppskruvade-forvantningar-infrias-inte","status":"publish","type":"post","link":"https:\/\/kulturbloggen.com\/?p=46884","title":{"rendered":"Mille Markovic: biografin &#8211; uppskruvade f\u00f6rv\u00e4ntningar infrias inte"},"content":{"rendered":"<p><a href=\"http:\/\/www.bokus.com\/bok\/9789185000975\/mille-markovic-biografin\/\">Mille Markovic: biografin<\/a><br \/>\nF\u00f6rfattare: Deanne Rauscher och Beata Hansson<br \/>\nF\u00f6rlag: <a href=\"http:\/\/www.vertigo.se\/index.php?id=22&amp;BOOK=114\">Vertigo<\/a><br \/>\nISBN 978-91-85000-97-5<\/p>\n<p>Jag hade en hel del f\u00f6rv\u00e4ntningar p\u00e5\u00a0<a href=\"http:\/\/www.adlibris.com\/se\/product.aspx?isbn=9185000973\">Mille Markovic: biografin<\/a>. Gangstern Mille Markovic \u00e4r den man som satt det svenska kungahuset i gungning. N\u00e4r Mille Markovic drev klubbverksamhet var kungen och hans v\u00e4nner g\u00e4ster i hans lokaler. De hyrde rum och enligt Mille Markovic f\u00f6rekom det m\u00e5nga l\u00e4ttkl\u00e4dda unga kvinnor som utnyttjades och d\u00e4r fanns ocks\u00e5 knark. Mille har i svenska medier h\u00e4vdat att han har bilder p\u00e5 den svenske kungen tillsammans med mycket l\u00e4ttkl\u00e4dda damer.<br \/>\nDet har skrivits en hel del om detta, framf\u00f6r allt i kv\u00e4llstidningar. Finns bilderna verkligen? Enligt kv\u00e4llstidningar ska v\u00e4nner till kungen f\u00f6rs\u00f6kt att k\u00f6pa bilderna och f\u00f6rs\u00f6kt k\u00f6pa Markovic\u00b4 tystnad.<\/p>\n<p>N\u00e4r hans biografi nu sl\u00e4ppts \u00e4r m\u00e5nga nyfikna, ska vi \u00e4ntligen f\u00e5 se n\u00e5gon av dessa bilder, ska vi f\u00e5 h\u00f6ra n\u00e5got som vi kan tro \u00e4r sanning?<\/p>\n<p>Nej, det f\u00e5r vi inte. En liten suddig bild \u00e4r allt vi f\u00e5r se och det \u00e4r om\u00f6jligt att se vad den bilden f\u00f6rest\u00e4ller.<\/p>\n<p>Mille Markovic har d\u00f6mts f\u00f6r flera olika brott, fr\u00e5n bokf\u00f6ringsbrott till narkotikabrott, misshandel och hot med mera. Han kan kategoriseras som livsstilskriminell och har valt att leva ett liv i kriminalitet. Fast n\u00e4r han talar om sig sj\u00e4lv i biografin pratar han om att han utrotar ondskan. N\u00e4r han misshandlar m\u00e4nniskor s\u00e5 de n\u00e4stan d\u00f6r \u00e4r det f\u00f6r att de \u00e4r onda, menar han. Ljuger han f\u00f6r sig sj\u00e4lv? Tror han sj\u00e4lv p\u00e5 det?<\/p>\n<p>Varf\u00f6r ger n\u00e5gra journalister och ett bokf\u00f6rlag en s\u00e5dan grov brottsling en chans att g\u00f6ra sig h\u00f6rd? Varf\u00f6r ger de utrymme f\u00f6r hans sjuka resonemang? Det kan finnas ett intresse f\u00f6r s\u00e5dant. Genom att h\u00f6ra hans ber\u00e4ttelse, om hans liv, kan vi f\u00f6rst\u00e5 mer om vad som sker, vad som h\u00e4nder n\u00e4r unga m\u00e4n v\u00e4ljer ett liv i kriminalitet. \u00a0Kanske kan vi f\u00f6rebygga andras livskatastrofer genom kunskap om de mekanismer som f\u00f6r en ung man ut p\u00e5 brottets livsstig.<\/p>\n<p>Nu tycker jag inte att biografin lyckas med det h\u00e4r heller. Delvis, eftersom den \u00e5terkommer till Mille Markovic stora livstragedi. Hans mamma dog n\u00e4r han var liten. Mille Markovics f\u00f6rsta minne \u00e4r n\u00e4r hans mor hittades d\u00f6d, h\u00e4ngande fr\u00e5n k\u00f6rsb\u00e4rstr\u00e4det i den lilla serbiska byn d\u00e4r han v\u00e4xte upp. Ingen vet om hon begick sj\u00e4lvmord eller m\u00f6rdades, utom m\u00f6jligen den person som i s\u00e5 fall m\u00f6rdat henne. Detta har Mille Markovic burit med sig hela sitt liv, det har fyllt honom med hat mot pappan. Mille misst\u00e4nker ofta sin pappa f\u00f6r att ha m\u00f6rdat hans mamma.<\/p>\n<p>Det intressanta \u00e4r inte att hans liv startade med en s\u00e5dan katastrof. N\u00e4stan alla m\u00e4nniskor upplever n\u00e5gon g\u00e5ng i livet en katastrof som v\u00e4nder upp och ned p\u00e5 allt i livet. Fr\u00e5gan \u00e4r bara p\u00e5 vilket s\u00e4tt vi g\u00e5r vidare och tar oss ur sorg och ilska, hur vi lever vidare efter katastrofen. Om vi inte kommer igenom det p\u00e5 ett bra s\u00e4tt kan vi klamra oss fast vid katastrofen hela v\u00e5rt liv och skylla allt dumt vi g\u00f6r p\u00e5 det.<\/p>\n<p>N\u00e5got samh\u00e4llet och dess makthavare har n\u00e5got att l\u00e4ra av \u00e4r Milles kraschade skolutbildning. Vid mitten av 1960-talet flyttade han med sin far till Sverige. Han bodde omv\u00e4xlande i Sverige och i Serbien under sin uppv\u00e4xt och fick aldrig n\u00e5gon riktig skolutbildning, han h\u00e4ngde varken med i svenska eller serbiska skolan. D\u00e4r skapades hans k\u00e4nsla av utanf\u00f6rskap, tror jag.<\/p>\n<p>Milles liv ser p\u00e5 pappret ut att ha samma bakgrund som m\u00e5nga som lever sina liv i kriminalitet: slagen av pappan och med st\u00e4ndiga konflikter och fosterhemsplaceringar. Efter en karri\u00e4r som boxare uppt\u00e4ckte han att det var b\u00e5de roligare och mer lukrativt att driva svartklubbar och strippst\u00e4llen.<\/p>\n<p>Journalisterna Beata Hansson och Deanne Rauscher har intervjuat Mille och ett stort antal av hans familjemedlemmar, v\u00e4nner och n\u00e5gra f\u00e5 av hans fiender. Det \u00e4r ocks\u00e5 d\u00e4r bokens svagheter \u00e4r som tydligast. Det \u00e4r ingen av alla som r\u00e5kat illa ut, som blivit sv\u00e5rt misshandlade av honom som f\u00e5r ber\u00e4tta. Jag tycker ocks\u00e5 att kaptilen om de f\u00f6re detta fruarna blir lite tjafsiga och tjatiga.<\/p>\n<p>Jag \u00e4r f\u00f6rv\u00e5nad \u00f6ver att bokf\u00f6rlaget Vertigo sl\u00e4pper igenom och publicerar biografin i det skick den \u00e4r. Den \u00e4r v\u00e4ldigt slarvigt skriven och slarvigt korrl\u00e4st. M\u00e5nga avstavningar \u00e4r s\u00e5 slarvigt gjorda att jag misst\u00e4nker att ingen redakt\u00f6r korrl\u00e4st alls. Spr\u00e5ket skulle m\u00e5 gott av att skrivas om. Det \u00e4r OK att f\u00f6rst skriva ner allt, men sedan m\u00e5ste det f\u00f6rb\u00e4ttras, stramas \u00e5t och bli stilistiskt b\u00e4ttre, \u00a0annars \u00e4r det ingen vits att g\u00f6ra en bok av det.<\/p>\n<p>De delar av boken som jag tyckte var mest intressant var n\u00e4r de tv\u00e5 \u00e4ldsta barnen intervjuas. Hur \u00e4r det att som barn v\u00e4xa upp med en pappa som har vapen hemma och som blir h\u00e4mtad av polisstyrkor? Hur \u00e4r det att som litet barn bes\u00f6ka sin pappa i ett f\u00e4ngelse?<\/p>\n<p>Om jag vore bokf\u00f6rlagsredakt\u00f6r hade jag bett de tv\u00e5 journalisterna att fokusera mer p\u00e5 vad barnen har att ber\u00e4tta och s\u00e5 skulle jag se till att den skrevs om med b\u00e4ttre spr\u00e5k.<\/p>\n<p><a href=\"http:\/\/www.aftonbladet.se\/kultur\/article14221843.ab\">Aftonbladet skriver:<\/a><\/p>\n<blockquote><p>Bristen p\u00e5 nyheter uppv\u00e4gs inte av portr\u00e4ttets blygsamma litter\u00e4ra kvaliteter. P\u00e5 torftig bruksprosa tecknas Markovic som en mafiosoklich\u00e9: nyckfull, paranoid och storslagen i hat och k\u00e4rlek. N\u00e4r han bjuder, bjuder han stort. N\u00e4r han straffar, straffar han grymt. Vid h\u00f6gtidliga tillf\u00e4llen pyntar han sig med tunga serbiska smycken. Han pratar varmt om familjen och hur viktigt det \u00e4r med lojalitet.<br \/>\nBiografin bygger mest p\u00e5 samtal med honom sj\u00e4lv, och intervjuer med v\u00e4nner och familj. Beroendet av en enda huvudk\u00e4lla \u00e4r naturligt f\u00f6r en biografi, men inte oproblematiskt. Dels f\u00f6r att Markovic verkar vara en storskr\u00e4vlare, men ocks\u00e5 f\u00f6r att bilden sj\u00e4lvklart skulle bli en annan om man intervjuat bredare, bland hans fiender och offer.<\/p><\/blockquote>\n<p>L\u00e4s \u00e4ven andra bloggares \u00e5sikter om <a href=\"http:\/\/bloggar.se\/om\/Mille+Markovic\" rel=\"tag\">Mille Markovic<\/a>, <a href=\"http:\/\/bloggar.se\/om\/biografi\" rel=\"tag\">biografi<\/a>, <a href=\"http:\/\/bloggar.se\/om\/bokrecension\" rel=\"tag\">bokrecension<\/a>, <a href=\"http:\/\/bloggar.se\/om\/brott\" rel=\"tag\">brott<\/a>, <a href=\"http:\/\/bloggar.se\/om\/kriminalitet\" rel=\"tag\">kriminalitet<\/a><\/p>\n","protected":false},"excerpt":{"rendered":"<p>Mille Markovic: biografin F\u00f6rfattare: Deanne Rauscher och Beata Hansson F\u00f6rlag: Vertigo ISBN 978-91-85000-97-5 Jag hade en hel del f\u00f6rv\u00e4ntningar p\u00e5\u00a0Mille Markovic: biografin. Gangstern Mille Markovic \u00e4r den man som satt det svenska kungahuset i gungning. N\u00e4r Mille Markovic drev klubbverksamhet var kungen och hans v\u00e4nner g\u00e4ster i hans lokaler. De hyrde rum och enligt Mille [&hellip;]<\/p>\n","protected":false},"author":2,"featured_media":46885,"comment_status":"open","ping_status":"open","sticky":false,"template":"","format":"standard","meta":{"_genesis_hide_title":false,"_genesis_hide_breadcrumbs":false,"_genesis_hide_singular_image":false,"_genesis_hide_footer_widgets":false,"_genesis_custom_body_class":"","_genesis_custom_post_class":"","_genesis_layout":"","footnotes":""},"categories":[43,3,16],"tags":[667,788,861,3040,6971],"class_list":{"0":"post-46884","1":"post","2":"type-post","3":"status-publish","4":"format-standard","5":"has-post-thumbnail","7":"category-bokrecension","8":"category-litteratur","9":"category-recension","10":"tag-biografi","11":"tag-bokrecension-2","12":"tag-brott","13":"tag-kriminalitet","14":"tag-mille-markovic","15":"entry"},"_links":{"self":[{"href":"https:\/\/kulturbloggen.com\/index.php?rest_route=\/wp\/v2\/posts\/46884","targetHints":{"allow":["GET"]}}],"collection":[{"href":"https:\/\/kulturbloggen.com\/index.php?rest_route=\/wp\/v2\/posts"}],"about":[{"href":"https:\/\/kulturbloggen.com\/index.php?rest_route=\/wp\/v2\/types\/post"}],"author":[{"embeddable":true,"href":"https:\/\/kulturbloggen.com\/index.php?rest_route=\/wp\/v2\/users\/2"}],"replies":[{"embeddable":true,"href":"https:\/\/kulturbloggen.com\/index.php?rest_route=%2Fwp%2Fv2%2Fcomments&post=46884"}],"version-history":[{"count":16,"href":"https:\/\/kulturbloggen.com\/index.php?rest_route=\/wp\/v2\/posts\/46884\/revisions"}],"predecessor-version":[{"id":46953,"href":"https:\/\/kulturbloggen.com\/index.php?rest_route=\/wp\/v2\/posts\/46884\/revisions\/46953"}],"wp:featuredmedia":[{"embeddable":true,"href":"https:\/\/kulturbloggen.com\/index.php?rest_route=\/wp\/v2\/media\/46885"}],"wp:attachment":[{"href":"https:\/\/kulturbloggen.com\/index.php?rest_route=%2Fwp%2Fv2%2Fmedia&parent=46884"}],"wp:term":[{"taxonomy":"category","embeddable":true,"href":"https:\/\/kulturbloggen.com\/index.php?rest_route=%2Fwp%2Fv2%2Fcategories&post=46884"},{"taxonomy":"post_tag","embeddable":true,"href":"https:\/\/kulturbloggen.com\/index.php?rest_route=%2Fwp%2Fv2%2Ftags&post=46884"}],"curies":[{"name":"wp","href":"https:\/\/api.w.org\/{rel}","templated":true}]}}