{"id":46530,"date":"2012-01-13T10:37:42","date_gmt":"2012-01-13T09:37:42","guid":{"rendered":"http:\/\/kulturbloggen.com\/?p=46530"},"modified":"2012-01-13T11:48:56","modified_gmt":"2012-01-13T10:48:56","slug":"moderatpolitikern-som-salde-ut-vardcentral-for-spottstyver-hade-ingen-aning-om-att-koparen-kunde-gora-vinst-hahahaha","status":"publish","type":"post","link":"https:\/\/kulturbloggen.com\/?p=46530","title":{"rendered":"Moderatpolitikern som s\u00e5lde ut v\u00e5rdcentral f\u00f6r spottstyver hade ingen aning om att k\u00f6paren kunde g\u00f6ra vinst, hahahaha"},"content":{"rendered":"<p><a href=\"http:\/\/www.dn.se\/debatt\/stockholmsdebatt\/lakare-gjorde-jatteklipp-pa-avknoppad-vardcentral\">I DN l\u00e4ste jag<\/a> under torsdagen (12 januari 2012):<br \/>\n<em>2007 s\u00e5ldes landstingsdrivna Serafen till v\u00e5rdcentralens egna l\u00e4kare. De betalade 694.500 kronor. Nu har Serafen s\u00e5lts vidare. Enligt s\u00e4kra k\u00e4llor har nya \u00e4garen Capio \u2013 som \u00e4gs av riskkapitalbolagen Nordic Capital och Apax \u2013 betalat minst 20 miljoner, skriver Birgitta Sevefjord (V), oppositionslandstingsr\u00e5d, och H\u00e5kan J\u00f6rnehed (V), gruppledare, Stockholms l\u00e4ns landsting. Ansvariga f\u00f6r utf\u00f6rs\u00e4ljningen var sjukv\u00e5rdslandstingsr\u00e5det Filippa Reinfeldt (M) och d\u00e5varande finanslandstingsr\u00e5det Chris Heister (M).<\/em> <\/p>\n<p>Hur f\u00f6rklarar nu <a href=\"http:\/\/www.moderat.se\/web\/Hem.aspx\">Moderaterna<\/a> detta?<\/p>\n<p><a href=\"http:\/\/www.dn.se\/sthlm\/toppolitikern-om-lakarnas-miljonklipp-vi-sag-inte-hotet\">Den moderate politikern Torbj\u00f6rn Rosdahl svarar p\u00e5 detta<\/a>:<br \/>\n<em>\u2013\u2009Vi s\u00e5g inte det hotet, att n\u00e5gra skulle berika sig. Vi t\u00e4nkte inte p\u00e5 det s\u00e4ttet.<br \/>\n<strong>Borde ni inte ha gjort det?<\/strong><br \/>\n\u2013\u2009Jo, s\u00e5 h\u00e4r i backspegeln, det borde vi ha gjort, s\u00e4ger Torbj\u00f6rn Rosdahl<\/em><\/p>\n<p>Det \u00e4r n\u00e4stan s\u00e5 jag s\u00e4tter morgonkaffet i vr\u00e5ngstrupen. Det \u00e4r helt otroligt. &#8221;Vi s\u00e5g inte det hotet&#8221;.<br \/>\nAllts\u00e5, f\u00e5r politiker vara s\u00e5 dumma? Har de ingen kunskap alls om hur m\u00e4nniskor fungerar?<br \/>\nDet borde inte vara till\u00e5tet att politiker \u00e4r s\u00e5 aningsl\u00f6sa.<\/p>\n<p>DN skriver ocks\u00e5:<\/p>\n<blockquote><p><a href=\"http:\/\/www.socialdemokraterna.se\/\">Socialdemokraterna<\/a> har ber\u00e4knat att skattebetalarna har gjort en f\u00f6rlust p\u00e5 drygt 35 miljoner kronor p\u00e5 f\u00f6rs\u00e4ljningen av Serafen och fyra andra v\u00e5rdcentraler. Ber\u00e4kningen har utg\u00e5tt fr\u00e5n den vinst l\u00e4karna p\u00e5 Serafen har gjort och anv\u00e4nt en s\u00e5 kallad vinstmultipel \u2013 multiplicering av ett r\u00e4kenskaps\u00e5rs vinst \u2013 f\u00f6r att r\u00e4kna ut priset p\u00e5 den \u00f6ppna marknaden.<\/p>\n<p>\u2013\u2009Det \u00e4r oerh\u00f6rt uppr\u00f6rande. Det \u00e4r inte sv\u00e5rt att r\u00e4kna ut att v\u00e5rdcentralerna s\u00e5ldes till l\u00f6jligt l\u00e5ga priser. F\u00f6r Serafen med 12.000 patienter mitt i stan har man bara tagit betalt f\u00f6r tavlor och inventarier. Det \u00e4r ett oerh\u00f6rt v\u00e5rdsl\u00f6st s\u00e4tt att hantera skattepengar, s\u00e4ger oppositionslandstingsr\u00e5det Dag Larsson (S).<\/p><\/blockquote>\n<p>Det handlar allts\u00e5 om m\u00e5nga miljoner kronor som hamnat i privat fickor ist\u00e4llet f\u00f6r att komma skattebetalarna till godo. Miljoner som skulle beh\u00f6vas f\u00f6r att f\u00f6rb\u00e4ttra sjukv\u00e5rden.<\/p>\n<p>De ansvariga politikerna borde avg\u00e5. Om de \u00e4r s\u00e5 dumma att de inte f\u00f6rst\u00e5r vad de g\u00f6r borde de inte sitta p\u00e5 v\u00e4lbetalda politiska uppdrag. <\/p>\n<p>Moderatpolitikern som s\u00e5lde ut v\u00e5rdcentral f\u00f6r spottstyver hade ingen aning om att k\u00f6paren kunde g\u00f6ra vinst, hahahaha.<br \/>\nVad kan jag g\u00f6ra mer \u00e4n skratta och gr\u00e5ta samtidigt.<\/p>\n<p>Om politiker inte vet att en den som driver f\u00f6retag kan k\u00f6pa n\u00e5got och sedan s\u00e4lja vidare, d\u00e5 b\u00f6r den politker avg\u00e5 med omedelbar verkan. Om politikern ljuger och s\u00e4ger att han\/hon inte f\u00f6rstod, fast han\/hon f\u00f6rstod, d\u00e5 borde politikern ocks\u00e5 avg\u00e5.<\/p>\n<p>Relaterat: <a href=\"http:\/\/www.moderat.se\/web\/Skarpt_ton_mot_finansforetagen.aspx\">Moderaterna<\/a><\/p>\n<p>L\u00e4s \u00e4ven andra bloggares \u00e5sikter om <a href=\"http:\/\/bloggar.se\/om\/Serafen\" rel=\"tag\">Serafen<\/a>, <a href=\"http:\/\/bloggar.se\/om\/Moderaterna\" rel=\"tag\">Moderaterna<\/a>, <a href=\"http:\/\/bloggar.se\/om\/dumhet\" rel=\"tag\">dumhet<\/a>, <a href=\"http:\/\/bloggar.se\/om\/okunskap\" rel=\"tag\">okunskap<\/a>, <a href=\"http:\/\/bloggar.se\/om\/politiker\" rel=\"tag\">politiker<\/a>, <a href=\"http:\/\/bloggar.se\/om\/l%F6gner\" rel=\"tag\">l\u00f6gner<\/a><\/p>\n","protected":false},"excerpt":{"rendered":"<p>I DN l\u00e4ste jag under torsdagen (12 januari 2012): 2007 s\u00e5ldes landstingsdrivna Serafen till v\u00e5rdcentralens egna l\u00e4kare. De betalade 694.500 kronor. Nu har Serafen s\u00e5lts vidare. Enligt s\u00e4kra k\u00e4llor har nya \u00e4garen Capio \u2013 som \u00e4gs av riskkapitalbolagen Nordic Capital och Apax \u2013 betalat minst 20 miljoner, skriver Birgitta Sevefjord (V), oppositionslandstingsr\u00e5d, och H\u00e5kan J\u00f6rnehed [&hellip;]<\/p>\n","protected":false},"author":2,"featured_media":46535,"comment_status":"open","ping_status":"open","sticky":false,"template":"","format":"standard","meta":{"_genesis_hide_title":false,"_genesis_hide_breadcrumbs":false,"_genesis_hide_singular_image":false,"_genesis_hide_footer_widgets":false,"_genesis_custom_body_class":"","_genesis_custom_post_class":"","_genesis_layout":"","footnotes":""},"categories":[44],"tags":[6911,3414,6912,4422,6910],"class_list":{"0":"post-46530","1":"post","2":"type-post","3":"status-publish","4":"format-standard","5":"has-post-thumbnail","7":"category-chadie","8":"tag-dumhet","9":"tag-logner","10":"tag-okunskap","11":"tag-politiker","12":"tag-serafen","13":"entry"},"_links":{"self":[{"href":"https:\/\/kulturbloggen.com\/index.php?rest_route=\/wp\/v2\/posts\/46530","targetHints":{"allow":["GET"]}}],"collection":[{"href":"https:\/\/kulturbloggen.com\/index.php?rest_route=\/wp\/v2\/posts"}],"about":[{"href":"https:\/\/kulturbloggen.com\/index.php?rest_route=\/wp\/v2\/types\/post"}],"author":[{"embeddable":true,"href":"https:\/\/kulturbloggen.com\/index.php?rest_route=\/wp\/v2\/users\/2"}],"replies":[{"embeddable":true,"href":"https:\/\/kulturbloggen.com\/index.php?rest_route=%2Fwp%2Fv2%2Fcomments&post=46530"}],"version-history":[{"count":4,"href":"https:\/\/kulturbloggen.com\/index.php?rest_route=\/wp\/v2\/posts\/46530\/revisions"}],"predecessor-version":[{"id":46539,"href":"https:\/\/kulturbloggen.com\/index.php?rest_route=\/wp\/v2\/posts\/46530\/revisions\/46539"}],"wp:featuredmedia":[{"embeddable":true,"href":"https:\/\/kulturbloggen.com\/index.php?rest_route=\/wp\/v2\/media\/46535"}],"wp:attachment":[{"href":"https:\/\/kulturbloggen.com\/index.php?rest_route=%2Fwp%2Fv2%2Fmedia&parent=46530"}],"wp:term":[{"taxonomy":"category","embeddable":true,"href":"https:\/\/kulturbloggen.com\/index.php?rest_route=%2Fwp%2Fv2%2Fcategories&post=46530"},{"taxonomy":"post_tag","embeddable":true,"href":"https:\/\/kulturbloggen.com\/index.php?rest_route=%2Fwp%2Fv2%2Ftags&post=46530"}],"curies":[{"name":"wp","href":"https:\/\/api.w.org\/{rel}","templated":true}]}}