{"id":46467,"date":"2012-01-12T10:27:46","date_gmt":"2012-01-12T09:27:46","guid":{"rendered":"http:\/\/kulturbloggen.com\/?p=46467"},"modified":"2012-01-12T10:27:46","modified_gmt":"2012-01-12T09:27:46","slug":"annu-en-lockande-bokning-feist-kommer-till-way-out-west","status":"publish","type":"post","link":"https:\/\/kulturbloggen.com\/?p=46467","title":{"rendered":"\u00c4nnu en lockande bokning: Feist kommer till Way Out West"},"content":{"rendered":"<p>Visst \u00e4r det h\u00e4rligt att \u00e5rets m\u00f6rkaste tid \u00e4r \u00f6ver och att det faktiskt blir lite ljusare f\u00f6r varje dag. Inte s\u00e5 m\u00e5nga minuter i taget men \u00e4nd\u00e5 g\u00e5r det sakta och s\u00e4kert mot ljusare tider.<br \/>\nDet kommer en sommar om ett tag. Det blir vi p\u00e5minda om n\u00e4r musikfestivalarrang\u00f6rerna nu sl\u00e4pper en del av sina bokningar. Dagens f\u00f6rsta h\u00e4lsning fr\u00e5n sommaren levererar G\u00f6teborgsfestivalen Way Out West som meddelat att Feist kommer dit i \u00e5r, 2012.<\/p>\n<p>H\u00e4r \u00e4r arrang\u00f6rens pressmeddelande:<\/p>\n<p>Artisten Leslie Feist och hennes m\u00e4rkliga s\u00e4tt att hantera musik speglar p\u00e5 s\u00e5 m\u00e5nga s\u00e4tt det Way Out West ska handla om. M\u00e5ngfald \u00e4r bra fald. Det aviga \u00e4r minst lika viktigt som det f\u00f6ljsamma, och det radikala och det tillm\u00f6tesg\u00e5ende ska inte hamna var f\u00f6r sig utan helst komplettera varandra. Starka k\u00e4nslor som spelar genom nya uttryck. Kontraster som skapar gemenskap. Med Feist p\u00e5 Way Out West vill vi skapa lite yin f\u00f6r all yang h\u00e4r i v\u00e4rlden. <\/p>\n<p>Vi \u00e4r inte de enda som \u00e4r fascinerade \u2013 spola bara tillbaka till Feists nedslag i Stockholm f\u00f6r n\u00e5gra \u00e5r sedan. Cirkus var fullt, sorlet f\u00f6rbyttes till andakt, ljusen s\u00e4nktes. N\u00e4r hon n\u00e4stan om\u00e4rkbart gled in p\u00e5 scenen skapades en slags gravitation, en subtil men omissk\u00e4nnlig dragningskraft. Endast utrustad med gitarr, ett band och lila tights magnetiserade hon lokalen, stressade sj\u00e4lar fylldes av n\u00e4rvaro, alla var upprymda. <\/p>\n<p>Hon g\u00f6r s\u00e5 Feist, h\u00f6jer ens hum\u00f6r. Fast p\u00e5 nya skivan Metals blir man f\u00f6rst os\u00e4ker p\u00e5 om hon fortfarande pysslar med s\u00e5nt. Saker och ting \u00e4r inte l\u00e4ngre lika cappuccinof\u00e4rgade som ultragenombrottet The Reminder bitvis var. P\u00e5 Metals kontrasteras de ofta vemodiga, ibland ganska svarta texterna f\u00f6rvisso av Feists tr\u00f6sterika r\u00f6st, men \u00e4ven den har pl\u00f6tsligt f\u00e5tt n\u00e5got kantigt, raspigt och kr\u00e5ngligt \u00f6ver sig.<br \/>\nIroniskt nog \u00e4r det just hetsen kring genombrottsskivan som givit Metals sitt mer upproriska tonl\u00e4ge. The Reminder gjorde en indieangel\u00e4genhet till topplistefenomen, och Feist kastades in i en virvelvind av turn\u00e9er, TV-reklam, Sesame street, och mer turn\u00e9er. Utbr\u00e4ndheten kom som ett inkassobrev. N\u00e4r allt var \u00f6ver fick Feist l\u00e4ra sig lyssna p\u00e5 tystnad, och i 18 m\u00e5nader f\u00f6rblev gitarren or\u00f6rd. <\/p>\n<p>Inspiration kom tack och lov tillbaka, men nu med en k\u00e4nsla av uppror. N\u00e4r Feist satte sig i en lada vid Stilla havslandskapet i kaliforniska Big Sur f\u00f6r att spela in, stormade kreativiteten lika mycket som v\u00e4dret. Och paradoxalt nog \u00e4r det eftergifterna, hennes vilja att riskera ett vinnande koncept, som g\u00f6r hennes musik, artistskap och utstr\u00e5lning mer beroendeframkallande \u00e4n n\u00e5gonsin. P\u00e5 Metals h\u00e4nder det saker, och vi har l\u00e4rt oss att vi inte kan veta vad vi ska f\u00f6rv\u00e4nta oss av henne live. <\/p>\n<p>Den som h\u00e4nger med till Slottsskogen i augusti kan vara s\u00e4ker p\u00e5 en sak: det \u00e4r Feist som kommer att g\u00f6ra dig nyfiken igen. <\/p>\n<p><iframe loading=\"lazy\" width=\"420\" height=\"315\" src=\"http:\/\/www.youtube.com\/embed\/l-iAS18rv68\" frameborder=\"0\" allowfullscreen><\/iframe><\/p>\n<p>L\u00e4s \u00e4ven andra bloggares \u00e5sikter om <a href=\"http:\/\/bloggar.se\/om\/Feist\" rel=\"tag\">Feist<\/a>, <a href=\"http:\/\/bloggar.se\/om\/Way+Out+West\" rel=\"tag\">Way Out West<\/a>, <a href=\"http:\/\/bloggar.se\/om\/musik\" rel=\"tag\">musik<\/a>, <a href=\"http:\/\/bloggar.se\/om\/musikfestival\" rel=\"tag\">musikfestival<\/a>, <a href=\"http:\/\/bloggar.se\/om\/G%F6teborg\" rel=\"tag\">G\u00f6teborg<\/a><\/p>\n","protected":false},"excerpt":{"rendered":"<p>Visst \u00e4r det h\u00e4rligt att \u00e5rets m\u00f6rkaste tid \u00e4r \u00f6ver och att det faktiskt blir lite ljusare f\u00f6r varje dag. Inte s\u00e5 m\u00e5nga minuter i taget men \u00e4nd\u00e5 g\u00e5r det sakta och s\u00e4kert mot ljusare tider. Det kommer en sommar om ett tag. Det blir vi p\u00e5minda om n\u00e4r musikfestivalarrang\u00f6rerna nu sl\u00e4pper en del av [&hellip;]<\/p>\n","protected":false},"author":13,"featured_media":46468,"comment_status":"open","ping_status":"open","sticky":false,"template":"","format":"standard","meta":{"_genesis_hide_title":false,"_genesis_hide_breadcrumbs":false,"_genesis_hide_singular_image":false,"_genesis_hide_footer_widgets":false,"_genesis_custom_body_class":"","_genesis_custom_post_class":"","_genesis_layout":"","footnotes":""},"categories":[7],"tags":[1686,2159,12282,3844,6353],"class_list":{"0":"post-46467","1":"post","2":"type-post","3":"status-publish","4":"format-standard","5":"has-post-thumbnail","7":"category-musik","8":"tag-feist","9":"tag-goteborg","10":"tag-musik","11":"tag-musikfestival","12":"tag-way-out-west","13":"entry"},"_links":{"self":[{"href":"https:\/\/kulturbloggen.com\/index.php?rest_route=\/wp\/v2\/posts\/46467","targetHints":{"allow":["GET"]}}],"collection":[{"href":"https:\/\/kulturbloggen.com\/index.php?rest_route=\/wp\/v2\/posts"}],"about":[{"href":"https:\/\/kulturbloggen.com\/index.php?rest_route=\/wp\/v2\/types\/post"}],"author":[{"embeddable":true,"href":"https:\/\/kulturbloggen.com\/index.php?rest_route=\/wp\/v2\/users\/13"}],"replies":[{"embeddable":true,"href":"https:\/\/kulturbloggen.com\/index.php?rest_route=%2Fwp%2Fv2%2Fcomments&post=46467"}],"version-history":[{"count":1,"href":"https:\/\/kulturbloggen.com\/index.php?rest_route=\/wp\/v2\/posts\/46467\/revisions"}],"predecessor-version":[{"id":46469,"href":"https:\/\/kulturbloggen.com\/index.php?rest_route=\/wp\/v2\/posts\/46467\/revisions\/46469"}],"wp:featuredmedia":[{"embeddable":true,"href":"https:\/\/kulturbloggen.com\/index.php?rest_route=\/wp\/v2\/media\/46468"}],"wp:attachment":[{"href":"https:\/\/kulturbloggen.com\/index.php?rest_route=%2Fwp%2Fv2%2Fmedia&parent=46467"}],"wp:term":[{"taxonomy":"category","embeddable":true,"href":"https:\/\/kulturbloggen.com\/index.php?rest_route=%2Fwp%2Fv2%2Fcategories&post=46467"},{"taxonomy":"post_tag","embeddable":true,"href":"https:\/\/kulturbloggen.com\/index.php?rest_route=%2Fwp%2Fv2%2Ftags&post=46467"}],"curies":[{"name":"wp","href":"https:\/\/api.w.org\/{rel}","templated":true}]}}