{"id":46351,"date":"2012-01-08T14:16:16","date_gmt":"2012-01-08T13:16:16","guid":{"rendered":"http:\/\/kulturbloggen.com\/?p=46351"},"modified":"2012-01-08T14:23:09","modified_gmt":"2012-01-08T13:23:09","slug":"krisen-pa-det-kongelige-teater-i-kopenhamn-det-kan-ga-lika-illa-i-stockholm","status":"publish","type":"post","link":"https:\/\/kulturbloggen.com\/?p=46351","title":{"rendered":"Krisen p\u00e5 Det Kongelige Teater i K\u00f6penhamn &#8211; det kan g\u00e5 lika illa i Stockholm"},"content":{"rendered":"<p><a href=\"http:\/\/kulturbloggen.com\/wp-content\/uploads\/2012\/01\/2011-01-07-095215.jpg\"><img loading=\"lazy\" decoding=\"async\" class=\"alignleft size-medium wp-image-46352\" src=\"http:\/\/kulturbloggen.com\/wp-content\/uploads\/2012\/01\/2011-01-07-095215-300x153.jpg\" alt=\"\" width=\"300\" height=\"153\" srcset=\"https:\/\/kulturbloggen.com\/wp-content\/uploads\/2012\/01\/2011-01-07-095215-300x153.jpg 300w, https:\/\/kulturbloggen.com\/wp-content\/uploads\/2012\/01\/2011-01-07-095215-1024x523.jpg 1024w, https:\/\/kulturbloggen.com\/wp-content\/uploads\/2012\/01\/2011-01-07-095215-200x102.jpg 200w, https:\/\/kulturbloggen.com\/wp-content\/uploads\/2012\/01\/2011-01-07-095215-175x89.jpg 175w, https:\/\/kulturbloggen.com\/wp-content\/uploads\/2012\/01\/2011-01-07-095215-450x230.jpg 450w, https:\/\/kulturbloggen.com\/wp-content\/uploads\/2012\/01\/2011-01-07-095215-100x51.jpg 100w, https:\/\/kulturbloggen.com\/wp-content\/uploads\/2012\/01\/2011-01-07-095215-80x40.jpg 80w, https:\/\/kulturbloggen.com\/wp-content\/uploads\/2012\/01\/2011-01-07-095215-150x76.jpg 150w, https:\/\/kulturbloggen.com\/wp-content\/uploads\/2012\/01\/2011-01-07-095215-590x301.jpg 590w, https:\/\/kulturbloggen.com\/wp-content\/uploads\/2012\/01\/2011-01-07-095215-920x470.jpg 920w\" sizes=\"auto, (max-width: 300px) 100vw, 300px\" \/><\/a><a href=\"http:\/\/politiken.dk\/debat\/signatur\/ECE1501615\/markedskraefterne-kan-ikke-erstatte-argumenter\/\"><strong>Det Kongelige Teater avskedar 100 personer<\/strong><\/a><\/p>\n<p>Mellan jul och ny\u00e5r blev det offentligt att Det Kongelige Teater skulle avskeda etthundra personer. Enligt de f\u00f6rsta uppgifterna skulle det handla i huvudsak om teknisk personal och anst\u00e4llda tj\u00e4nstem\u00e4n i \u00f6vrigt.<\/p>\n<p>N\u00e4r dimmorna skingrades visade det sig att det i praktiken innebar att en stor del av balettensemble skulle avskedas och \u00e4nnu senare att det ocks\u00e5 handlade om att en tredjedel av operak\u00f6ren var ber\u00f6rd.<\/p>\n<p>Under den g\u00e5ngna veckan fick vi ocks\u00e5 besked om att det egentligen handlade om att tre operaupps\u00e4ttningar skulle sk\u00e4ras bort fr\u00e5n repertoaren, men ocks\u00e5 tre balettf\u00f6rest\u00e4llningar<br \/>\nm m, men fr\u00e5n b\u00f6rjan sades det ju att en stor operaupps\u00e4ttning skulle tas bort och egentligen inget annat.<\/p>\n<p>Informationen fr\u00e5n Det Kongelige Teaters ledning l\u00e4mnar mycket i \u00f6vrigt att \u00f6nska. Det r\u00e4cker faktiskt inte med att h\u00e4nvisa till att man inte kan kommentera l\u00e4get med h\u00e4nsyn till de fackliga f\u00f6rhandlingarna som nu p\u00e5g\u00e5r. Enligt vad jag har kunnat reda ut s\u00e5 fick personalen information om de kommande personalinskr\u00e4nkningarna ett par veckor f\u00f6re jul. Om detta kan man ju tycka att den informationen borde ha l\u00e4mnats redan i samband med att teaterledningen blev \u00f6verens om det nya avtalet med Folketinget. I varje fall borde teaterledningen genast ha inlett \u00f6verl\u00e4ggningar med de olika personalgrupperna om hur denna situation skulle hanteras.<\/p>\n<p>Att det skulle tr\u00e4ffas ett nytt avtal med ungef\u00e4r den inneb\u00f6rden som det fick har ju faktiskt varit k\u00e4nt sedan tidigt p\u00e5 v\u00e5ren 2011. Om detta har \u00e5tminstone inte undertecknat kunnat l\u00e4st n\u00e5gonting om p\u00e5 de olika n\u00e4ttidningarna utan f\u00f6rsta signalen om att n\u00e5got var p\u00e5 v\u00e4g att ske kom f\u00f6rst\u00a0 flera veckor efter att det nya avtalet blev klart.<\/p>\n<p>Bakgrunden till problemen p\u00e5 Det Kongelige Teater ligger n\u00e4rmast i att politikerna dels accepterade g\u00e5van fr\u00e5n skeppsredaren att f\u00e5 Operaen dels att man samtidigt tog beslut att bygga ett nytt teaterhus vid Nyhavn. Detta innebar att teaterledningen hade att svara f\u00f6r driftskostnaderna f\u00f6r tre hus samtidigt som detta skulle hanteras inom ramen f\u00f6r befintligt anslag.<\/p>\n<p>Detta har f\u00e5tt till konsekvens att teaterledningen har f\u00e5tt anstr\u00e4nga sig f\u00f6r att h\u00e5lla budgeten och detta fick g\u00f6ras genom olika rationaliseringar, som man f\u00f6rs\u00f6kte genomf\u00f6ra s\u00e5 att dessa inte drabbade den konstn\u00e4rliga verksamheten. I klartext inneb\u00e4r detta att det inte finns s\u00e5 m\u00e5nga s\u00e4tt att spara ytterligare, vilket tydligen politikerna har sv\u00e5rt att acceptera och \u00e4nnu mindre f\u00f6rst\u00e5.<\/p>\n<p>Politikernas recept tycks best\u00e5 av att teatern h\u00f6jer priserna ytterligare, vilket s\u00e4kert kommer att f\u00e5 till f\u00f6ljd att antalet bes\u00f6kare kommer att minska ytterligare. \u00c4rligt talat hur m\u00e5nga opera\u00e4lskare tror politikerna har r\u00e5d och lust att betala mellan 795- 1150 danska kronor f\u00f6r en parkettbiljett?<\/p>\n<p>OK det \u00e4r naturligtvis inte n\u00f6dv\u00e4ndigt att sitta p\u00e5 parketten, men problemet \u00e4r ju att prisskillnaden mellan 2-3 balkong och en parkettplats inte \u00e4r s\u00e5 f\u00f6rf\u00e4rlig stor. Detta \u00e4r ytterligare ett bevis p\u00e5 att teatern har f\u00f6rs\u00f6kt att \u00f6ka int\u00e4kterna och d\u00e4rmed g\u00e5 politikerna till m\u00f6tes, men jag \u00e4r inte helt s\u00e4ker p\u00e5 att detta \u00e4r r\u00e4tt v\u00e4g att g\u00e5.<\/p>\n<p>Till teaterledningens heder kan jag konstatera att priset p\u00e5 biljetterna inte varierar mellan veckans olika dagar som det g\u00f6r p\u00e5 andra operahus i den omedelebara n\u00e4rheten.<br \/>\nI g\u00e5r eftermiddag anordnades en s k Aktionskonsert p\u00e5 Gamle Scene, men tyv\u00e4rr hade jag inte en chans att komma in, men det viktigaste var ju \u00e4nd\u00e5 att jag f\u00f6rs\u00f6kte.<\/p>\n<p>Jag har all respekt f\u00f6r det sv\u00e5ra arbete som politikerna utf\u00f6r f\u00f6r v\u00e5r r\u00e4kning, men samtidigt f\u00f6rst\u00e5r jag inte riktigt hur man resonerar. Det \u00e4r tydligen kris i Danmark och det inneb\u00e4r att alla m\u00e5ste vara med och minska p\u00e5 kostnaderna. Det l\u00e5ter ju sj\u00e4lvklart ganska rimligt, men det \u00e4r inte helt inv\u00e4ndningsfritt att bara argumentera utifr\u00e5n ett ekonomiskt perspektiv. Ett operahus, med tillh\u00f6rande operak\u00f6r, av r\u00e4tt storlek, ett balettkompani tillh\u00f6r enligt min uppfattning till de omistliga kulturella v\u00e4rden i ett civiliserat samh\u00e4lle. Det \u00e4r dessutom en verksamhet som sv\u00e5rligen kan finansieras utan medverkan fr\u00e5n skattebetalarna.<\/p>\n<p>En faktor som man inte heller helt kan bortse fr\u00e5n \u00e4r att Danmark har haft en borgerlig regering den senaste 10-\u00e5rs perioden och det \u00e4r egentligen den som ytterst \u00e4r ansvarig f\u00f6r den kris som teatern nu genomg\u00e5r. Det \u00e4r naturligt m\u00e4nskligt och l\u00e4tt att skylla p\u00e5 den nuvarande regeringens insatser, men i \u00e4rlighetens namn m\u00e5ste man ha klart f\u00f6r sig att huvudansvaret f\u00f6r den uppkomna situationen ligger hos den tidigare regeringen, men samtidigt \u00e4r det ju ganska f\u00f6rv\u00e5nande att den nuvarande regeringen s\u00e5 reservationsl\u00f6st tycks acceptera deras underlag.<\/p>\n<p>Det som f\u00f6rv\u00e5nar mig mest \u00e4r nog egentligen \u00e4r konstruktionen av det bidragssystemet, som ligger till grund f\u00f6r bidraget. Kort inneb\u00e4r systemet, som jag uppfattar det, att staten l\u00e4mnar ett bidrag p\u00e5 x antal miljoner, men fr\u00e5n detta bidrag f\u00e5r teatern sedan betala en sorts marknadsm\u00e4ssig hyra men ocks\u00e5 kostnader f\u00f6r drift och underh\u00e5ll. I min v\u00e4rld inneb\u00e4r ju detta att det egentliga bidraget \u00e4r v\u00e4sentligt l\u00e4gre \u00e4n som redovisas officiellt.<\/p>\n<p>S\u00e5 \u00e4r det tydligen inte bara i K\u00f6penhamn utan detta g\u00e4ller \u00e4ven andra operahus, men problemet \u00e4r ju speciellt i K\u00f6penhamn eftersom operahuset \u201dOperaen\u201d \u00e4r en g\u00e5va som politikerna har accepterat f\u00f6r teaterns r\u00e4kning. I samband med mottagandet av denna g\u00e5va utlovades att politikerna skulle svara f\u00f6r vissa kostnader s\u00e5 att detta inte skulle g\u00e5 ut \u00f6ver den konstn\u00e4rliga verksamheten. Jag \u00e4r inte tillr\u00e4ckligt insatt i detta men av d\u00f6ma av uttalanden fr\u00e5n teaterns ledning verkar det inte som politikerna har uppfyllt sitt l\u00f6fte.<\/p>\n<p>Till problematiken h\u00f6r ju \u00e4ven att ledningen fick ansvar f\u00f6r ytterligare ett hus n\u00e4mligen det nya sk\u00e5despelshuset som invigdes 2008.\u00a0 Dessutom har teaterledningen ansvar f\u00f6r \u201dGamle Scene, det ursprungliga operahuset vid \u201dKongens Nytorv.<\/p>\n<p>N\u00e4r jag har funderat p\u00e5 hur man b\u00e4st skulle kunna l\u00f6sa den uppkomna situationen s\u00e5 ligger det n\u00e4ra till hands att hitta l\u00f6sningen genom att l\u00e4mna tillbaka g\u00e5van \u201dOperaen p\u00e5 Dokhus\u00f6n\u201d, \u00e4ven om jag naturligtvis \u00e4r helt medveten om att det inte \u00e4r fint att l\u00e4mna tillbaka en g\u00e5va.<\/p>\n<p>Avslutningsvis drar jag slutsatsen av situationen p\u00e5 Det Kongelige Teater i K\u00f6penhamn \u00e4r att vi absolut inte skall acceptera att f\u00e5 ett nytt operahus i Stockholm som en g\u00e5va.<\/p>\n","protected":false},"excerpt":{"rendered":"<p>Det Kongelige Teater avskedar 100 personer Mellan jul och ny\u00e5r blev det offentligt att Det Kongelige Teater skulle avskeda etthundra personer. Enligt de f\u00f6rsta uppgifterna skulle det handla i huvudsak om teknisk personal och anst\u00e4llda tj\u00e4nstem\u00e4n i \u00f6vrigt. N\u00e4r dimmorna skingrades visade det sig att det i praktiken innebar att en stor del av balettensemble [&hellip;]<\/p>\n","protected":false},"author":13,"featured_media":0,"comment_status":"open","ping_status":"open","sticky":false,"template":"","format":"standard","meta":{"_genesis_hide_title":false,"_genesis_hide_breadcrumbs":false,"_genesis_hide_singular_image":false,"_genesis_hide_footer_widgets":false,"_genesis_custom_body_class":"","_genesis_custom_post_class":"","_genesis_layout":"","footnotes":""},"categories":[62],"tags":[3187,6882],"class_list":{"0":"post-46351","1":"post","2":"type-post","3":"status-publish","4":"format-standard","6":"category-medie-och-kulturpolitik","7":"tag-kopenhamn","8":"tag-krisen-pa-det-kongelige-teater","9":"entry"},"_links":{"self":[{"href":"https:\/\/kulturbloggen.com\/index.php?rest_route=\/wp\/v2\/posts\/46351","targetHints":{"allow":["GET"]}}],"collection":[{"href":"https:\/\/kulturbloggen.com\/index.php?rest_route=\/wp\/v2\/posts"}],"about":[{"href":"https:\/\/kulturbloggen.com\/index.php?rest_route=\/wp\/v2\/types\/post"}],"author":[{"embeddable":true,"href":"https:\/\/kulturbloggen.com\/index.php?rest_route=\/wp\/v2\/users\/13"}],"replies":[{"embeddable":true,"href":"https:\/\/kulturbloggen.com\/index.php?rest_route=%2Fwp%2Fv2%2Fcomments&post=46351"}],"version-history":[{"count":5,"href":"https:\/\/kulturbloggen.com\/index.php?rest_route=\/wp\/v2\/posts\/46351\/revisions"}],"predecessor-version":[{"id":46356,"href":"https:\/\/kulturbloggen.com\/index.php?rest_route=\/wp\/v2\/posts\/46351\/revisions\/46356"}],"wp:attachment":[{"href":"https:\/\/kulturbloggen.com\/index.php?rest_route=%2Fwp%2Fv2%2Fmedia&parent=46351"}],"wp:term":[{"taxonomy":"category","embeddable":true,"href":"https:\/\/kulturbloggen.com\/index.php?rest_route=%2Fwp%2Fv2%2Fcategories&post=46351"},{"taxonomy":"post_tag","embeddable":true,"href":"https:\/\/kulturbloggen.com\/index.php?rest_route=%2Fwp%2Fv2%2Ftags&post=46351"}],"curies":[{"name":"wp","href":"https:\/\/api.w.org\/{rel}","templated":true}]}}