{"id":4616,"date":"2008-11-20T09:24:02","date_gmt":"2008-11-20T08:24:02","guid":{"rendered":"http:\/\/kulturbloggen.com\/?p=4616"},"modified":"2008-11-20T09:24:02","modified_gmt":"2008-11-20T08:24:02","slug":"kulturfyran-om-kulturblogg-award-bland-annat","status":"publish","type":"post","link":"https:\/\/kulturbloggen.com\/?p=4616","title":{"rendered":"Kulturfyran &#8211; om Kulturblogg Award &#8211; bland annat"},"content":{"rendered":"<p><img loading=\"lazy\" decoding=\"async\" src=\"http:\/\/sodergren.com\/kulturbloggen\/wp-content\/uploads\/2008\/11\/kulturfyra_award260.jpg\" alt=\"\" title=\"kulturfyra_award260\" width=\"260\" height=\"150\" class=\"alignright size-full wp-image-4618\" \/><\/p>\n<p>Kanske har ni sett att <a href=\"http:\/\/kulturbloggen.com\/?p=4334\">Kulturblogg Award har instiftats<\/a>, f\u00f6r att lyfta fram alla dessa bra bloggar med kulturinriktning som finns.<\/p>\n<p>(Ja, jag vet, Kulturfyran hade ju flyttat till onsdagar och det \u00e4r torsdag n\u00e4r jag postar denna. Men det var bara s\u00e5 mycket och s\u00e5 r\u00f6rigt ig\u00e5r.)<\/p>\n<p>\u00c5ter till Kulturblogg Award: Det \u00e4r j\u00e4ttekul f\u00f6r vi har redan f\u00e5tt m\u00e5nga f\u00f6rslag p\u00e5 nomineringar och n\u00e5gra sponsorer. Nu t\u00e4nkte jag ni skulle f\u00e5 ge tips:<\/p>\n<p>1. Vilken blogg med kulturinriktning vill du rekommendera?<\/p>\n<p>2. Vad tycker du, f\u00f6rutom \u00e4ran, \u00e4r ett bra men inte f\u00f6r dyrt pris f\u00f6r en bra kulturblogg?<\/p>\n<p>3. Vad \u00e4r det som g\u00f6r att du \u00e5terkommer till en blogg?<\/p>\n<p>4. Hur m\u00e5nga timmar per dag \u00e4gnar du dig \u00e5t bloggar och bloggande och hur m\u00e5nga timmar \u00e4gnar du dig \u00e5t kultur utanf\u00f6r datorn (l\u00e4sa b\u00f6cker, skriva, se film, teater, m\u00e5la med mera)?<\/p>\n<p>Gl\u00f6m nu inte att l\u00e4mna l\u00e4nken till ditt svar h\u00e4r i en kommentar. Om du dessutom <a href=\"http:\/\/nyligen.se\/pinga.php\">pingar nyligen <\/a>hamnar ditt inl\u00e4gg i blogglistan som ligger precis \u00f6ver kommentarsf\u00e4ltet. Det \u00e4r bra eftersom jag inte sitter vid datorn j\u00e4mt och alla kommentarer modereras innan de kommer ut. Men om du <a href=\"http:\/\/nyligen.se\/pinga.php\">pingar nyligen <\/a>syns din l\u00e4nk snabbare.<\/p>\n<p>Att pinga nyligen \u00e4r j\u00e4ttel\u00e4tt, <a href=\"http:\/\/nyligen.se\/pinga.php\">klicka p\u00e5 l\u00e4nken h\u00e4r<\/a> och fyll bara i din bloggs adress i formul\u00e4ret som finns lite l\u00e4ngre ned p\u00e5 sidan som visas.<\/p>\n<p>Andra bloggar om: <a href=\"http:\/\/bloggar.se\/om\/Kulturfyra\" rel=\"tag\">Kulturfyra<\/a>, <a href=\"http:\/\/bloggar.se\/om\/Kulturblogg+Award\" rel=\"tag\">Kulturblogg Award<\/a>, <a href=\"http:\/\/bloggar.se\/om\/kulturblogg\" rel=\"tag\">kulturblogg<\/a>, <a href=\"http:\/\/bloggar.se\/om\/kultur\" rel=\"tag\">kultur<\/a>, <a href=\"http:\/\/bloggar.se\/om\/nyligen\" rel=\"tag\">nyligen<\/a>, <a href=\"http:\/\/bloggar.se\/om\/pinga\" rel=\"tag\">pinga<\/a><\/p>\n","protected":false},"excerpt":{"rendered":"<p>Kanske har ni sett att Kulturblogg Award har instiftats, f\u00f6r att lyfta fram alla dessa bra bloggar med kulturinriktning som finns. (Ja, jag vet, Kulturfyran hade ju flyttat till onsdagar och det \u00e4r torsdag n\u00e4r jag postar denna. Men det var bara s\u00e5 mycket och s\u00e5 r\u00f6rigt ig\u00e5r.) \u00c5ter till Kulturblogg Award: Det \u00e4r j\u00e4ttekul [&hellip;]<\/p>\n","protected":false},"author":2,"featured_media":0,"comment_status":"open","ping_status":"open","sticky":false,"template":"","format":"standard","meta":{"_genesis_hide_title":false,"_genesis_hide_breadcrumbs":false,"_genesis_hide_singular_image":false,"_genesis_hide_footer_widgets":false,"_genesis_custom_body_class":"","_genesis_custom_post_class":"","_genesis_layout":"","footnotes":""},"categories":[20],"tags":[60],"class_list":{"0":"post-4616","1":"post","2":"type-post","3":"status-publish","4":"format-standard","6":"category-film","7":"tag-kulturfyra","8":"entry"},"_links":{"self":[{"href":"https:\/\/kulturbloggen.com\/index.php?rest_route=\/wp\/v2\/posts\/4616","targetHints":{"allow":["GET"]}}],"collection":[{"href":"https:\/\/kulturbloggen.com\/index.php?rest_route=\/wp\/v2\/posts"}],"about":[{"href":"https:\/\/kulturbloggen.com\/index.php?rest_route=\/wp\/v2\/types\/post"}],"author":[{"embeddable":true,"href":"https:\/\/kulturbloggen.com\/index.php?rest_route=\/wp\/v2\/users\/2"}],"replies":[{"embeddable":true,"href":"https:\/\/kulturbloggen.com\/index.php?rest_route=%2Fwp%2Fv2%2Fcomments&post=4616"}],"version-history":[{"count":0,"href":"https:\/\/kulturbloggen.com\/index.php?rest_route=\/wp\/v2\/posts\/4616\/revisions"}],"wp:attachment":[{"href":"https:\/\/kulturbloggen.com\/index.php?rest_route=%2Fwp%2Fv2%2Fmedia&parent=4616"}],"wp:term":[{"taxonomy":"category","embeddable":true,"href":"https:\/\/kulturbloggen.com\/index.php?rest_route=%2Fwp%2Fv2%2Fcategories&post=4616"},{"taxonomy":"post_tag","embeddable":true,"href":"https:\/\/kulturbloggen.com\/index.php?rest_route=%2Fwp%2Fv2%2Ftags&post=4616"}],"curies":[{"name":"wp","href":"https:\/\/api.w.org\/{rel}","templated":true}]}}