{"id":46130,"date":"2011-12-30T14:46:14","date_gmt":"2011-12-30T13:46:14","guid":{"rendered":"http:\/\/kulturbloggen.com\/?p=46130"},"modified":"2011-12-30T14:57:16","modified_gmt":"2011-12-30T13:57:16","slug":"operaforestallningar-att-se-framemot-2012","status":"publish","type":"post","link":"https:\/\/kulturbloggen.com\/?p=46130","title":{"rendered":"Operaf\u00f6rest\u00e4llningar att se framemot 2012"},"content":{"rendered":"<p><a href=\"http:\/\/kulturbloggen.com\/wp-content\/uploads\/2011\/12\/carmenkungligaoperan2011.jpg\"><img loading=\"lazy\" decoding=\"async\" class=\"alignleft size-medium wp-image-46131\" src=\"http:\/\/kulturbloggen.com\/wp-content\/uploads\/2011\/12\/carmenkungligaoperan2011-300x150.jpg\" alt=\"\" width=\"300\" height=\"150\" srcset=\"https:\/\/kulturbloggen.com\/wp-content\/uploads\/2011\/12\/carmenkungligaoperan2011-300x150.jpg 300w, https:\/\/kulturbloggen.com\/wp-content\/uploads\/2011\/12\/carmenkungligaoperan2011-200x100.jpg 200w, https:\/\/kulturbloggen.com\/wp-content\/uploads\/2011\/12\/carmenkungligaoperan2011-175x87.jpg 175w, https:\/\/kulturbloggen.com\/wp-content\/uploads\/2011\/12\/carmenkungligaoperan2011-459x230.jpg 459w, https:\/\/kulturbloggen.com\/wp-content\/uploads\/2011\/12\/carmenkungligaoperan2011-100x50.jpg 100w, https:\/\/kulturbloggen.com\/wp-content\/uploads\/2011\/12\/carmenkungligaoperan2011-80x40.jpg 80w, https:\/\/kulturbloggen.com\/wp-content\/uploads\/2011\/12\/carmenkungligaoperan2011-150x75.jpg 150w, https:\/\/kulturbloggen.com\/wp-content\/uploads\/2011\/12\/carmenkungligaoperan2011.jpg 513w\" sizes=\"auto, (max-width: 300px) 100vw, 300px\" \/><\/a><\/p>\n<p>Kulturbloggens redakt\u00f6r bad mig skriva ett inl\u00e4gg om vilka f\u00f6rest\u00e4llningar jag ser framemot av opera\u00e5ret 2012. Av n\u00e5gon m\u00e4rklig anledning har jag haft sv\u00e5rt att formulera mina tankar om just detta.<\/p>\n<p>Det kan bero p\u00e5 flera anledningar dels saknar jag information om vad jag kan f\u00f6rv\u00e4nta mig dels \u00e4r det sv\u00e5rt att peka ut n\u00e5gra f\u00f6rest\u00e4llningar, eftersom jag i grunden utg\u00e5r fr\u00e5n att ett operabes\u00f6k alltid blir en stor h\u00e4ndelse. Dock skall det villigt erk\u00e4nnas att s\u00e5 inte alltid \u00e4r fallet, men det \u00e4r ju n\u00e5got som jag inte kan veta i f\u00f6rv\u00e4g och helst inte heller vill kunna.<\/p>\n<p>F\u00f6rst i mars\/april vet jag s\u00e4kert vad som kommer upp n\u00e4sta s\u00e4song, \u00e4ven om ett och annat l\u00e4cker ut innan dess. Genom att h\u00e5lla \u00f6ron och \u00f6gon \u00f6ppna kan jag ocks\u00e5 snappa upp nyheter den kommande s\u00e4songen p\u00e5 en del operahus.<\/p>\n<p>Min genomg\u00e5ng baseras p\u00e5 s\u00e4songsprogrammen f\u00f6r alla operahus i Sverige och Den Kongelige Opera i K\u00f6penhamn och g\u00e4ller f\u00f6r resterande del av s\u00e4songen.<\/p>\n<p>Resten av innevarande s\u00e4song inneh\u00e5ller en del upps\u00e4ttningar som jag inte tidigare har sett och det g\u00f6r naturligtvis att det b\u00e5de blir mer sp\u00e4nnande och intressant:<\/p>\n<p>P\u00e5 <a href=\"http:\/\/www.opera.se\">G\u00f6teborgsOperan<\/a> startar n\u00e4sta \u00e5r med premi\u00e4ren p\u00e5 Shostakovitj\u00b4s \u201dLady Macbeth fr\u00e5n Mzensk\u201d\u00a0 och forts\u00e4tter ett par m\u00e5nader senare med Gaetano Donizetti\u00b4s\u00a0 \u201dLucrezia Borgia\u201d. I det h\u00e4r sammanhanget kan det vara v\u00e4rt att noter att <a href=\"http:\/\/www.operavega.se\">Operagruppen Vega<\/a> i Stockholm har premi\u00e4r p\u00e5 hans \u201dMaria Stuarda\u201d och det \u00e4r ocks\u00e5 ett verk som jag ser framemot. Premi\u00e4r p\u00e5 Teater Pero den 14 april.<\/p>\n<p><a href=\"http:\/\/www.operan.se\">Kungliga Operan<\/a> har tv\u00e5 premi\u00e4rer kvar p\u00e5 s\u00e4songen dels en s.k. double-bill \u201dBl\u00e5sk\u00e4ggs\u00a0 borg\/ Trouble in Tahiti\u201d verk som \u00e4r komponerade av\u00a0 Bela Bart\u00f3k respektive Leonard Bernstein.<\/p>\n<p>S\u00e4songens sista operapremi\u00e4r p\u00e5 KO blir Richard Wagner\u00b4s \u201dLohengrin\u201d med Michael Weinius och det r\u00e4knar jag med kommer att tillh\u00f6ra s\u00e4songens absoluta h\u00f6jdpunkter tillsammans med \u201dParsifal\u201d p\u00e5 Malm\u00f6 Opera, men mer om detta l\u00e4ngre ner.<\/p>\n<p>Ut\u00f6ver dessa f\u00f6rest\u00e4llningar ser jag ocks\u00e5 framemot Operah\u00f6gskolans\u00a0 f\u00f6rest\u00e4llning av Puccini p\u00e5 Operan den 25 februari, men det \u00e4r os\u00e4kert om jag kommer att kunna se den f\u00f6rest\u00e4llningen, men hoppet finns fortfarande. Dessutom vill jag inte missa nypremi\u00e4ren p\u00e5 Richard Strauss sista opera \u201dCapriccio\u201d och eventuellt vill jag g\u00e4rna se \u201dTosca\u201d med Jos\u00e9 Cura, som Cavaradossi i juni.<\/p>\n<p>P\u00e5 stockholmsfronten ser jag mycket framemot en annorlunda version av G F H\u00e4ndels \u201dJulius Caesar\u201d med premi\u00e4r den \u00e5ttonde februari p\u00e5 <a href=\"http:\/\/www.folkoperan.se\">Folkoperan<\/a>. En vecka senare kommer det att ges en annorlunda upps\u00e4ttning av G Puccini\u00b4s \u201dTosca\u201d eller Fascist Javisst\u201d\u00a0 i en annorlunda milj\u00f6 med <a href=\"http:\/\/www.operarepubliken.se\">Operarepubliken<\/a> som arrang\u00f6r. Premi\u00e4r 16 februari.<\/p>\n<p>P\u00e5 <a href=\"http:\/\/www.malmoopera.se\">Malm\u00f6 Opera<\/a> \u00e4r det \u201dParsifal\u201d som blir det andra slagnumret denna s\u00e4song. Det \u00e4r med chefsdramaturgen Stefan Johansson, som regiss\u00f6r och Leif Segerstam p\u00e5 dirigentpulten, Denna upps\u00e4ttning skall bli speciellt roligt att se hur Stefan Johansson hanterar sitt regiuppdrag. Den f\u00f6rsta versionen av \u201dParsifal\u201d, som jag upplevde, \u00a0p\u00e5 Den Kongelige Opera i K\u00f6penhamn, blev en n\u00e4rmast religi\u00f6s upplevelse, medan \u201dhusgrekens\u201d upps\u00e4ttning p\u00e5 GO blev en stor besvikelse trots mycket goda solistinsatser fr\u00e5n samtliga inblandade.<\/p>\n<p>En m\u00e5nad tidigare ser jag Keith Warner, den nye operachefen p\u00e5 <a href=\"http:\/\/www.kglteater.dk\">DKT<\/a>, version av samma verk och \u00e4ven om det inte g\u00e5r att j\u00e4mf\u00f6ra f\u00f6rest\u00e4llningar s\u00e5 kan det nog inte undvikas.<\/p>\n<p>2012 b\u00f6rjar dock med C W Gluck\u00b4s \u201dAlceste\u201d och s\u00e4songen slutar med Benjamin Britten\u00b4s \u201dAlbert Herring\u201d.<\/p>\n<p>I norr har <a href=\"http:\/\/www.norrlandsoperan.se\">NorrlandsOperan<\/a> 2 mars premi\u00e4r p\u00e5 \u201dCarmen\u201d vilket ocks\u00e5 man l\u00e4ngst i s\u00f6der\u00a0 har p\u00e5 Malm\u00f6 Opera, n\u00e4mligen med Hilda Hellwigs upps\u00e4ttning, fast ungef\u00e4r tre veckor tidigare.<\/p>\n<p>I februari \u00e4r det ocks\u00e5 dags f\u00f6r sista delen av\u00a0 <a href=\"http:\/\/www.fhp.nu\/metropolitan\">Metropolitan Opera<\/a> Robert Lapage\u00b4s \u201dRingen-satsning\u201d, n\u00e4mligen Die G\u00f6tterd\u00e4mmerung\u201d eller \u201dRagnar\u00f6k\u201d som vi ocks\u00e5 kallar verket f\u00f6r.<\/p>\n<p>Ut\u00f6ver dessa f\u00f6rest\u00e4llningar s\u00e5 forts\u00e4tter <a href=\"http:\/\/www.operan.se\">KO<\/a> med \u201dFlickan fr\u00e5n v\u00e4stern\u201d, &#8221;Carmen&#8221;, \u201dElektra\u201d \u201dKarmelitsystrarna\u201d, \u201dSpader Dam\u201d, \u201dBoh\u00e8me\u201d, \u201dGossen och k\u00e4rleken till tre apelsiner\u201d och \u201dL\u00e4derlappen\u201d.<\/p>\n<p>P\u00e5 GO forts\u00e4tter \u201dTosca\u201d och det blir ocks\u00e5 nypremi\u00e4r p\u00e5 \u201dTrollfl\u00f6jten\u201d och p\u00e5 Malm\u00f6 Opera blir det nypremi\u00e4r p\u00e5 succ\u00e9n \u201dMadama Butterfly\u201d. P\u00e5 <a href=\"http:\/\/www.kglteater.dk\">DKT<\/a> blir det nypremi\u00e4r p\u00e5 \u201dDie Frau ohne Schatten\u201d, \u201dLa traviata\u201d och ett g\u00e4stspel fr\u00e5n Den Jydske Opera med Mozart\u00b4s \u201dDon Juan\u201d och inte minst OperaAkademiets upps\u00e4ttning av \u201dDon Giovanni\u201d och Cavalleria\/Bajadser forts\u00e4tter ytterligare en m\u00e5nad.<\/p>\n<p>Ut\u00f6ver dessa f\u00f6rest\u00e4llningar blir det dessutom tillf\u00e4lle att se n\u00e5gra upps\u00e4ttningar direkt fr\u00e5n Metropolitan Opera p\u00e5 Folkets Hus\/Parkers biograf Spegeln i Malm\u00f6.<\/p>\n","protected":false},"excerpt":{"rendered":"<p>Kulturbloggens redakt\u00f6r bad mig skriva ett inl\u00e4gg om vilka f\u00f6rest\u00e4llningar jag ser framemot av opera\u00e5ret 2012. Av n\u00e5gon m\u00e4rklig anledning har jag haft sv\u00e5rt att formulera mina tankar om just detta. Det kan bero p\u00e5 flera anledningar dels saknar jag information om vad jag kan f\u00f6rv\u00e4nta mig dels \u00e4r det sv\u00e5rt att peka ut n\u00e5gra [&hellip;]<\/p>\n","protected":false},"author":13,"featured_media":0,"comment_status":"open","ping_status":"open","sticky":false,"template":"","format":"standard","meta":{"_genesis_hide_title":false,"_genesis_hide_breadcrumbs":false,"_genesis_hide_singular_image":false,"_genesis_hide_footer_widgets":false,"_genesis_custom_body_class":"","_genesis_custom_post_class":"","_genesis_layout":"","footnotes":""},"categories":[20],"tags":[99,6848,6847],"class_list":{"0":"post-46130","1":"post","2":"type-post","3":"status-publish","4":"format-standard","6":"category-film","7":"tag-99","8":"tag-att-se-framemot","9":"tag-operaforestallningar","10":"entry"},"_links":{"self":[{"href":"https:\/\/kulturbloggen.com\/index.php?rest_route=\/wp\/v2\/posts\/46130","targetHints":{"allow":["GET"]}}],"collection":[{"href":"https:\/\/kulturbloggen.com\/index.php?rest_route=\/wp\/v2\/posts"}],"about":[{"href":"https:\/\/kulturbloggen.com\/index.php?rest_route=\/wp\/v2\/types\/post"}],"author":[{"embeddable":true,"href":"https:\/\/kulturbloggen.com\/index.php?rest_route=\/wp\/v2\/users\/13"}],"replies":[{"embeddable":true,"href":"https:\/\/kulturbloggen.com\/index.php?rest_route=%2Fwp%2Fv2%2Fcomments&post=46130"}],"version-history":[{"count":4,"href":"https:\/\/kulturbloggen.com\/index.php?rest_route=\/wp\/v2\/posts\/46130\/revisions"}],"predecessor-version":[{"id":46133,"href":"https:\/\/kulturbloggen.com\/index.php?rest_route=\/wp\/v2\/posts\/46130\/revisions\/46133"}],"wp:attachment":[{"href":"https:\/\/kulturbloggen.com\/index.php?rest_route=%2Fwp%2Fv2%2Fmedia&parent=46130"}],"wp:term":[{"taxonomy":"category","embeddable":true,"href":"https:\/\/kulturbloggen.com\/index.php?rest_route=%2Fwp%2Fv2%2Fcategories&post=46130"},{"taxonomy":"post_tag","embeddable":true,"href":"https:\/\/kulturbloggen.com\/index.php?rest_route=%2Fwp%2Fv2%2Ftags&post=46130"}],"curies":[{"name":"wp","href":"https:\/\/api.w.org\/{rel}","templated":true}]}}