{"id":45951,"date":"2011-12-19T13:03:35","date_gmt":"2011-12-19T12:03:35","guid":{"rendered":"http:\/\/kulturbloggen.com\/?p=45951"},"modified":"2011-12-19T13:16:14","modified_gmt":"2011-12-19T12:16:14","slug":"har-ar-de-nominerade-till-grammisgalan-2012","status":"publish","type":"post","link":"https:\/\/kulturbloggen.com\/?p=45951","title":{"rendered":"H\u00e4r \u00e4r de nominerade till Grammisgalan 2012"},"content":{"rendered":"<p>Blir Lykke Li eller Veronica Maggio galans drottning? H\u00e4r kan ni se de nominerade i Grammisgalans samtliga kategorier. Galan g\u00e5r av stapeln den 14 februari och det hela bevakas av SVT.<\/p>\n<p><strong>\u00c5rets artist<\/strong><br \/>\nDeportees<br \/>\nLykke Li<br \/>\nMelissa Horn<br \/>\nSwedish House Mafia<br \/>\nVeronica Maggio<\/p>\n<p><strong>\u00c5rets album<\/strong><br \/>\nAnna Ternheim (&#8221;The night visitor&#8221;)<br \/>\nDeportees (&#8221;Islands &#038; shores&#8221;);<br \/>\nIson &#038; Fille (&#8221;F\u00f6r evigt&#8221;)<br \/>\nLykke Li (&#8221;Wounded rhymes&#8221;)<br \/>\nVeonica Maggio (&#8221;Satan i gatan&#8221;)<\/p>\n<p><strong>\u00c5rets barnalbum<\/strong><br \/>\nDoreen M\u00e5nsson (&#8221;Dilemman med Doreen&#8221;)<br \/>\nLekisjazz (&#8221;Lekisjazz&#8221;)<br \/>\nNassim Al Fakir (&#8221;Ute och cyklar&#8221;)<br \/>\nOrkester Pop (&#8221;M\u00e4ta med sk\u00e4gg&#8221;)<br \/>\nOscar Danielson (&#8221;Det kostar p\u00e5 att vara barn&#8221;)<\/p>\n<p><strong>\u00c5rets jazz<\/strong><br \/>\nFreddie Wadling<br \/>\nGeorg Riedel, Sarah Riedel och Nicolai Dunger<br \/>\nMagnus \u00d6str\u00f6m<br \/>\nNils Landgren<br \/>\nTonbruket<\/p>\n<p><strong>\u00c5rets nykomling<\/strong><br \/>\nAdrian Lux<br \/>\nAleks<br \/>\nDen Svenska Bj\u00f6rnstammen<br \/>\nNewkid<br \/>\nRebecca och Fiona<\/p>\n<p><strong>\u00c5rets komposit\u00f6r<\/strong><br \/>\nAnna J\u00e4rvinen<br \/>\nAnna Ternheim<br \/>\nLykke Li<br \/>\nBj\u00f6rn Yttling och Rick Nowels<br \/>\nMelissa Horn<br \/>\nVeronica Maggio och Christian Walz.<\/p>\n<p><strong>\u00c5rets textf\u00f6rfattare<\/strong><br \/>\nAnna Ternheim<br \/>\nJonathan Johansson<br \/>\nMauro Scocco<br \/>\nMelissa Horn<br \/>\nVeronica Maggio och Christian Walz<\/p>\n<p><strong>\u00c5rets producent<\/strong><br \/>\nChristian Walz<br \/>\nJohan Eckeborn<br \/>\nMasse Salazar<br \/>\nShellback<br \/>\nTobias Fr\u00f6berg<\/p>\n<p><strong>\u00c5rets folkmusik\/visa<\/strong><br \/>\nCajsastina \u00c5kerstr\u00f6m<br \/>\nEric Bibb<br \/>\nLasse Tennander<br \/>\nMerit Hemmingson<br \/>\nSofia Karlsson<\/p>\n<p><strong>\u00c5rets h\u00e5rdrock\/metal<\/strong><br \/>\nGraveyard<br \/>\nHammerfall<br \/>\nIn Flames<br \/>\nOpeth<br \/>\nThe Haunted<\/p>\n<p><strong>\u00c5rets klassiska<\/strong><br \/>\nAnne Sofie von Otter<br \/>\nGustaf Sj\u00f6kvists kammark\u00f6r<br \/>\nKungliga filharmonikerna\/Esa-Pekka Salonen\/Alan Gilberg\/Sakari Oramo<br \/>\nKungsbacka-trion<br \/>\nMalm\u00f6 symfoniorkester\/Christoph K\u00f6nig\/Malena Ernman<\/p>\n<p><strong>\u00c5rets l\u00e5t <\/strong><br \/>\nAvicii (&#8221;Levels&#8221;)<br \/>\nDen Svenska Bj\u00f6rnstammen (&#8221;Vart jag mig i v\u00e4rlden v\u00e4nder&#8221;)<br \/>\nEric Amarillo (&#8221;Om sanningen ska fram&#8221;)<br \/>\nEric Saade (&#8221;Popular&#8221;)<br \/>\nPetter och September (&#8221;Baksm\u00e4lla&#8221;)<br \/>\nSeptember (&#8221;Mikrofonk\u00e5t&#8221;)<br \/>\nSwedish House Mafia (&#8221;Save the world&#8221;)<br \/>\nTimbuktu (&#8221;Resten av ditt liv&#8221;)<br \/>\nTove Styrke (&#8221;White light moment&#8221;)<br \/>\nVeronica Maggio (&#8221;Jag kommer&#8221;)<\/p>\n<p><strong>\u00c5rets dansband<\/strong><br \/>\nBenny Anderssons orkester<br \/>\nElisa&#8217;s<br \/>\nLarz Kristerz<br \/>\nLasse Stefanz<br \/>\nZekes<\/p>\n<p><strong>\u00c5rets pop<\/strong><br \/>\nAne Brun<br \/>\nAnna Ternheim<br \/>\nJonathan Johansson<br \/>\nLykke Li<br \/>\nVeronica Maggio<\/p>\n<p><strong>\u00c5rets rock<\/strong><br \/>\nDeportees<br \/>\nEldkvarn<br \/>\nKebnekajse<br \/>\nMe and My Army<br \/>\nSamling<\/p>\n<p><strong>\u00c5rets internationella framg\u00e5ng<\/strong><br \/>\nAvicii<br \/>\nLittle Dragon<br \/>\nLykke Li<br \/>\nOpeth<br \/>\nSwedish House Mafia<\/p>\n<p><strong>\u00c5rets internationella album<\/strong><br \/>\nAdele (&#8221;21&#8221;)<br \/>\nBeyonc\u00e9 (&#8221;4&#8221;)<br \/>\nFrank Ocean (&#8221;Nostalgia ultra&#8221;)<br \/>\nJames Blake (&#8221;James Blake&#8221;)<br \/>\nPJ Harvey (&#8221;Let England shake&#8221;)<\/p>\n<p><strong>\u00c5rets elektro\/dans<\/strong><br \/>\nAdrian Lux<br \/>\nAvicii<br \/>\nLittle Dragon<br \/>\nRebecca och Fiona<br \/>\nSwedish House Mafia<\/p>\n<p><strong>\u00c5rets hiphop\/soul<\/strong><br \/>\nAdam Tensta<br \/>\nAlexis Weak<br \/>\nIson &#038; Fille<br \/>\nMovits<br \/>\nTimbuktu<\/p>\n<p><strong>\u00c5rets musikvideo<\/strong><br \/>\nGustav Johansson (Karl X Johan: &#8221;Flames&#8221;)<br \/>\nMagnus Renfors (Peter J\u00f6back, filmen till albumet &#8221;Livet, k\u00e4rleken och d\u00f6den&#8221;)<br \/>\nMax Vitali (Robyn: &#8221;Call your girlfriend&#8221;)<br \/>\nSlobodan Zivic (Kriget: &#8221;Submission&#8221;)<br \/>\nTed Malmros och Gustaf von Arbin (Peter, Bjorn och John: &#8221;Gimme some&#8221;)<\/p>\n<p><strong>\u00c5rets innovat\u00f6r<\/strong><br \/>\nAvicii<br \/>\nDeportees<br \/>\nErato<br \/>\nLooptroop Rockers<br \/>\nVeronica Maggio<\/p>\n<p>S\u00e5 h\u00e4r har <a href=\"http:\/\/www.aftonbladet.se\/nojesbladet\/musik\/article14099821.ab\">Aftonbladet<\/a> och <a href=\"http:\/\/www.expressen.se\/noje\/musik\/1.2656212\/har-ar-de-nominerade-till-grammis-2012\">Expressen<\/a> skrivit inf\u00f6r Grammisgalan.<\/p>\n","protected":false},"excerpt":{"rendered":"<p>Blir Lykke Li eller Veronica Maggio galans drottning? H\u00e4r kan ni se de nominerade i Grammisgalans samtliga kategorier. Galan g\u00e5r av stapeln den 14 februari och det hela bevakas av SVT. \u00c5rets artist Deportees Lykke Li Melissa Horn Swedish House Mafia Veronica Maggio \u00c5rets album Anna Ternheim (&#8221;The night visitor&#8221;) Deportees (&#8221;Islands &#038; shores&#8221;); Ison [&hellip;]<\/p>\n","protected":false},"author":3,"featured_media":45952,"comment_status":"open","ping_status":"open","sticky":false,"template":"","format":"standard","meta":{"_genesis_hide_title":false,"_genesis_hide_breadcrumbs":false,"_genesis_hide_singular_image":false,"_genesis_hide_footer_widgets":false,"_genesis_custom_body_class":"","_genesis_custom_post_class":"","_genesis_layout":"","footnotes":""},"categories":[7],"tags":[1236,2078,6819,3385,6216],"class_list":{"0":"post-45951","1":"post","2":"type-post","3":"status-publish","4":"format-standard","5":"has-post-thumbnail","7":"category-musik","8":"tag-deportees","9":"tag-grammis","10":"tag-grammisgalan-2012","11":"tag-lykke-li","12":"tag-veronica-maggio","13":"entry"},"_links":{"self":[{"href":"https:\/\/kulturbloggen.com\/index.php?rest_route=\/wp\/v2\/posts\/45951","targetHints":{"allow":["GET"]}}],"collection":[{"href":"https:\/\/kulturbloggen.com\/index.php?rest_route=\/wp\/v2\/posts"}],"about":[{"href":"https:\/\/kulturbloggen.com\/index.php?rest_route=\/wp\/v2\/types\/post"}],"author":[{"embeddable":true,"href":"https:\/\/kulturbloggen.com\/index.php?rest_route=\/wp\/v2\/users\/3"}],"replies":[{"embeddable":true,"href":"https:\/\/kulturbloggen.com\/index.php?rest_route=%2Fwp%2Fv2%2Fcomments&post=45951"}],"version-history":[{"count":3,"href":"https:\/\/kulturbloggen.com\/index.php?rest_route=\/wp\/v2\/posts\/45951\/revisions"}],"predecessor-version":[{"id":45955,"href":"https:\/\/kulturbloggen.com\/index.php?rest_route=\/wp\/v2\/posts\/45951\/revisions\/45955"}],"wp:featuredmedia":[{"embeddable":true,"href":"https:\/\/kulturbloggen.com\/index.php?rest_route=\/wp\/v2\/media\/45952"}],"wp:attachment":[{"href":"https:\/\/kulturbloggen.com\/index.php?rest_route=%2Fwp%2Fv2%2Fmedia&parent=45951"}],"wp:term":[{"taxonomy":"category","embeddable":true,"href":"https:\/\/kulturbloggen.com\/index.php?rest_route=%2Fwp%2Fv2%2Fcategories&post=45951"},{"taxonomy":"post_tag","embeddable":true,"href":"https:\/\/kulturbloggen.com\/index.php?rest_route=%2Fwp%2Fv2%2Ftags&post=45951"}],"curies":[{"name":"wp","href":"https:\/\/api.w.org\/{rel}","templated":true}]}}