{"id":45921,"date":"2011-12-18T12:52:13","date_gmt":"2011-12-18T11:52:13","guid":{"rendered":"http:\/\/kulturbloggen.com\/?p=45921"},"modified":"2011-12-20T23:23:22","modified_gmt":"2011-12-20T22:23:22","slug":"flickan-fran-vastern-kungliga-operans-storsta-succeforestallning-med-langa-staende-ovationer","status":"publish","type":"post","link":"https:\/\/kulturbloggen.com\/?p=45921","title":{"rendered":"Flickan fr\u00e5n V\u00e4stern Kungliga Operans st\u00f6rsta succ\u00e9f\u00f6rest\u00e4llning med l\u00e5nga st\u00e5ende ovationer"},"content":{"rendered":"<p>&nbsp;<\/p>\n<p style=\"text-align: left\"><a href=\"http:\/\/kulturbloggen.com\/wp-content\/uploads\/2011\/12\/flickan.jpg\"><img loading=\"lazy\" decoding=\"async\" class=\"alignleft size-full wp-image-45922\" src=\"http:\/\/kulturbloggen.com\/wp-content\/uploads\/2011\/12\/flickan.jpg\" alt=\"\" width=\"260\" height=\"260\" srcset=\"https:\/\/kulturbloggen.com\/wp-content\/uploads\/2011\/12\/flickan.jpg 260w, https:\/\/kulturbloggen.com\/wp-content\/uploads\/2011\/12\/flickan-150x150.jpg 150w, https:\/\/kulturbloggen.com\/wp-content\/uploads\/2011\/12\/flickan-200x200.jpg 200w, https:\/\/kulturbloggen.com\/wp-content\/uploads\/2011\/12\/flickan-230x230.jpg 230w, https:\/\/kulturbloggen.com\/wp-content\/uploads\/2011\/12\/flickan-65x65.jpg 65w, https:\/\/kulturbloggen.com\/wp-content\/uploads\/2011\/12\/flickan-80x80.jpg 80w\" sizes=\"auto, (max-width: 260px) 100vw, 260px\" \/><\/a> Flickan fr\u00e5n V\u00e4stern<\/p>\n<p style=\"text-align: left\">Opera av Giacomo Puccini. Text Guelfo Civinini \u00a0 och Carlo Zangarini efter en\u00a0 pj\u00e4s av David Belasco (The Girl of the Golden West)<\/p>\n<p style=\"text-align: left\">Premi\u00e4r p\u00e5 Kungliga Operan 17 december 2011<\/p>\n<p style=\"text-align: left\">Tid: 3 timmar och trettio minuter<\/p>\n<p>\u00c5rets sista operapremi\u00e4r p\u00e5 Kungliga Operan blev Giacomo Puccinis, Flickan fr\u00e5n V\u00e4stern eller La fanciulla del West, p\u00e5 originalspr\u00e5k. Operan skrevs ursprunglige f\u00f6r Metropolitan Opera och hade premi\u00e4r d\u00e4r \u00e5r 1910 bl a med Caruso i en av de ledande rollerna.<\/p>\n<p>&nbsp;<\/p>\n<p>Det skulle nog inte vara korrekt att p\u00e5st\u00e5 att verket gjorde succ\u00e9 och operan hade inte Sverigepremi\u00e4r f\u00f6rr\u00e4n 29 december 1934 och gavs d\u00e5 i nio f\u00f6rest\u00e4llningar. Senast verket sattes upp i Sverige torde ha varit Malm\u00f6 Operas upps\u00e4ttning med Signe Lind som Minnie och Dick Johnson sj\u00f6ngs av Michael Weinius och sheriffen Rance av Bengt Krantz, h\u00f6sten 2007.<\/p>\n<p>&nbsp;<\/p>\n<p>Operan utspelar sig i ett guldgr\u00e4varl\u00e4ger i Kalifornien p\u00e5 1850-talet. Minnie f\u00f6rest\u00e5r en saloon, lever ensam men \u00e5tr\u00e5s av sheriffen John Rance, men \u00e4lskar Dick Johnson som i sj\u00e4lva verket \u00e4r banditen Ramerrez, Rance blir galen av svartsjuka n\u00e4r han ser att Minnie och Johnson dansar tillsammans. Minnie ansvarar f\u00f6r att guldgr\u00e4varnas guld f\u00f6rvaras s\u00e4kert, men driver ocks\u00e5 en bibelskola f\u00f6r m\u00e4nnen. Sm\u00e5ningom f\u00e5r Rance och guldgr\u00e4varna klart f\u00f6r sig att Johnson \u00e4r den efterlyste banditen Ramrrez och g\u00f6r allt f\u00f6r att f\u00e5 fast honom. Minnie blir f\u00f6r\u00e4lskad i Johnson och ger honom sin f\u00f6rsta kyss och snart leder jakten p\u00e5 Johnson till Minnies stuga och vid ett flyktf\u00f6rs\u00f6k skadas han allvarligt och v\u00e5rdas d\u00e4refter av Minnie och n\u00e4r Johnson best\u00e4mmer sig f\u00f6r att l\u00e4mna Kalifornien blir han tillf\u00e5ngatagen och r\u00e4ddas undan lynchningen av Minnies resoluta insats och operan slutar med att Johnson och Minnie l\u00e4mnar guldgr\u00e4varl\u00e4gret f\u00f6r att b\u00f6rja ett nytt liv tillsammans.<\/p>\n<p>Det h\u00e4r verket tillh\u00f6r egentligen inte min \u00a0favoritopera signerad av Giacomo Puccini utan jag gillar b\u00e5de\u00a0 \u201dMadame Butterfly\u201d, \u201dTurandot\u201d och inte minst \u201dTosca\u201d, mycket b\u00e4ttre och det handlar ju i grund och botten \u00a0om att \u201dFlickan fr\u00e5n V\u00e4stern\u201d helt saknar de stora ariorna, som \u00e4r s\u00e5 intimt f\u00f6rknippade med Puccini\u00b4s verk. Den enda arian som jag minns \u00e4r tenorarian \u201dCh\u00b4ella Mi creda\u201d, som Johnson sjunger i slutet av tredje akten. En aria som varar typ tv\u00e5 minuter och d\u00e4refter \u00f6verg\u00e5r direkt i ett ensemblespel.<\/p>\n<p>Flera anser att detta tillh\u00f6r hans b\u00e4sta musikdramatiska verk och det \u00e4r m\u00f6jligt att det \u00e4r s\u00e5, dock inte i min operav\u00e4rld, men efter kv\u00e4llens fantastiska operaupplevelse \u00e4r jag nog beredd att ompr\u00f6va min inst\u00e4llning.<\/p>\n<p>P\u00e5 s\u00e5ngarinsatserna kan man ocks\u00e5 konstatera att det \u00e4r ren v\u00e4rldsklass och det beh\u00f6vs ocks\u00e5 f\u00f6r att verket skall upplevas p\u00e5 b\u00e4sta s\u00e4tt, men det \u00e4r inte bara v\u00e4rldsklass p\u00e5 de tre huvudrollerna utan Operak\u00f6ren g\u00f6r en fantastisk fin insats vilket ocks\u00e5 de andra solistrollerna med r\u00e5ge lyckas med. Det speciella med denna opera \u00e4r den kraftiga dominansen av sk\u00f6nsjungande m\u00e4n och att det endast finns tv\u00e5 kvinnor p\u00e5 rollistan n\u00e4mligen Nina Stemme och Agneta Lundgren, men detta speglar ju ocks\u00e5 det verkliga livet i guldgr\u00e4varl\u00e4gret. Men vilka kvinnor och Nina Stemme var som klippt och skuren f\u00f6r denna roll.<\/p>\n<p>Bland de tv\u00e5 andra huvudrollerna, som sj\u00f6ngs av John Lundgren och Aleksandrs Antonenko vet jag \u00e4rligt talat inte vem som imponerade mest s\u00e5 d\u00e4rf\u00f6r f\u00e5r de dela p\u00e5 priset f\u00f6r b\u00e4sta manliga huvudroll, om det hade funnits ett s\u00e5dant pris.<\/p>\n<p>Bland solistinsatserna i \u00f6vrigt uppskattade jag speciellt, Niklas Bj\u00f6rling Rygert, Michael Schmidberger, Ola Eliasson, Karl Rombo, Conny Thimander, Magnus Kyhle, Anton Eriksson och John Erik Eleby och det var s\u00e4kert inget fel p\u00e5 \u00f6vriga s\u00e5ngare men fr\u00e5n min plats hade jag sv\u00e5rt att urskilja dem.<\/p>\n<p>Ut\u00f6ver dessa n\u00e4mnda insatser m\u00e5ste jag ju ocks\u00e5 s\u00e4rskilt framh\u00e5lla aftonens dirigent Pier Giorgi Morandi\u00b4s insatser tillsammans med Hovkapellet och jag tror inte att jag \u00e4r ensam om den uppfattningen.<\/p>\n<p>Ett s\u00e4rskilt hedersomn\u00e4mnande vill jag ocks\u00e5 ge till produktionsteamet med Herbert Murauers scenografi i spetsen, men ocks\u00e5 Hobi Jarne, Nils Frid\u00e9n och Emil Gotthard videofilmer. Detta inte minst p\u00e5 grund av den fantastiska entr\u00e9n som Nina Stemme gjorde. Men de olika videoavsnitten f\u00f6rst\u00e4rkte \u00e4ven i \u00f6vrigt den starka och dramatiska upplevelsen. \u00c4ven Christof Loys insats som regiss\u00f6r \u00e4r v\u00e4rd en stor eloge och det nog en av de b\u00e4sta operaregiss\u00f6rerna i v\u00e4rlden just nu.<\/p>\n<p>Avslutningsvis kan jag konstatera att detta \u00e4r en av de b\u00e4sta upps\u00e4ttningar som jag har sett p\u00e5 Kungliga Operan och den enda v\u00e4rdiga konkurrenten som jag kan komma p\u00e5 i hastigheten \u00e4r Karmelitersystrarna och jag kan p\u00e5 det allra varmaste rekommendera dig som \u00e4r det minsta intresserad av opera att omg\u00e5ende boka palts. G\u00f6r det!<\/p>\n<p>&nbsp;<\/p>\n<p><strong>Recensioner<\/strong><\/p>\n<p><a href=\"http:\/\/sverigesradio.se\/sida\/artikel.aspx?programid=478&amp;artikel=4864041\">Ella Peterson i Kulturnytt<\/a><\/p>\n<p><a href=\"http:\/\/bloggar.expressen.se\/kultur\/2011\/12\/flickan-fran-vastern\/\">Gunilla Brodrej i Expressen <\/a><\/p>\n<p><a href=\"http:\/\/www.svd.se\/kultur\/scen\/makalos-vasternopera_6717799.svd\">Bo L\u00f6fvendahl i SvD<\/a><\/p>\n<p><a href=\"http:\/\/www.dn.se\/kultur-noje\/scenrecensioner\/flickan-fran-vastern-pa-kungliga-operan\">Martin Nystr\u00f6m i DN<\/a><\/p>\n<p><a href=\"http:\/\/teatermagasinet.com\/?p=3873\">Teatermagasinet<\/a><\/p>\n<p><a href=\"http:\/\/svtplay.se\/v\/2652215\/kulturnyheterna\/musik__flickan_fran_vastern\">Kulturnyheterna<\/a><\/p>\n<p><a href=\"http:\/\/www.aftonbladet.se\/kultur\/article14104759.ab\">Loretto Linusson i Aftonbladet<\/a><\/p>\n<p><strong>Produktionsteam<\/strong><\/p>\n<p>Scenografi och kostym HERBERT MURAUER<\/p>\n<p>Ljus BERND PURKRABEK<\/p>\n<p>Videofilmer HOBI JARNE, NILS FRIDEN, EMIL GOTTHARD<\/p>\n<p>Koreografi THOMAS WILHELM<\/p>\n<p>Regi CHRISTOF LOY<\/p>\n<p><strong>Medverkande<\/strong><\/p>\n<p>Minnie:\u00a0 NINA STEMME*<\/p>\n<p>Jack Rance: JOHN LUNDGREN *<\/p>\n<p>Dick Johnson\/Ramerrez: ALEKSANDRS ANTONENKO *<\/p>\n<p>Nick, bartender: NIKLAS BJORLING RYGERT *<\/p>\n<p>Ashby, agent for Wells Fargo: MICHAEL SCHMIDBERGER<\/p>\n<p>Sonora, guldgravare: OLA ELIASSON *<\/p>\n<p>Trin, guldgr\u00e4vare: KARL ROMBO *<\/p>\n<p>Sid, guldgr\u00e4vare: GUNNAR LUNDBERG *<\/p>\n<p>Bello, guldgr\u00e4vare:\u00a0 LINUS BORJESSON *<\/p>\n<p>Harry, guldgr\u00e4vare: CONNY THIMANDER<\/p>\n<p>Joe, guldgr\u00e4vare: MAGNUS KYHLE *<\/p>\n<p>Happy, guldgr\u00e4vare: KRISTIAN FLOR *<\/p>\n<p>Larkens, guldgr\u00e4vare: IAN POWER *<\/p>\n<p>Billy Jackrabbit,\u00a0 indian: ALAR PINTSAAR *<\/p>\n<p>Wowkle, indian: AGNETA LUNDGREN *<\/p>\n<p>Jake Wallace, kringresande s\u00e5ngare: JOHN ERIK ELEBY *<\/p>\n<p>Jose Castro: ANTON ERIKSSON *<\/p>\n<p>En postiljon: JON NILSSON *<\/p>\n<p>Guldgr\u00e4vare, prisj\u00e4gare, vaker m fl<\/p>\n<p>* G\u00f6r i kv\u00e4ll sin roll f\u00f6r f\u00f6rsta g\u00e5ngen p\u00e5Kungliga Operan.<\/p>\n<p>KUNGLIGA OPERANS HERRK\u00d6R<\/p>\n<p>Korm\u00e4stare Bo Wannefors<\/p>\n<p>KUNGLIGA HOVKAPELLET<\/p>\n<p>Dirigent PIER GIORGIO MORANDI<\/p>\n<p>Konsertm\u00e4stare Tale Olsson<\/p>\n<p>H\u00e4r kan du l\u00e4sa mer om handlingen i <a href=\"http:\/\/www.mogensoperasidor.se\/flickanfranvasternkungligaoperanstockholm.htm#flickanfranvasternkungligaoperanstockholm\">Flickan fr\u00e5n V\u00e4stern p\u00e5 Mogens Operasidor<\/a><\/p>\n<p>&nbsp;<\/p>\n<p>&nbsp;<\/p>\n","protected":false},"excerpt":{"rendered":"<p>&nbsp; Flickan fr\u00e5n V\u00e4stern Opera av Giacomo Puccini. Text Guelfo Civinini \u00a0 och Carlo Zangarini efter en\u00a0 pj\u00e4s av David Belasco (The Girl of the Golden West) Premi\u00e4r p\u00e5 Kungliga Operan 17 december 2011 Tid: 3 timmar och trettio minuter \u00c5rets sista operapremi\u00e4r p\u00e5 Kungliga Operan blev Giacomo Puccinis, Flickan fr\u00e5n V\u00e4stern eller La fanciulla [&hellip;]<\/p>\n","protected":false},"author":13,"featured_media":0,"comment_status":"open","ping_status":"open","sticky":false,"template":"","format":"standard","meta":{"_genesis_hide_title":false,"_genesis_hide_breadcrumbs":false,"_genesis_hide_singular_image":false,"_genesis_hide_footer_widgets":false,"_genesis_custom_body_class":"","_genesis_custom_post_class":"","_genesis_layout":"","footnotes":""},"categories":[20],"tags":[1775,3134,4457],"class_list":{"0":"post-45921","1":"post","2":"type-post","3":"status-publish","4":"format-standard","6":"category-film","7":"tag-flickan-fran-vastern","8":"tag-kungliga-operan","9":"tag-premiar","10":"entry"},"_links":{"self":[{"href":"https:\/\/kulturbloggen.com\/index.php?rest_route=\/wp\/v2\/posts\/45921","targetHints":{"allow":["GET"]}}],"collection":[{"href":"https:\/\/kulturbloggen.com\/index.php?rest_route=\/wp\/v2\/posts"}],"about":[{"href":"https:\/\/kulturbloggen.com\/index.php?rest_route=\/wp\/v2\/types\/post"}],"author":[{"embeddable":true,"href":"https:\/\/kulturbloggen.com\/index.php?rest_route=\/wp\/v2\/users\/13"}],"replies":[{"embeddable":true,"href":"https:\/\/kulturbloggen.com\/index.php?rest_route=%2Fwp%2Fv2%2Fcomments&post=45921"}],"version-history":[{"count":19,"href":"https:\/\/kulturbloggen.com\/index.php?rest_route=\/wp\/v2\/posts\/45921\/revisions"}],"predecessor-version":[{"id":45924,"href":"https:\/\/kulturbloggen.com\/index.php?rest_route=\/wp\/v2\/posts\/45921\/revisions\/45924"}],"wp:attachment":[{"href":"https:\/\/kulturbloggen.com\/index.php?rest_route=%2Fwp%2Fv2%2Fmedia&parent=45921"}],"wp:term":[{"taxonomy":"category","embeddable":true,"href":"https:\/\/kulturbloggen.com\/index.php?rest_route=%2Fwp%2Fv2%2Fcategories&post=45921"},{"taxonomy":"post_tag","embeddable":true,"href":"https:\/\/kulturbloggen.com\/index.php?rest_route=%2Fwp%2Fv2%2Ftags&post=45921"}],"curies":[{"name":"wp","href":"https:\/\/api.w.org\/{rel}","templated":true}]}}