{"id":45886,"date":"2011-12-16T09:42:14","date_gmt":"2011-12-16T08:42:14","guid":{"rendered":"http:\/\/kulturbloggen.com\/?p=45886"},"modified":"2011-12-16T09:42:29","modified_gmt":"2011-12-16T08:42:29","slug":"lill-lindfors-och-sven-bertil-taube-aker-pa-turne-tillsammans-i-avr","status":"publish","type":"post","link":"https:\/\/kulturbloggen.com\/?p=45886","title":{"rendered":"Lill Lindfors och Sven-Bertil Taube \u00e5ker p\u00e5 turn\u00e9 tillsammans i v\u00e5r"},"content":{"rendered":"<p>Lill Lindfors och Sven-Bertil Taube p\u00e5 gemensam v\u00e5rturn\u00e9 under mars 2012.<\/p>\n<p>Ett mail ber\u00e4ttar:<br \/>\nLill Lindfors och Sven-Bertil Taube kommer att ge sig ut p\u00e5 en gemensam turn\u00e9 under mars.<br \/>\nPremi\u00e4r i J\u00f6nk\u00f6ping 2 mars och avslutning i Malm\u00f6 den 1 april. En sv\u00e4ngig och personlig f\u00f6rest\u00e4llning utlovas.<\/p>\n<p>Tillsammans skapar de en kv\u00e4ll fylld av s\u00e5nger, monologer, poesi och mycket musik<br \/>\noch gl\u00e4dje. H\u00e4r bjuder de p\u00e5 ett fyrverkeri med k\u00e4nda och mindre k\u00e4nda alster fr\u00e5n sina gedigna kataloger.<br \/>\nMikos Theodorakis, Bellman och Taube f\u00e5r samsas med Du \u00e4r den ende, Musik ska byggas utav gl\u00e4dje och en och annan samba.<br \/>\nTill sin hj\u00e4lp har de Anders Ekdahls 10 man starka orkester.<\/p>\n<p>J\u00f6nk\u00f6ping 2 mars<br \/>\nLink\u00f6ping 3 mars<br \/>\nStockholm 4 mars<br \/>\nBor\u00e5s         9 mars<br \/>\nHalmstad 27 mars<br \/>\nMalm\u00f6       1 april<br \/>\nYtterligare datum tillkommer<\/p>\n<p>L\u00e4s \u00e4ven andra bloggares \u00e5sikter om <a href=\"http:\/\/bloggar.se\/om\/Sven-Bertil+Taube\" rel=\"tag\">Sven-Bertil Taube<\/a>, <a href=\"http:\/\/bloggar.se\/om\/Lill+Lindfors\" rel=\"tag\">Lill Lindfors<\/a>, <a href=\"http:\/\/bloggar.se\/om\/turn%E9\" rel=\"tag\">turn\u00e9<\/a><\/p>\n","protected":false},"excerpt":{"rendered":"<p>Lill Lindfors och Sven-Bertil Taube p\u00e5 gemensam v\u00e5rturn\u00e9 under mars 2012. Ett mail ber\u00e4ttar: Lill Lindfors och Sven-Bertil Taube kommer att ge sig ut p\u00e5 en gemensam turn\u00e9 under mars. Premi\u00e4r i J\u00f6nk\u00f6ping 2 mars och avslutning i Malm\u00f6 den 1 april. En sv\u00e4ngig och personlig f\u00f6rest\u00e4llning utlovas. Tillsammans skapar de en kv\u00e4ll fylld av [&hellip;]<\/p>\n","protected":false},"author":13,"featured_media":45888,"comment_status":"open","ping_status":"open","sticky":false,"template":"","format":"standard","meta":{"_genesis_hide_title":false,"_genesis_hide_breadcrumbs":false,"_genesis_hide_singular_image":false,"_genesis_hide_footer_widgets":false,"_genesis_custom_body_class":"","_genesis_custom_post_class":"","_genesis_layout":"","footnotes":""},"categories":[7],"tags":[3286,5516,6004],"class_list":{"0":"post-45886","1":"post","2":"type-post","3":"status-publish","4":"format-standard","5":"has-post-thumbnail","7":"category-musik","8":"tag-lill-lindfors","9":"tag-sven-bertil-taube","10":"tag-turne","11":"entry"},"_links":{"self":[{"href":"https:\/\/kulturbloggen.com\/index.php?rest_route=\/wp\/v2\/posts\/45886","targetHints":{"allow":["GET"]}}],"collection":[{"href":"https:\/\/kulturbloggen.com\/index.php?rest_route=\/wp\/v2\/posts"}],"about":[{"href":"https:\/\/kulturbloggen.com\/index.php?rest_route=\/wp\/v2\/types\/post"}],"author":[{"embeddable":true,"href":"https:\/\/kulturbloggen.com\/index.php?rest_route=\/wp\/v2\/users\/13"}],"replies":[{"embeddable":true,"href":"https:\/\/kulturbloggen.com\/index.php?rest_route=%2Fwp%2Fv2%2Fcomments&post=45886"}],"version-history":[{"count":3,"href":"https:\/\/kulturbloggen.com\/index.php?rest_route=\/wp\/v2\/posts\/45886\/revisions"}],"predecessor-version":[{"id":45890,"href":"https:\/\/kulturbloggen.com\/index.php?rest_route=\/wp\/v2\/posts\/45886\/revisions\/45890"}],"wp:featuredmedia":[{"embeddable":true,"href":"https:\/\/kulturbloggen.com\/index.php?rest_route=\/wp\/v2\/media\/45888"}],"wp:attachment":[{"href":"https:\/\/kulturbloggen.com\/index.php?rest_route=%2Fwp%2Fv2%2Fmedia&parent=45886"}],"wp:term":[{"taxonomy":"category","embeddable":true,"href":"https:\/\/kulturbloggen.com\/index.php?rest_route=%2Fwp%2Fv2%2Fcategories&post=45886"},{"taxonomy":"post_tag","embeddable":true,"href":"https:\/\/kulturbloggen.com\/index.php?rest_route=%2Fwp%2Fv2%2Ftags&post=45886"}],"curies":[{"name":"wp","href":"https:\/\/api.w.org\/{rel}","templated":true}]}}