{"id":45743,"date":"2011-12-13T18:14:50","date_gmt":"2011-12-13T17:14:50","guid":{"rendered":"http:\/\/kulturbloggen.com\/?p=45743"},"modified":"2011-12-13T18:14:50","modified_gmt":"2011-12-13T17:14:50","slug":"the-clash-biografin-dar-bandmedlemmarna-sjalva-skriver-viktig-att-lasa-for-manga-mer-an-punkare","status":"publish","type":"post","link":"https:\/\/kulturbloggen.com\/?p=45743","title":{"rendered":"The Clash &#8211; biografin d\u00e4r bandmedlemmarna sj\u00e4lva skriver &#8211; viktig att l\u00e4sa f\u00f6r m\u00e5nga mer \u00e4n punkare"},"content":{"rendered":"<p><a href=\"http:\/\/www.adlibris.com\/se\/product.aspx?isbn=9186629506\">The Clash: Strummer, Jones, Simonon, Headon<\/a><br \/>\nF\u00f6rfattare: Joe Strummer<br \/>\nF\u00f6rfattare: Mick Jones<br \/>\nF\u00f6rfattare: Paul Simonon<br \/>\nF\u00f6rfattare: Topper Headon<br \/>\n\u00d6vers\u00e4ttare: Jens Ahlberg<br \/>\nRedakt\u00f6r: Pieetro Maglio<br \/>\nRedakt\u00f6r: Henrik Petersen<br \/>\nRedakt\u00f6r: Lars Sundh<br \/>\nFormgivare: Lars Sundh<br \/>\nF\u00f6rlag: Modernista<\/p>\n<p>&#8221;<a href=\"http:\/\/www.bokus.com\/bok\/9789186629502\/the-clash-strummer-jones-simonon-headon\/\">The Clash: Strummer, Jones, Simonon, Headon<\/a>&#8221; \u00e4r den f\u00f6rsta officiella The Clash-biografin.<br \/>\nOfficiell l\u00e5ter tungt, ja det l\u00e5ter tillr\u00e4ttalagt och inte s\u00e5 sp\u00e4nnande. I det h\u00e4r fallet \u00e4r det tv\u00e4rtom. Vi f\u00e5r f\u00f6lja bandets historia under de sju \u00e5r de h\u00e4rjade som mest, 1976-1983, skildrat utifr\u00e5n de fyra medlemmarnas \u00f6gon. Joe Strummer, Mick Jones, Paul Simonon och Topper Headon ber\u00e4ttar sj\u00e4lva under varje avsnitt, p\u00e5 ett levande s\u00e4tt som k\u00e4nns naturligt, \u00e4rligt, \u00e4kta.<\/p>\n<p>De var punkare, rebelliska punkare, som ville skildra samh\u00e4llet. Det \u00e4r dock inte bara en historia om bandet The Clash utan lika mycket ett dokument \u00f6ver samh\u00e4llet. Som Mick ber\u00e4ttar:<\/p>\n<blockquote><p>Jag vet inte om vi f\u00f6rstod att punken var ett utlopp f\u00f6r v\u00e5r ilska. Det var mycket som beh\u00f6vde s\u00e4gas och som inte hade sagts p\u00e5 det s\u00e4ttet f\u00f6rut. Vi plockade helt enkelt grejer ur tidningarna som vi sj\u00f6ng om. Till och med namnet kommer fr\u00e5n en tidning. Paul kom p\u00e5 The Clash f\u00f6r att det stor i tidningarna hela tiden. Det speglade hur vi k\u00e4nde och l\u00e4t.<\/p><\/blockquote>\n<p>De skrev om bostadsf\u00f6rh\u00e5llandena, bristen p\u00e5 utbildning, en utsiktsl\u00f6s framtid av \u00e4ndl\u00f6st arbetande.<\/p>\n<p>Paul ber\u00e4ttar till exempel om A Night of Treason-spelningen:<\/p>\n<blockquote><p>Alldeles innan A Night of Treason-spelningen gick vi ut f\u00f6r att s\u00e4tta upp posters f\u00f6r den. Jag fick inga socialpengar just d\u00e5 och var f\u00f6rbannat hungrig. Vi kom tillbaka till Rehearsals Rehearsals d\u00e4r jag bodde, och Joe kanske sov d\u00e4r den natten ocks\u00e5, hur som helst var jag s\u00e5 hungrig att jag tog en enorm skopa deg som gjorts p\u00e5 mj\u00f6l och vatten i en hink, formade en kaka av den, lade den p\u00e5 \u00e4nden av Bernies s\u00e5g som l\u00e5g och skr\u00e4pade i rummet, och h\u00f6ll den \u00f6ver elden. Jag bakade och \u00e5t den. Ingen annan ville ha, men jag brydde mig inte, jag var hungrig.<\/p><\/blockquote>\n<p>The Clash betydde oerh\u00f6rt mycket f\u00f6r punken och speciellt den delen av punken som var samh\u00e4llsmedveten.<\/p>\n<p>Biografin \u00e4r d\u00e4rf\u00f6r intressant att l\u00e4sa ocks\u00e5 f\u00f6r oss som inte var punkare under 1970- och 1980-talet. Den ber\u00e4ttar om ett samh\u00e4lle som fanns d\u00e5 &#8211; och en reaktion p\u00e5 det. En reaktion som jag skulle vilja se mer av idag, n\u00e4r klyftorna inte p\u00e5 n\u00e5got s\u00e4tt minskat och det fortfarande \u00e4r stora problem med bost\u00e4der, usla l\u00f6ner och m\u00e5nga som g\u00e5r ur skolor utan godk\u00e4nda betyg.<\/p>\n<p>En \u00e5terf\u00f6rening av The Clash kan dock inte ske. Joe Strummer dog 22 december 2002, men \u00e5 andra sidan \u00e4r de alla drygt 55 \u00e5r och skulle knappast utstr\u00e5la den ungdomliga ilskan l\u00e4ngre.<\/p>\n<p><iframe loading=\"lazy\" width=\"420\" height=\"315\" src=\"http:\/\/www.youtube.com\/embed\/V1Gn0e7kvTA\" frameborder=\"0\" allowfullscreen><\/iframe><\/p>\n<p><iframe loading=\"lazy\" width=\"420\" height=\"315\" src=\"http:\/\/www.youtube.com\/embed\/dbD5v2xijqw\" frameborder=\"0\" allowfullscreen><\/iframe><\/p>\n<p><iframe loading=\"lazy\" width=\"420\" height=\"315\" src=\"http:\/\/www.youtube.com\/embed\/I9eLeZS9OeY\" frameborder=\"0\" allowfullscreen><\/iframe><\/p>\n<p>L\u00e4s \u00e4ven andra bloggares \u00e5sikter om <a href=\"http:\/\/bloggar.se\/om\/punk\" rel=\"tag\">punk<\/a>, <a href=\"http:\/\/bloggar.se\/om\/The+Clash\" rel=\"tag\">The Clash<\/a>, <a href=\"http:\/\/bloggar.se\/om\/boktips\" rel=\"tag\">boktips<\/a>, <a href=\"http:\/\/bloggar.se\/om\/biografi\" rel=\"tag\">biografi<\/a><\/p>\n","protected":false},"excerpt":{"rendered":"<p>The Clash: Strummer, Jones, Simonon, Headon F\u00f6rfattare: Joe Strummer F\u00f6rfattare: Mick Jones F\u00f6rfattare: Paul Simonon F\u00f6rfattare: Topper Headon \u00d6vers\u00e4ttare: Jens Ahlberg Redakt\u00f6r: Pieetro Maglio Redakt\u00f6r: Henrik Petersen Redakt\u00f6r: Lars Sundh Formgivare: Lars Sundh F\u00f6rlag: Modernista &#8221;The Clash: Strummer, Jones, Simonon, Headon&#8221; \u00e4r den f\u00f6rsta officiella The Clash-biografin. Officiell l\u00e5ter tungt, ja det l\u00e5ter tillr\u00e4ttalagt och [&hellip;]<\/p>\n","protected":false},"author":2,"featured_media":45745,"comment_status":"open","ping_status":"open","sticky":false,"template":"","format":"standard","meta":{"_genesis_hide_title":false,"_genesis_hide_breadcrumbs":false,"_genesis_hide_singular_image":false,"_genesis_hide_footer_widgets":false,"_genesis_custom_body_class":"","_genesis_custom_post_class":"","_genesis_layout":"","footnotes":""},"categories":[43,3,16],"tags":[667,791,4564,6790],"class_list":{"0":"post-45743","1":"post","2":"type-post","3":"status-publish","4":"format-standard","5":"has-post-thumbnail","7":"category-bokrecension","8":"category-litteratur","9":"category-recension","10":"tag-biografi","11":"tag-boktips","12":"tag-punk","13":"tag-the-clash","14":"entry"},"_links":{"self":[{"href":"https:\/\/kulturbloggen.com\/index.php?rest_route=\/wp\/v2\/posts\/45743","targetHints":{"allow":["GET"]}}],"collection":[{"href":"https:\/\/kulturbloggen.com\/index.php?rest_route=\/wp\/v2\/posts"}],"about":[{"href":"https:\/\/kulturbloggen.com\/index.php?rest_route=\/wp\/v2\/types\/post"}],"author":[{"embeddable":true,"href":"https:\/\/kulturbloggen.com\/index.php?rest_route=\/wp\/v2\/users\/2"}],"replies":[{"embeddable":true,"href":"https:\/\/kulturbloggen.com\/index.php?rest_route=%2Fwp%2Fv2%2Fcomments&post=45743"}],"version-history":[{"count":3,"href":"https:\/\/kulturbloggen.com\/index.php?rest_route=\/wp\/v2\/posts\/45743\/revisions"}],"predecessor-version":[{"id":45747,"href":"https:\/\/kulturbloggen.com\/index.php?rest_route=\/wp\/v2\/posts\/45743\/revisions\/45747"}],"wp:featuredmedia":[{"embeddable":true,"href":"https:\/\/kulturbloggen.com\/index.php?rest_route=\/wp\/v2\/media\/45745"}],"wp:attachment":[{"href":"https:\/\/kulturbloggen.com\/index.php?rest_route=%2Fwp%2Fv2%2Fmedia&parent=45743"}],"wp:term":[{"taxonomy":"category","embeddable":true,"href":"https:\/\/kulturbloggen.com\/index.php?rest_route=%2Fwp%2Fv2%2Fcategories&post=45743"},{"taxonomy":"post_tag","embeddable":true,"href":"https:\/\/kulturbloggen.com\/index.php?rest_route=%2Fwp%2Fv2%2Ftags&post=45743"}],"curies":[{"name":"wp","href":"https:\/\/api.w.org\/{rel}","templated":true}]}}