{"id":45607,"date":"2011-12-11T22:22:57","date_gmt":"2011-12-11T21:22:57","guid":{"rendered":"http:\/\/kulturbloggen.com\/?p=45607"},"modified":"2011-12-12T07:45:18","modified_gmt":"2011-12-12T06:45:18","slug":"tekniktalibaner-och-kaffenordar","status":"publish","type":"post","link":"https:\/\/kulturbloggen.com\/?p=45607","title":{"rendered":"Tekniktalibaner och kaffen\u00f6rdar"},"content":{"rendered":"<p><a href=\"http:\/\/kulturbloggen.com\/wp-content\/uploads\/2011\/12\/karusell.jpg\"><img loading=\"lazy\" decoding=\"async\" class=\"alignnone size-medium wp-image-45633\" title=\"karusell\" src=\"http:\/\/kulturbloggen.com\/wp-content\/uploads\/2011\/12\/karusell-199x300.jpg\" alt=\"\" width=\"199\" height=\"300\" srcset=\"https:\/\/kulturbloggen.com\/wp-content\/uploads\/2011\/12\/karusell-199x300.jpg 199w, https:\/\/kulturbloggen.com\/wp-content\/uploads\/2011\/12\/karusell-149x225.jpg 149w, https:\/\/kulturbloggen.com\/wp-content\/uploads\/2011\/12\/karusell-99x150.jpg 99w, https:\/\/kulturbloggen.com\/wp-content\/uploads\/2011\/12\/karusell-153x230.jpg 153w, https:\/\/kulturbloggen.com\/wp-content\/uploads\/2011\/12\/karusell-43x65.jpg 43w, https:\/\/kulturbloggen.com\/wp-content\/uploads\/2011\/12\/karusell-53x80.jpg 53w, https:\/\/kulturbloggen.com\/wp-content\/uploads\/2011\/12\/karusell.jpg 426w\" sizes=\"auto, (max-width: 199px) 100vw, 199px\" \/><\/a><\/p>\n<p>Mats Glaad \u00e4r prylexpert p\u00e5 Computer Sweden och skriver en t\u00e4nkv\u00e4rd (och rolig) <a href=\"http:\/\/www.idg.se\/2.1085\/1.420827\/att-jag-gillar-apple-gor-mig-varken-till-taliban-kommunist-fascist-eller-idiot?utm_source=feedburner&amp;utm_medium=feed&amp;utm_campaign=Feed%3A+idg%2Fvzzs+%28IDG.se%3A+Hetaste+IT-nyheterna+fr%C3%A5n+IDG.se%29&amp;utm_content=Google+Reader\">betraktelse om teknikkrig och vad som \u00e4r ok att gilla och inte gilla<\/a>.<\/p>\n<p>Visst finns det \u00e5sikter men eftersom de tar sig utg\u00e5ngspunkt fr\u00e5n olika behov, tycke och smak blir diskussionerna ofta f\u00f6rvirrade och hetsiga.<\/p>\n<p>Mats Glaad skriver: &#8221;IT-prylar piskar upp hatst\u00e4mmning som f\u00e5 andra f\u00f6reteelser.&#8221;<\/p>\n<p>S\u00e5 sant och just nu verkar det g\u00e4lla Apples produkter och jag hakar p\u00e5 eftersom jag alltid tyckt det ha varit intressant att f\u00f6lja Apples utveckling. Det finns mycket att s\u00e4ga, helt enkelt.<\/p>\n<p>\u00c5 ena sidan har vi ideologiska diskussioner om \u00f6ppenhet och aff\u00e4rsmetoder. \u00c5 andra sidan finns det tekniska diskussioner om vad som\u00a0\u00a0fungerar b\u00e4st f\u00f6r olika uppgifter.<\/p>\n<p>F\u00f6r l\u00e4nge sedan var det IBM som var boven, sedan blev det Microsoft och nu \u00e4r det Apple\u00a0(enligt Mats Glaad).<\/p>\n<p>Men om jag s\u00e4ger att jag \u00e4r skeptisk till Apple som f\u00f6retag, m\u00e5ste jag dissa deras produkter d\u00e5? Inte alls, jag tror att jag kan s\u00e4ga att OS X \u00e4r det mest avancerade operativsystemet som n\u00e5gonsin gjorts f\u00f6r en persondator. Mycket lite kan g\u00e5\u00a0fel och f\u00e5r en hel del f\u00f6r pengarna om du k\u00f6per Mac.<\/p>\n<p>PC har andra f\u00f6rdelar men kr\u00e4ver mer av anv\u00e4ndaren p\u00e5 grund av att det \u00e4r s\u00e5 mycket som skall lira och inget \u00e4r egentligen sj\u00e4lvklart. Det \u00e4r min erfarenhet som PC-anv\u00e4ndare.<\/p>\n<p>Att kalla n\u00e5gon taliban f\u00f6r att de anv\u00e4nder eller f\u00f6respr\u00e5kar den ena eller andra plattformen \u00e4r nonsens.<\/p>\n<p>\u00c4r\u00a0Mats Zo\u00e9gastaliban\u00a0som gillar Zo\u00e9gas Sk\u00e5nerost. Sj\u00e4lvklart inte eftersom jag dricker ju sj\u00e4lv helst\u00a0Zo\u00e9gas. Jag betraktar mig som kaffen\u00f6rd. MEN bara revisionister dricker Sk\u00e5nerost, Mollbergs blandning skall det vara!<\/p>\n<p>Sk\u00e4mt \u00e5sido, visst kan vi \u00e4lska prylar och kaffe men de kan inte \u00e4lska oss tillbaka. Det kan bara m\u00e4nniskor och m\u00f6jligtvis sm\u00e5 katter g\u00f6ra. Vi g\u00e5r mot jul och \u00e5ret g\u00e5r mot sitt slut. Jag hoppas p\u00e5 ett \u00e5r av \u00f6ppenhet och teknisk utveckling som gynnar anv\u00e4ndarna, samh\u00e4llet och demokratin. Det \u00e4r d\u00e4rf\u00f6r\u00a0jag skriver om teknik och internet\u00a0p\u00e5 Kulturbloggen, inte f\u00f6r att\u00a0jag tillh\u00f6r det ena eller andra tekniska l\u00e4gret. M\u00e5let \u00e4r inget mindre \u00e4n att f\u00f6r\u00e4ndra v\u00e4rlden.<\/p>\n<p>PS Taliban betyder student, visste ni det?<\/p>\n<p><a href=\"http:\/\/intressant.se\/intressant\">Intressant?<\/a> L\u00e4s \u00e4ven andra bloggares \u00e5sikter om <a href=\"http:\/\/bloggar.se\/om\/Zo%E9gas\" rel=\"tag\">Zo\u00e9gas<\/a>, <a href=\"http:\/\/bloggar.se\/om\/Teknik\" rel=\"tag\">Teknik<\/a>, <a href=\"http:\/\/bloggar.se\/om\/Mac\" rel=\"tag\">Mac<\/a>, <a href=\"http:\/\/bloggar.se\/om\/PC\" rel=\"tag\">PC<\/a>, <a href=\"http:\/\/bloggar.se\/om\/utveckling\" rel=\"tag\">utveckling<\/a><\/p>\n<p>&nbsp;<\/p>\n","protected":false},"excerpt":{"rendered":"<p>Mats Glaad \u00e4r prylexpert p\u00e5 Computer Sweden och skriver en t\u00e4nkv\u00e4rd (och rolig) betraktelse om teknikkrig och vad som \u00e4r ok att gilla och inte gilla. Visst finns det \u00e5sikter men eftersom de tar sig utg\u00e5ngspunkt fr\u00e5n olika behov, tycke och smak blir diskussionerna ofta f\u00f6rvirrade och hetsiga. Mats Glaad skriver: &#8221;IT-prylar piskar upp hatst\u00e4mmning [&hellip;]<\/p>\n","protected":false},"author":13,"featured_media":45633,"comment_status":"open","ping_status":"open","sticky":false,"template":"","format":"standard","meta":{"_genesis_hide_title":false,"_genesis_hide_breadcrumbs":false,"_genesis_hide_singular_image":false,"_genesis_hide_footer_widgets":false,"_genesis_custom_body_class":"","_genesis_custom_post_class":"","_genesis_layout":"","footnotes":""},"categories":[20],"tags":[3427,6768,5669,6769,6767],"class_list":["post-45607","post","type-post","status-publish","format-standard","has-post-thumbnail","category-film","tag-mac","tag-pc","tag-teknik","tag-utveckling","tag-zoegas","entry"],"_links":{"self":[{"href":"https:\/\/kulturbloggen.com\/index.php?rest_route=\/wp\/v2\/posts\/45607","targetHints":{"allow":["GET"]}}],"collection":[{"href":"https:\/\/kulturbloggen.com\/index.php?rest_route=\/wp\/v2\/posts"}],"about":[{"href":"https:\/\/kulturbloggen.com\/index.php?rest_route=\/wp\/v2\/types\/post"}],"author":[{"embeddable":true,"href":"https:\/\/kulturbloggen.com\/index.php?rest_route=\/wp\/v2\/users\/13"}],"replies":[{"embeddable":true,"href":"https:\/\/kulturbloggen.com\/index.php?rest_route=%2Fwp%2Fv2%2Fcomments&post=45607"}],"version-history":[{"count":4,"href":"https:\/\/kulturbloggen.com\/index.php?rest_route=\/wp\/v2\/posts\/45607\/revisions"}],"predecessor-version":[{"id":45635,"href":"https:\/\/kulturbloggen.com\/index.php?rest_route=\/wp\/v2\/posts\/45607\/revisions\/45635"}],"wp:featuredmedia":[{"embeddable":true,"href":"https:\/\/kulturbloggen.com\/index.php?rest_route=\/wp\/v2\/media\/45633"}],"wp:attachment":[{"href":"https:\/\/kulturbloggen.com\/index.php?rest_route=%2Fwp%2Fv2%2Fmedia&parent=45607"}],"wp:term":[{"taxonomy":"category","embeddable":true,"href":"https:\/\/kulturbloggen.com\/index.php?rest_route=%2Fwp%2Fv2%2Fcategories&post=45607"},{"taxonomy":"post_tag","embeddable":true,"href":"https:\/\/kulturbloggen.com\/index.php?rest_route=%2Fwp%2Fv2%2Ftags&post=45607"}],"curies":[{"name":"wp","href":"https:\/\/api.w.org\/{rel}","templated":true}]}}