{"id":45083,"date":"2011-12-02T12:57:48","date_gmt":"2011-12-02T11:57:48","guid":{"rendered":"http:\/\/kulturbloggen.com\/?p=45083"},"modified":"2011-12-02T12:57:48","modified_gmt":"2011-12-02T11:57:48","slug":"malena-ernman-pa-dalhalla-sommaren-2012","status":"publish","type":"post","link":"https:\/\/kulturbloggen.com\/?p=45083","title":{"rendered":"Malena Ernman p\u00e5 Dalhalla, sommaren 2012"},"content":{"rendered":"<blockquote><p>F\u00f6r fj\u00e4rde \u00e5ret i rad upptr\u00e4der Malena Ernman n\u00e4sta sommar. Intresset f\u00f6r Malenas traditionella sommarkonsert har v\u00e4xt \u00e5r f\u00f6r \u00e5r och i somras gjorde hon tv\u00e5 i det n\u00e4rmaste uts\u00e5lda och hyllade konserter. Sommarens konsert blir l\u00f6rdagen den 7 juli och \u00e5rets g\u00e4startister \u00e4r Christopher Maltman, baryton, Anna Larsson, alt och Mats Bergstr\u00f6m p\u00e5 gitarr som upptr\u00e4der tillsammans med DalaSinfoniettan under ledning av Gustaf Sj\u00f6kvist.<\/p>\n<p><em>I \u00e5r ville jag g\u00f6ra n\u00e5gonting nytt p\u00e5 Dalhalla! Jag har l\u00e4nge saknat en stor internationell operakonsert i Sverige. En festkonsert som kan m\u00e4ta sig med de stora klassiska sommarkonserterna runtom p\u00e5 kontinenten. Med tanke p\u00e5 att Dalhallas program best\u00e4ms med sju-\u00e5tta m\u00e5nader framf\u00f6rh\u00e5llning och de s\u00e5 kallade v\u00e4rldss\u00e5ngarna ofta \u00e4r uppbokade fem till sex \u00e5r i f\u00f6rv\u00e4g \u00e4r det inte helt l\u00e4tt att planera s\u00e5dana h\u00e4r konserter\u2026 Det kr\u00e4ver lite arbete! Men i \u00e5r har jag det stora n\u00f6jet att presentera Christopher Maltman och Anna Larsson.<br \/>\n<\/em><\/p><\/blockquote>\n","protected":false},"excerpt":{"rendered":"<p>F\u00f6r fj\u00e4rde \u00e5ret i rad upptr\u00e4der Malena Ernman n\u00e4sta sommar. Intresset f\u00f6r Malenas traditionella sommarkonsert har v\u00e4xt \u00e5r f\u00f6r \u00e5r och i somras gjorde hon tv\u00e5 i det n\u00e4rmaste uts\u00e5lda och hyllade konserter. Sommarens konsert blir l\u00f6rdagen den 7 juli och \u00e5rets g\u00e4startister \u00e4r Christopher Maltman, baryton, Anna Larsson, alt och Mats Bergstr\u00f6m p\u00e5 gitarr [&hellip;]<\/p>\n","protected":false},"author":13,"featured_media":0,"comment_status":"open","ping_status":"open","sticky":false,"template":"","format":"standard","meta":{"_genesis_hide_title":false,"_genesis_hide_breadcrumbs":false,"_genesis_hide_singular_image":false,"_genesis_hide_footer_widgets":false,"_genesis_custom_body_class":"","_genesis_custom_post_class":"","_genesis_layout":"","footnotes":""},"categories":[20],"tags":[99,6692],"class_list":{"0":"post-45083","1":"post","2":"type-post","3":"status-publish","4":"format-standard","6":"category-film","7":"tag-99","8":"tag-malena-ernman-med-gaster-pa-dalhalla","9":"entry"},"_links":{"self":[{"href":"https:\/\/kulturbloggen.com\/index.php?rest_route=\/wp\/v2\/posts\/45083","targetHints":{"allow":["GET"]}}],"collection":[{"href":"https:\/\/kulturbloggen.com\/index.php?rest_route=\/wp\/v2\/posts"}],"about":[{"href":"https:\/\/kulturbloggen.com\/index.php?rest_route=\/wp\/v2\/types\/post"}],"author":[{"embeddable":true,"href":"https:\/\/kulturbloggen.com\/index.php?rest_route=\/wp\/v2\/users\/13"}],"replies":[{"embeddable":true,"href":"https:\/\/kulturbloggen.com\/index.php?rest_route=%2Fwp%2Fv2%2Fcomments&post=45083"}],"version-history":[{"count":1,"href":"https:\/\/kulturbloggen.com\/index.php?rest_route=\/wp\/v2\/posts\/45083\/revisions"}],"predecessor-version":[{"id":45085,"href":"https:\/\/kulturbloggen.com\/index.php?rest_route=\/wp\/v2\/posts\/45083\/revisions\/45085"}],"wp:attachment":[{"href":"https:\/\/kulturbloggen.com\/index.php?rest_route=%2Fwp%2Fv2%2Fmedia&parent=45083"}],"wp:term":[{"taxonomy":"category","embeddable":true,"href":"https:\/\/kulturbloggen.com\/index.php?rest_route=%2Fwp%2Fv2%2Fcategories&post=45083"},{"taxonomy":"post_tag","embeddable":true,"href":"https:\/\/kulturbloggen.com\/index.php?rest_route=%2Fwp%2Fv2%2Ftags&post=45083"}],"curies":[{"name":"wp","href":"https:\/\/api.w.org\/{rel}","templated":true}]}}