{"id":4474,"date":"2008-11-16T14:03:51","date_gmt":"2008-11-16T13:03:51","guid":{"rendered":"http:\/\/kulturbloggen.com\/?p=4474"},"modified":"2008-11-16T14:03:51","modified_gmt":"2008-11-16T13:03:51","slug":"franz-ferdinand-ma-vara-bra-men-varfor-blir-managers-omkring-sa-otrevliga","status":"publish","type":"post","link":"https:\/\/kulturbloggen.com\/?p=4474","title":{"rendered":"Franz Ferdinand m\u00e5 vara bra, men varf\u00f6r blir managers omkring s\u00e5 otrevliga?"},"content":{"rendered":"<p><img loading=\"lazy\" decoding=\"async\" src=\"http:\/\/sodergren.com\/kulturbloggen\/wp-content\/uploads\/2008\/11\/franzferdinand260.jpg\" alt=\"\" title=\"franzferdinand260\" width=\"260\" height=\"150\" class=\"alignright size-full wp-image-4475\" \/>Kanske \u00e4r Franz Ferdinand stora. Deras konsert p\u00e5 Debaser Medis s\u00e5lde slut m\u00e5nader f\u00f6re. Men varf\u00f6r m\u00e5ste managers och folk kring hajpade band bli s\u00e5 st\u00f6ddiga och otrevliga?<\/p>\n<p>Kulturbloggen skulle intervjua f\u00f6rbandet, Park Hotell. Men det var s\u00e5dan uppst\u00e5ndelse kring Franz Ferdinand att vi inte ens fick komma in i f\u00f6rrummet utanf\u00f6r Medis medan vi v\u00e4ntade p\u00e5 intervjun. Vi skulle intervjua f\u00f6rbandet efter att de haft soundcheck. Eftersom Franz Ferdinand startade sin soundcheck mer \u00e4n en timme senare \u00e4r schemat och drog ut p\u00e5 tiden blev det m\u00e5nga timmar vi fick sitta och v\u00e4nta i en kall trappa utanf\u00f6r. Vi fick inte p\u00e5 n\u00e5gra villkor komma in i ens f\u00f6rrummet utanf\u00f6r rummet med scenen.<\/p>\n<p>Det viskades bland vakterna om att Franz Ferdinand sl\u00e4pper en nu skiva snart, s\u00e5 folket omkring dem \u00e4r s\u00e5 extremt f\u00f6rsiktiga. Inte vet jag om det \u00e4r anledningen, men det \u00e4r ju inte direkt ovanligt att stora band \u00e4r trevliga men folket omkring dem extremt otrevliga och jobbiga att ha med att g\u00f6ra.<\/p>\n<p>S\u00e5vida man d\u00e5 inte kommer fr\u00e5n de allra st\u00f6rsta tidningarna.<\/p>\n<p>Jag har under mina \u00e5r som journalist skrivit f\u00f6r b\u00e5da stora och sm\u00e5 tidningar och tr\u00e4ffat artister under olika f\u00f6ruts\u00e4ttningar. Men jag tycker det \u00e4r r\u00e4tt s\u00e4llan artisterna uppf\u00f6r sig annorlunda beroende p\u00e5 vem jag varit utst\u00e4nd fr\u00e5n. D\u00e4remot folket omkring.<\/p>\n<p>Jo, det \u00e4r klart att de m\u00e5ste prioritera. Tiden r\u00e4cker inte till f\u00f6r allt. Men att jaga intervjuer med k\u00e4nda artister \u00e4r snudd p\u00e5 f\u00f6rnedrande uppdrag med tanke p\u00e5 hur manager omkring dem behandlar oss som fr\u00e5gar efter intervjuer. Men n\u00e4r det g\u00e4ller Franz Ferdinand p\u00e5 spelningen p\u00e5 Debaser var det v\u00e4rre \u00e4n det borde vara.<\/p>\n<p>Att vi som skulle intervjua f\u00f6rbandet inte ens fick komma in i rummet utanf\u00f6r utan vi fick sitta i en kall och dragig trappa i tre timmar, det tycker jag var bottennapp. Det var dessutom i en otrevlig ton de bem\u00f6tte oss. N\u00e4r allt vi ville var att f\u00e5 sitta i ett litet h\u00f6rn och v\u00e4nta p\u00e5 intervjun. De hyrde hela lokalen och kunde mycket v\u00e4l, om det haft god vilja, l\u00e5tit f\u00f6rbandet f\u00e5 ha ett litet rum f\u00f6r att bli intervjuade i. Om det funnits lite god vilja hos &#8221;det stora bandets&#8221; managers.<\/p>\n<p><a href=\"http:\/\/www.aftonbladet.se\/nojesbladet\/musik\/live\/article3782225.ab\">Aftonbladet gav i alla fall konserten r\u00e4tt bra betyg.<\/a><\/p>\n<p><a href=\"http:\/\/kulturbloggen.com\/?p=4459\">H\u00e4r \u00e4r intervjun med f\u00f6rbandet, Park Hotell.<\/a><\/p>\n<p><a href=\"http:\/\/kulturbloggen.com\/?p=1472\"><br \/>\nH\u00e4r \u00e4r texten Kulturbloggen skrev om Franz Ferdinand f\u00f6re konserten.<\/a><\/p>\n<p><a href=\"http:\/\/www.rockfoto.nu\/artists\/Franz%20Ferdinand\">H\u00e4r kan du se bilder hos RockFoto fr\u00e5n konserten.<\/a><\/p>\n<p>Franz Ferdinand &#8211; Michael<\/p>\n<p><object width=\"425\" height=\"344\"><param name=\"movie\" value=\"http:\/\/www.youtube.com\/v\/rDmbjHZdd5k&#038;hl=sv&#038;fs=1\"><\/param><param name=\"allowFullScreen\" value=\"true\"><\/param><param name=\"allowscriptaccess\" value=\"always\"><\/param><embed src=\"http:\/\/www.youtube.com\/v\/rDmbjHZdd5k&#038;hl=sv&#038;fs=1\" type=\"application\/x-shockwave-flash\" allowscriptaccess=\"always\" allowfullscreen=\"true\" width=\"425\" height=\"344\"><\/embed><\/object><\/p>\n<p><img loading=\"lazy\" decoding=\"async\" src=\"http:\/\/sodergren.com\/kulturbloggen\/wp-content\/uploads\/2008\/11\/franzferdinand125.jpg\" alt=\"\" title=\"franzferdinand125\" width=\"125\" height=\"250\" class=\"alignright size-full wp-image-4477\" \/><\/p>\n<p>Andra bloggar om: <a href=\"http:\/\/bloggar.se\/om\/Debaser\" rel=\"tag\">Debaser<\/a>, <a href=\"http:\/\/bloggar.se\/om\/konserter\" rel=\"tag\">konserter<\/a>, <a href=\"http:\/\/bloggar.se\/om\/Stockholm\" rel=\"tag\">Stockholm<\/a>, <a href=\"http:\/\/bloggar.se\/om\/musikvideo\" rel=\"tag\">musikvideo<\/a>, <a href=\"http:\/\/bloggar.se\/om\/Franz+Ferdinand\" rel=\"tag\">Franz Ferdinand<\/a>, <a href=\"http:\/\/bloggar.se\/om\/Park+Hotell\" rel=\"tag\">Park Hotell<\/a><\/p>\n","protected":false},"excerpt":{"rendered":"<p>Kanske \u00e4r Franz Ferdinand stora. Deras konsert p\u00e5 Debaser Medis s\u00e5lde slut m\u00e5nader f\u00f6re. Men varf\u00f6r m\u00e5ste managers och folk kring hajpade band bli s\u00e5 st\u00f6ddiga och otrevliga? Kulturbloggen skulle intervjua f\u00f6rbandet, Park Hotell. Men det var s\u00e5dan uppst\u00e5ndelse kring Franz Ferdinand att vi inte ens fick komma in i f\u00f6rrummet utanf\u00f6r Medis medan vi [&hellip;]<\/p>\n","protected":false},"author":2,"featured_media":0,"comment_status":"open","ping_status":"open","sticky":false,"template":"","format":"standard","meta":{"_genesis_hide_title":false,"_genesis_hide_breadcrumbs":false,"_genesis_hide_singular_image":false,"_genesis_hide_footer_widgets":false,"_genesis_custom_body_class":"","_genesis_custom_post_class":"","_genesis_layout":"","footnotes":""},"categories":[20],"tags":[1187,3004,3868,5400],"class_list":{"0":"post-4474","1":"post","2":"type-post","3":"status-publish","4":"format-standard","6":"category-film","7":"tag-debaser","8":"tag-konserter","9":"tag-musikvideo","10":"tag-stockholm","11":"entry"},"_links":{"self":[{"href":"https:\/\/kulturbloggen.com\/index.php?rest_route=\/wp\/v2\/posts\/4474","targetHints":{"allow":["GET"]}}],"collection":[{"href":"https:\/\/kulturbloggen.com\/index.php?rest_route=\/wp\/v2\/posts"}],"about":[{"href":"https:\/\/kulturbloggen.com\/index.php?rest_route=\/wp\/v2\/types\/post"}],"author":[{"embeddable":true,"href":"https:\/\/kulturbloggen.com\/index.php?rest_route=\/wp\/v2\/users\/2"}],"replies":[{"embeddable":true,"href":"https:\/\/kulturbloggen.com\/index.php?rest_route=%2Fwp%2Fv2%2Fcomments&post=4474"}],"version-history":[{"count":0,"href":"https:\/\/kulturbloggen.com\/index.php?rest_route=\/wp\/v2\/posts\/4474\/revisions"}],"wp:attachment":[{"href":"https:\/\/kulturbloggen.com\/index.php?rest_route=%2Fwp%2Fv2%2Fmedia&parent=4474"}],"wp:term":[{"taxonomy":"category","embeddable":true,"href":"https:\/\/kulturbloggen.com\/index.php?rest_route=%2Fwp%2Fv2%2Fcategories&post=4474"},{"taxonomy":"post_tag","embeddable":true,"href":"https:\/\/kulturbloggen.com\/index.php?rest_route=%2Fwp%2Fv2%2Ftags&post=4474"}],"curies":[{"name":"wp","href":"https:\/\/api.w.org\/{rel}","templated":true}]}}