{"id":44711,"date":"2011-11-27T10:13:53","date_gmt":"2011-11-27T09:13:53","guid":{"rendered":"http:\/\/kulturbloggen.com\/?p=44711"},"modified":"2011-11-27T10:13:53","modified_gmt":"2011-11-27T09:13:53","slug":"ar-det-mansklighetens-sista-chans-att-ta-tag-i-problemen","status":"publish","type":"post","link":"https:\/\/kulturbloggen.com\/?p=44711","title":{"rendered":"\u00c4r det m\u00e4nsklighetens sista chans att ta tag i problemen?"},"content":{"rendered":"<p>Det h\u00e4r \u00e4r v\u00e4l helgen d\u00e5 de flesta har nyst\u00e4dat och b\u00f6rjar julpynta, eller \u00e5tminstone b\u00f6rjar med att s\u00e4tta upp adventsstj\u00e4rnor i f\u00f6nstren och plockar fram adventsljustakar och t\u00e4nder det f\u00f6rsta ljuset. Medan stearinljusets l\u00e5ga fladdrar njuter m\u00e5nga av doften av \u00e5rets f\u00f6rsta lussekatter eller knaprar p\u00e5 pepparkakor.<\/p>\n<p>M\u00e5nga, \u00f6verraskande m\u00e5nga, av mina v\u00e4nner och bekanta p\u00e5 Facebook har i sin statusrad under denna f\u00f6rsta advent-helg visat bilder p\u00e5 sin adventsljustake eller p\u00e5 annat s\u00e4tt uppm\u00e4rksammat sitt adventspyssel.<\/p>\n<p>Att v\u00e4dret d\u00e4remot inte alls \u00e4r som svensk vinter utan n\u00e5gon form av stormv\u00e4der fr\u00e5n brittiska \u00f6stkusten eller n\u00e5got g\u00f6r att det k\u00e4nns lite konstigt. <a href=\"http:\/\/www.dn.se\/nyheter\/sverige\/stormigt-adventsfirande-i-soder\">Ur DN<\/a>:<\/p>\n<blockquote><p>Redan tidigt p\u00e5 s\u00f6ndagsmorgonen bl\u00e5ste det rej\u00e4lt i s\u00f6dra Sverige d\u00e4r adventsfirarna v\u00e4ntas f\u00e5 s\u00e4llskap av stormen Berits lillasyster. SMHI har utf\u00e4rdat en klass 2-varning.<\/p>\n<p>\u2013 Det kommer att bl\u00e5sa mycket h\u00e5rda vindbyar i de st\u00f6rre delarna av G\u00f6taland. Under sen eftermiddag och kv\u00e4ll blir det som bl\u00e5sigast i Sk\u00e5ne upp l\u00e4ngs v\u00e4stkusten, s\u00e4ger SMHI:s meteorolog Linnea Rehn till DN.se.<\/p><\/blockquote>\n<p>Fast alltid n\u00e4r v\u00e4dret inte st\u00e4mmer med v\u00e5r f\u00f6rutfattade uppfattning om hur det ska vara skyller vi p\u00e5 klimatf\u00f6r\u00e4ndringarna och milj\u00f6f\u00f6rst\u00f6relsen. Lika ofta finns det n\u00e5gon som rotat i v\u00e4derhistoriens statistik och kan visa att f\u00f6rsta advent 1733 var det minns \u00e4nnu stormigare.<br \/>\nS\u00e5 vem ska man tro p\u00e5? <\/p>\n<p>\u00c4r det som m\u00e5nga aktiva inom milj\u00f6r\u00f6relsen nu h\u00e4vdar sista chansen att ta itu med klimatf\u00f6r\u00e4ndringarna. Tyv\u00e4rr verkar m\u00e5nga uppgivna inf\u00f6r alltihop.<\/p>\n<p><a href=\"http:\/\/svt.se\/2.22584\/1.2617771\/laga_forvantningar_infor_klimatmote\">SVT Nyheter:<\/a><\/p>\n<blockquote><p>Samtidigt som v\u00e4rldens utsl\u00e4pp forts\u00e4tter att \u00f6ka tr\u00e4ffas nu v\u00e4rldens n\u00e4stan 200 l\u00e4nder f\u00f6r att gemensamt hejda utsl\u00e4ppen och klimatf\u00f6r\u00e4ndringarna. Men f\u00f6rv\u00e4ntningarna \u00e4r l\u00e5ga p\u00e5 m\u00f6tet COP17 i Durban i Sydafrika mellan 28 november och 10 december.<br \/>\nIngen tror l\u00e4ngre p\u00e5 n\u00e5gon &#8221;gyllene paragraf&#8221; som l\u00f6ser problemet. Nu \u00e4r fr\u00e5gan &#8211; blir Kyotoavtalet f\u00f6rl\u00e4ngt?<\/p><\/blockquote>\n<p>Det \u00e4r f\u00f6rsta advent d\u00e5 detta skrivs. Runt om i kyrkorna kommer lokalerna att fyllas mer \u00e4n vanligt och pr\u00e4sterna kommer att tala utifr\u00e5n ordet &#8221;advent&#8221; som betyder ankomst, n\u00e5gon ska komma och vi r\u00e4knar ned inf\u00f6r detta, en f\u00f6rv\u00e4ntan sprids i l\u00f6ften. En ankomst.<br \/>\nInte vilken ankomst som helst utan sj\u00e4lva livets byggsten, sj\u00e4lva livet, sj\u00e4lva grundkraften, sanningen och livsanden, symboliserad i den man som fick namnet Jesus.<\/p>\n<p>Vad jag nu sitter och har lite ont i magen av \u00e4r om denna v\u00e4ntan p\u00e5 en ankomst \u00e4r en form av skygglappar? Skygglappar som fyller samma funktion som exempelvis kv\u00e4llstidningarnas envisa \u00e4ltande om hur viktiga varenda s\u00e4ljande detalj kring n\u00f6jesk\u00e4ndisar \u00e4r. <\/p>\n<p>Jo, det h\u00e4nder r\u00e4tt ofta att kv\u00e4llstidningarna s\u00e4ljer genom att skriva om v\u00e4dret &#8211; men d\u00e5 handlar det om att skr\u00e4mma upp folket ordentligt, med hot om att <a href=\"http:\/\/www.aftonbladet.se\/nyheter\/article13994031.ab\">en storm som \u00e4r \u00e4nnu mycket v\u00e4rre \u00e4n Berit \u00e4r p\u00e5 v\u00e4g.<\/a> Kanske \u00e4r det kv\u00e4lltidningarnas tolkning av advent\/ankomst?<\/p>\n<p>Kv\u00e4llstidningarna m\u00e5ste ju s\u00e4lja &#8211; \u00e4r argumentet. Men har de n\u00e5gonsin f\u00f6rs\u00f6kt s\u00e4lja genom mer seri\u00f6sa nyheter? Kan m\u00e4nskligheten inte intressera sig f\u00f6r viktiga saker &#8211; eller \u00e4r<a href=\"http:\/\/www.aftonbladet.se\/nojesbladet\/klick\/article13993648.ab\"> Noomi och Ola Rapaces skilsm\u00e4ssa<\/a> s\u00e5 mycket mer s\u00e4ljande och viktigare \u00e4n samh\u00e4llsfr\u00e5gor och klimatfr\u00e5gor?<\/p>\n<p><a href=\"http:\/\/svt.se\/2.22620\/1.2612739\/drommen_om_livet_pa_landet\">SVT sticker ut i mediev\u00e4rlden<\/a> med fler f\u00f6rdjupande artiklar. N\u00e4r de nu rapporterat fr\u00e5n det kommande klimatm\u00f6tet ber\u00e4ttar det om n\u00e5gra som tagit konkreta initiativ f\u00f6r att motverka klimathotet:<\/p>\n<blockquote><p>H\u00e4r t\u00e4nker de verkligen skapa sin dr\u00f6mg\u00e5rd &#8211; men inte ensamma, utan liksom med 100 Hus i samarbete med m\u00e5nga andra m\u00e4nniskor. John Higson r\u00e4knar med att omkring 20.000 m\u00e4nniskor mer eller mindre direkt kommer att ha n\u00e5gon form av engagemang i Dr\u00f6mg\u00e5rden och att uppemot 100.000 kan komma att ber\u00f6ras p\u00e5 ett eller annat s\u00e4tt.<br \/>\nTanken \u00e4r att m\u00e4nniskor ska kunna k\u00f6pa andelar i verksamheter och boende p\u00e5 den 200 hektar stora g\u00e5rden. Hela g\u00e5rden ska drivas klimatneutralt, dvs utan nettoutsl\u00e4pp av v\u00e4xthusgaser, med bl.a. solenergi, biogas och vindkraft samt pellets som tillverkas av tr\u00e4d som gallras ut i de omgivande skogarna.<\/p><\/blockquote>\n<p>Om jag vore pr\u00e4st och skulle predika kring ankomst idag skulle jag absolut tala om de m\u00e4nniskor som faktiskt f\u00f6rs\u00f6ker g\u00f6ra n\u00e5got f\u00f6r att v\u00e4rlden ska forts\u00e4tta att snurra i m\u00e5nga generationer till och som seri\u00f6st utforskar och testar metoder och s\u00e4tt att leva p\u00e5 ett vettigare s\u00e4tt. Att det finns s\u00e5dana m\u00e4nniskor, det om n\u00e5got ger hopp.<\/p>\n<p>Relaterat:<br \/>\n<a href=\"http:\/\/www.expressen.se\/nyheter\/1.2634441\/stormen-orsakar-tagkaos-och-elavbrott\">Expressen 1<\/a>, <a href=\"http:\/\/kvp.expressen.se\/nyheter\/1.2634341\/extremstorm-lika-stark-som-gudrun\">Expressen 2<\/a> och <a href=\"http:\/\/www.svd.se\/nyheter\/inrikes\/ny-storm-drar-in-over-sverige_6666726.svd\">Svenska Dagbladet.<\/a><\/p>\n<p>L\u00e4s \u00e4ven andra bloggares \u00e5sikter om <a href=\"http:\/\/bloggar.se\/om\/advent\" rel=\"tag\">advent<\/a>, <a href=\"http:\/\/bloggar.se\/om\/klimathotet\" rel=\"tag\">klimathotet<\/a>, <a href=\"http:\/\/bloggar.se\/om\/storm\" rel=\"tag\">storm<\/a>, <a href=\"http:\/\/bloggar.se\/om\/medier\" rel=\"tag\">medier<\/a><\/p>\n","protected":false},"excerpt":{"rendered":"<p>Det h\u00e4r \u00e4r v\u00e4l helgen d\u00e5 de flesta har nyst\u00e4dat och b\u00f6rjar julpynta, eller \u00e5tminstone b\u00f6rjar med att s\u00e4tta upp adventsstj\u00e4rnor i f\u00f6nstren och plockar fram adventsljustakar och t\u00e4nder det f\u00f6rsta ljuset. Medan stearinljusets l\u00e5ga fladdrar njuter m\u00e5nga av doften av \u00e5rets f\u00f6rsta lussekatter eller knaprar p\u00e5 pepparkakor. M\u00e5nga, \u00f6verraskande m\u00e5nga, av mina v\u00e4nner och [&hellip;]<\/p>\n","protected":false},"author":2,"featured_media":44712,"comment_status":"open","ping_status":"open","sticky":false,"template":"","format":"standard","meta":{"_genesis_hide_title":false,"_genesis_hide_breadcrumbs":false,"_genesis_hide_singular_image":false,"_genesis_hide_footer_widgets":false,"_genesis_custom_body_class":"","_genesis_custom_post_class":"","_genesis_layout":"","footnotes":""},"categories":[44],"tags":[2956,3582,6640],"class_list":{"0":"post-44711","1":"post","2":"type-post","3":"status-publish","4":"format-standard","5":"has-post-thumbnail","7":"category-chadie","8":"tag-klimathotet","9":"tag-medier","10":"tag-storm","11":"entry"},"_links":{"self":[{"href":"https:\/\/kulturbloggen.com\/index.php?rest_route=\/wp\/v2\/posts\/44711","targetHints":{"allow":["GET"]}}],"collection":[{"href":"https:\/\/kulturbloggen.com\/index.php?rest_route=\/wp\/v2\/posts"}],"about":[{"href":"https:\/\/kulturbloggen.com\/index.php?rest_route=\/wp\/v2\/types\/post"}],"author":[{"embeddable":true,"href":"https:\/\/kulturbloggen.com\/index.php?rest_route=\/wp\/v2\/users\/2"}],"replies":[{"embeddable":true,"href":"https:\/\/kulturbloggen.com\/index.php?rest_route=%2Fwp%2Fv2%2Fcomments&post=44711"}],"version-history":[{"count":1,"href":"https:\/\/kulturbloggen.com\/index.php?rest_route=\/wp\/v2\/posts\/44711\/revisions"}],"predecessor-version":[{"id":44713,"href":"https:\/\/kulturbloggen.com\/index.php?rest_route=\/wp\/v2\/posts\/44711\/revisions\/44713"}],"wp:featuredmedia":[{"embeddable":true,"href":"https:\/\/kulturbloggen.com\/index.php?rest_route=\/wp\/v2\/media\/44712"}],"wp:attachment":[{"href":"https:\/\/kulturbloggen.com\/index.php?rest_route=%2Fwp%2Fv2%2Fmedia&parent=44711"}],"wp:term":[{"taxonomy":"category","embeddable":true,"href":"https:\/\/kulturbloggen.com\/index.php?rest_route=%2Fwp%2Fv2%2Fcategories&post=44711"},{"taxonomy":"post_tag","embeddable":true,"href":"https:\/\/kulturbloggen.com\/index.php?rest_route=%2Fwp%2Fv2%2Ftags&post=44711"}],"curies":[{"name":"wp","href":"https:\/\/api.w.org\/{rel}","templated":true}]}}