{"id":4459,"date":"2008-11-15T22:15:27","date_gmt":"2008-11-15T21:15:27","guid":{"rendered":"http:\/\/kulturbloggen.com\/?p=4459"},"modified":"2008-11-15T22:15:27","modified_gmt":"2008-11-15T21:15:27","slug":"mote-med-park-hotell-ett-indieband-att-lagga-pa-minnet","status":"publish","type":"post","link":"https:\/\/kulturbloggen.com\/?p=4459","title":{"rendered":"Kulturbloggens M\u00f6te med Park Hotell &#8211; ett indieband att l\u00e4gga p\u00e5 minnet"},"content":{"rendered":"<p><strong>Ett popband med lugna och s\u00e4vliga norrl\u00e4nningar \u00e4r p\u00e5 v\u00e4g att sl\u00e5 sig p\u00e5 den svenska indiepophimlen. Debutskivan \u201dFree For Friends\u201d hyllas av musikkritiker och n\u00e4r Franz Ferdinand spelade i Stockholm var Lule\u00e5bandet Park Hotell f\u00f6rband p\u00e5 konserten som var uts\u00e5ld m\u00e5nader i f\u00f6rv\u00e4g.<\/strong><\/p>\n<p><img loading=\"lazy\" decoding=\"async\" src=\"http:\/\/sodergren.com\/kulturbloggen\/wp-content\/uploads\/2008\/11\/parkhotell260.jpg\" alt=\"\" title=\"parkhotell260\" width=\"260\" height=\"150\" class=\"alignright size-full wp-image-4462\" \/>Kulturbloggen satt p\u00e5 ett lugnt caf\u00e9 p\u00e5 Medborgarplatsen och pratade med gitarristen Jonas Teglund  och trummisen Mikael Yvesand i Park Hotell efter att de soundcheckat f\u00f6re spelningen.<br \/>\nAtt de var stressade och knappt hade tid att s\u00e4tta sig i en intervju syntes inte ett sp\u00e5r av.<\/p>\n<p>&#8211; Jo, vi \u00e4r nog typiskt norrl\u00e4ndska lugna och s\u00e4vliga och ganska trevliga, s\u00e4ger Mikael Yvesand och Jonas Teglund.<\/p>\n<p>Det hade verkligen k\u00f6rt ihop sig vid spelningen. Uppskjuten och f\u00f6rsenad soundcheck d\u00e5 huvudbandet Franz Ferdinand var f\u00f6rsenade och dessutom drog \u00f6ver tiden. Det har sina sidor att vara f\u00f6rband. Men Jonas och Mikael tar det med ro.<\/p>\n<p>Park Hotell har funnits i sex \u00e5r men nuvarande upps\u00e4ttning har spelat ihop i ett \u00e5r ungef\u00e4r och best\u00e5r av:<br \/>\n<em>Cristian Ramirez, s\u00e5ngare och gitarrist, startade bandet<br \/>\nJonas Teglund, gitarrist<br \/>\nMikael Yvesand, trummor<br \/>\nPetter Granberg, basist<br \/>\nTvillingarna Miriam och Johanna E Berhan som k\u00f6rar<\/em><\/p>\n<p>Bandet, f\u00f6rutom tjejerna, kommer fr\u00e5n Lule\u00e5.<\/p>\n<p><img loading=\"lazy\" decoding=\"async\" src=\"http:\/\/sodergren.com\/kulturbloggen\/wp-content\/uploads\/2008\/11\/jonas125.jpg\" alt=\"\" title=\"jonas125\" width=\"125\" height=\"250\" class=\"alignright size-full wp-image-4467\" \/>Lule\u00e5 \u00e4r en bra plats att bo p\u00e5 f\u00f6r ett band, tyckte de b\u00e5da.<\/p>\n<p>&#8211; Det \u00e4r helt suver\u00e4nt, d\u00e4r har h\u00e4nt s\u00e5 mycket, b\u00e5de politiskt och p\u00e5 andra s\u00e4tt, s\u00e4ger Jonas. Bland annat har en massa ungdomar styrt upp och fixat ett hus med replokaler. Ungdomar styr det sj\u00e4lva, det \u00e4r helt autonomt.<\/p>\n<p>&#8211; I folkmun kallas huset Punkhuset, ber\u00e4ttar Mikael.<\/p>\n<p><strong>Park Hotell repar d\u00e4r<\/strong> och hade releasefest f\u00f6r debutalbumet d\u00e4r. De spelade in skivan i b\u00f6rjan av i \u00e5r, men att det tagit s\u00e5 m\u00e5nga \u00e5r f\u00f6r bandet att sl\u00e4ppa ett debutalbum var inte direkt planerat.<\/p>\n<p>&#8211; Den f\u00f6rsta skivan spelades in 2003. Men det blev v\u00e4ldigt strul f\u00f6r han som hade skivbolaget f\u00f6rsvann, ber\u00e4ttar Jonas.<\/p>\n<p>Den skivan gavs aldrig ut, bara n\u00e5gra l\u00e5tar fr\u00e5n den sl\u00e4pptes p\u00e5  EP.<\/p>\n<p>Albumet har f\u00e5tt bra omd\u00f6men och framf\u00f6r allt har kritikerna fastnat f\u00f6r den fartfyllda l\u00e5ten Dead Ringers. Men n\u00e4r Kulturbloggen fr\u00e5gar vilket sp\u00e5r de \u00e4r mest n\u00f6jd med vill de inte lyfta fram n\u00e5gon s\u00e4rskild.<\/p>\n<p>&#8211; M\u00e5nga tycker s\u00e4kert Dear Ringers, f\u00f6r den kanske \u00e4r mest som en hit, men det \u00e4r sv\u00e5rt att s\u00e4ga vilken l\u00e5t vi \u00e4r mest n\u00f6jd med, de \u00e4r bra p\u00e5 olika s\u00e4tt, s\u00e4ger de.<\/p>\n<p><strong>Hur vill ni sj\u00e4lva beskriva er musik?<\/strong><br \/>\n&#8211; Gitarrindie, f\u00f6rmodar jag, svarar Jonas. Den bygger mycket p\u00e5 gitarr. L\u00e5tarna b\u00f6rjar ofta med gitarrslingor, r\u00e4tt invecklade.<\/p>\n<p><img loading=\"lazy\" decoding=\"async\" src=\"http:\/\/sodergren.com\/kulturbloggen\/wp-content\/uploads\/2008\/11\/mikael.jpg\" alt=\"\" title=\"mikael\" width=\"125\" height=\"175\" class=\"alignnone size-full wp-image-4469\" \/><strong>Hur kom det sig att ni blev f\u00f6rband \u00e5t Franz Ferdinand?<\/strong><br \/>\n&#8211; Det vet vi inte riktigt, men det gick r\u00e4tt snabbt. Konsertarrang\u00f6ren ringde i mitten av veckan och fr\u00e5gade, s\u00e4ger Mikael.<br \/>\n&#8211; Det var ren tur att vi kunde med s\u00e5 kort varsel, s\u00e4ger Jonas. Vi jobbar p\u00e5 olika st\u00e4llen och det \u00e4r inte alltid vi kan komma loss s\u00e5 snabbt.<br \/>\n<strong><br \/>\nVad lyssnar ni sj\u00e4lva p\u00e5 f\u00f6r musik?<\/strong><br \/>\n&#8211; Jag lyssnar mycket p\u00e5 Don Lennon, s\u00e4ger Mikael.<br \/>\n&#8211; F\u00f6r min del blir det mycket gubbrock, som Stones, Neil Young och Lynyrd Skynyrd, s\u00e4ger Jonas. Och gubbig jazz och gubbig klassisk mycket. Mycket gubbigt blir det. Och en del fr\u00e4sch indie. Fast kanske mest gubbindie, men band som var unga och fr\u00e4scha.<\/p>\n<p><strong>Text: Rosemari S\u00f6dergren<br \/>\nFoto: Jonatan S\u00f6dergren<\/strong><em><\/em><\/p>\n<p><a href=\"http:\/\/www.myspace.com\/parkhotell\">Lyssna p\u00e5 Park Hotell p\u00e5 deras MySpace.<\/a><\/p>\n<p><em><a href=\"http:\/\/kulturbloggen.com\/index.php?s=Park+Hotell&amp;x=9&amp;y=12\">H\u00e4r skrev Kulturbloggen om skivan.<\/a><\/em><\/p>\n<p><em><a href=\"http:\/\/www.parkhotell.net\/\">Park Hotells hemsida<\/a><\/em><\/p>\n<p><img loading=\"lazy\" decoding=\"async\" src=\"http:\/\/sodergren.com\/kulturbloggen\/wp-content\/uploads\/2008\/11\/parkhotell260a.jpg\" alt=\"\" title=\"parkhotell260a\" width=\"260\" height=\"150\" class=\"alignright size-full wp-image-4470\" \/><\/p>\n<p><em>Recensioner av skivan:<br \/>\n<a href=\"http:\/\/nojesguiden.se\/skivrecension\/park-hotell-free-friends\">N\u00f6jesguiden<\/a><br \/>\n<a href=\"http:\/\/www.svd.se\/kulturnoje\/musik\/artikel_1996571.svd\">Svenska Dagbladet<\/a><br \/>\n<a href=\"http:\/\/www.dn.se\/DNet\/jsp\/polopoly.jsp?d=2198&amp;a=848178\">Dagens Nyheter<\/a><br \/>\n<a href=\"http:\/\/dagensskiva.com\/2008\/10\/21\/park-hotell-free-for-friends\/\">Dagens Skiva<\/a><\/em><\/p>\n<p><img loading=\"lazy\" decoding=\"async\" src=\"http:\/\/sodergren.com\/kulturbloggen\/wp-content\/uploads\/2008\/11\/parkhotell400.jpg\" alt=\"\" title=\"parkhotell400\" width=\"400\" height=\"265\" class=\"aligncenter size-full wp-image-4464\" \/><\/p>\n<p>Andra bloggar om: <a href=\"http:\/\/bloggar.se\/om\/intervjuer\" rel=\"tag\">intervjuer<\/a>, <a href=\"http:\/\/bloggar.se\/om\/indie\" rel=\"tag\">indie<\/a>, <a href=\"http:\/\/bloggar.se\/om\/Debaser\" rel=\"tag\">Debaser<\/a>, <a href=\"http:\/\/bloggar.se\/om\/f%F6rband\" rel=\"tag\">f\u00f6rband<\/a>, <a href=\"http:\/\/bloggar.se\/om\/Park+Hotell\" rel=\"tag\">Park Hotell<\/a>, <a href=\"http:\/\/bloggar.se\/om\/Franz+Ferdinand\" rel=\"tag\">Franz Ferdinand<\/a>, <a href=\"http:\/\/bloggar.se\/om\/Park+Hotell\" rel=\"tag\">Park Hotell<\/a><\/p>\n","protected":false},"excerpt":{"rendered":"<p>Ett popband med lugna och s\u00e4vliga norrl\u00e4nningar \u00e4r p\u00e5 v\u00e4g att sl\u00e5 sig p\u00e5 den svenska indiepophimlen. Debutskivan \u201dFree For Friends\u201d hyllas av musikkritiker och n\u00e4r Franz Ferdinand spelade i Stockholm var Lule\u00e5bandet Park Hotell f\u00f6rband p\u00e5 konserten som var uts\u00e5ld m\u00e5nader i f\u00f6rv\u00e4g. Kulturbloggen satt p\u00e5 ett lugnt caf\u00e9 p\u00e5 Medborgarplatsen och pratade med [&hellip;]<\/p>\n","protected":false},"author":2,"featured_media":0,"comment_status":"open","ping_status":"open","sticky":false,"template":"","format":"standard","meta":{"_genesis_hide_title":false,"_genesis_hide_breadcrumbs":false,"_genesis_hide_singular_image":false,"_genesis_hide_footer_widgets":false,"_genesis_custom_body_class":"","_genesis_custom_post_class":"","_genesis_layout":"","footnotes":""},"categories":[5],"tags":[1187,1913,2467,2519],"class_list":{"0":"post-4459","1":"post","2":"type-post","3":"status-publish","4":"format-standard","6":"category-intervju","7":"tag-debaser","8":"tag-forband","9":"tag-indie","10":"tag-intervjuer","11":"entry"},"_links":{"self":[{"href":"https:\/\/kulturbloggen.com\/index.php?rest_route=\/wp\/v2\/posts\/4459","targetHints":{"allow":["GET"]}}],"collection":[{"href":"https:\/\/kulturbloggen.com\/index.php?rest_route=\/wp\/v2\/posts"}],"about":[{"href":"https:\/\/kulturbloggen.com\/index.php?rest_route=\/wp\/v2\/types\/post"}],"author":[{"embeddable":true,"href":"https:\/\/kulturbloggen.com\/index.php?rest_route=\/wp\/v2\/users\/2"}],"replies":[{"embeddable":true,"href":"https:\/\/kulturbloggen.com\/index.php?rest_route=%2Fwp%2Fv2%2Fcomments&post=4459"}],"version-history":[{"count":0,"href":"https:\/\/kulturbloggen.com\/index.php?rest_route=\/wp\/v2\/posts\/4459\/revisions"}],"wp:attachment":[{"href":"https:\/\/kulturbloggen.com\/index.php?rest_route=%2Fwp%2Fv2%2Fmedia&parent=4459"}],"wp:term":[{"taxonomy":"category","embeddable":true,"href":"https:\/\/kulturbloggen.com\/index.php?rest_route=%2Fwp%2Fv2%2Fcategories&post=4459"},{"taxonomy":"post_tag","embeddable":true,"href":"https:\/\/kulturbloggen.com\/index.php?rest_route=%2Fwp%2Fv2%2Ftags&post=4459"}],"curies":[{"name":"wp","href":"https:\/\/api.w.org\/{rel}","templated":true}]}}